{"id":51548,"date":"2021-08-01T20:43:54","date_gmt":"2021-08-02T01:43:54","guid":{"rendered":"http:\/\/toroestoro.com\/?p=51548"},"modified":"2021-08-01T20:53:41","modified_gmt":"2021-08-02T01:53:41","slug":"rebasando-por-derecho-jesus-sosa-arrebata-en-la-florecita","status":"publish","type":"post","link":"http:\/\/toroestoro.com\/?p=51548","title":{"rendered":"Rebasando por Derecho \u2013 Jes\u00fas Sosa Arrebata en La Florecita."},"content":{"rendered":"<h2 class=\"sub-title-primary\"><\/h2> <p><em>Otra vez Marr\u00f3n est\u00e1 a nada de echar a perder otro festejo novilleril. No se nos olvida el petardo grande en La M\u00e9xico en la \u00faltima temporada. Menos mal el ganadero estaba muy tranquilo, animado y disfrutando del jolgorio en el tendido. Enhorabuena. En tanto, sus novillos, pusieron la mansedumbre, el genio espantoso, la debilidad y soser\u00eda. Apenas el chispazo de casta y bravura del que cerr\u00f3 el festejo ha tra\u00eddo una combusti\u00f3n mayor generada por el tlaxcalteca Jes\u00fas Sosa, novillero que se ha mostrado con muchas m\u00e1s posibilidades, juventud y cualidades que el resto. Triunfo, salida a hombros, pero la repetici\u00f3n\u2026 en suspenso.<\/em><\/p>\n<p>Siempre es emocionante volver a Santa Cruz del Monte y su bell\u00edsima Plaza \u201cLa Florecita\u201d.<\/p>\n<p>La Plaza de Jorge Guti\u00e9rrez, de Valente Arellano, de Manolo Mej\u00eda, de un esplendor de formaci\u00f3n novilleril ya no visto. Ah\u00ed la visi\u00f3n del a\u00f1orado Lalo Cuevas, que extendi\u00f3 su \u00e9xito all\u00e1 en el viejo Rancho del Charro de Polanco hacia la naciente Ciudad Sat\u00e9lite. La Plaza est\u00e1 m\u00e1s viva que nunca, mantiene su patio de remates espa\u00f1oles, su c\u00f3moda grada, su techumbre bendita, su busto a \u201cDon Dificultades\u201d y su irrenunciable sabor torero.<\/p>\n<p>Y, precisamente, nos recuerda el \u201cOgro del Pino\u201d en sus \u201cConsejos a Un Joven Novillero\u201d, al responder la dura queja de los que intentan llegar a ser toreros: \u201c\u2026antes, en que hab\u00eda taurin\u00edsimo, seriedad, verg\u00fcenza y mucha afici\u00f3n, se pod\u00eda ser torero con m\u00e1s o menos dificultad, en cambio, ahora, a mayor afici\u00f3n y verg\u00fcenza, m\u00e1s dificultad hay para llegar a un sitio no digamos envidiable sino siquiera decente.\u201d Ese es, precisamente, el peligro m\u00e1s grande que enfrenta Jes\u00fas Sosa, triunfador de ayer, de solo maravillosos diecis\u00e9is a\u00f1os.<\/p>\n<p>No olvidemos. M\u00e9xico es primero en el escalaf\u00f3n mundial en no lograr toreros.<\/p>\n<p>Qu\u00e9 le queda al novillero, pregunta Don Jos\u00e9 Jim\u00e9nez Latap\u00ed, llenar, \u201ccomo dec\u00eda el Se\u00f1or Kipling\u201d, de combate brav\u00edo los sesenta segundos del minuto. Ayer Sosa, a diferencia de sus compa\u00f1eros de terna, arrebata desde la salida al tercio tras el paseo. Y no se malentienda. C\u00e9sar Pacheco, de Zacatecas, sale a torear sin complejo alguno, recibe a porta gayola, incluso, pese a no sujetar en las chicuelinas de recibo, despu\u00e9s, abre los brazos y baja las manos hasta la buena media. En el quite por gaoneras al agradable, negro bragado de pelea regular en el caballo, abusa en el remate, de nuevo de rodillas, y adelanta la suerte, se coloca en peligro, rompe la continuidad de la lidia y la imposibilidad de mostrar avance.<\/p>\n<p>Aun as\u00ed, su actuaci\u00f3n, animosa en banderillas y voluntariosa en la muleta, se estrella con la mansedumbre de un astado corto de raza, sus reacciones no corresponden a las de la especie que representa, su agresividad apagada ante la falta de casta y la capacidad de atacar y pelar reducida a tomar apenas el enga\u00f1o queriendo escapar del mismo la mayor de las veces.<\/p>\n<p>El pinchazo anula el triunfo y el zacatecano se da una vuelta. Gratis.<\/p>\n<p>La decepci\u00f3n es doble. Horrible es el c\u00e1rdeno claro, zacundo y de pescuezo de acorde\u00f3n, mansea de lo lindo y desarrolla genio, saca resabios y juega a la defensiva con patadas y cabezazos incluidos. Evidencia a todos los que lo enfrentan. Primero las cuadrillas, fuera de forma, ni el esfuerzo de Sergio Gonz\u00e1lez o las consabidas ma\u00f1as de los dem\u00e1s, esta vez, ni la patentada media vuelta y sobaquillo dejan m\u00e1s que un palo y al novillo reaccionando fatal. Estas reacciones, ocurren lo mismo en el tronco tlaxcalteca que en el zacatecano. Menos mal, Marr\u00f3n es de las consentidas. Alejandro Adame muestra su falta de talento y oficio pese a ser el m\u00e1s toreado de los cuatro. Desarmado, rebasado, agobiado, sin recursos o torer\u00eda, decepciona. Al menos, con tantos apoderados en el callej\u00f3n y el tendido, casi aseguramos, tendr\u00e1 m\u00e1s festejos formales y tentaderos que el resto. Al tiempo.<\/p>\n<p>Los lances de recibo Juan Querencia, de marino y oro, se cierran con el personal remate a una mano, esperanza de buen toreo. Avanza a los medios, marca trazo y abre camino. El trap\u00edo del tercero, carifosco y de cepas blancas, ilusiona pese a su mediana pelea en varas, pero\u2026 la vuelta de campana se carga todo. Incluso, nos da la impresi\u00f3n, tambi\u00e9n la ilusi\u00f3n del queretano que no tuvo enemigo al frente, pese a su temple y de tratar que el de Marr\u00f3n se encelara con la casta que nunca aparece. Pinchazos y estocada.<\/p>\n<p>Vuelta algo r\u00e1pida, no obstante, apunta el toreo despacio.<\/p>\n<p>Para el cuarto, el p\u00fablico cari\u00f1oso y la Banda que toca con fe, alumbran la salida de un alto, largo, estrecho, bien armado y negro novillo que recibe a porta gayola atropellando pero ya, de pie, todo el mando y el sentimiento del toreo m\u00e1s acabado a la ver\u00f3nica del debutante tlaxcalteca, Jes\u00fas Sosa, recorren medio ruedo, a comp\u00e1s abierto, con un capote ya de mucha brega, un terno prestado que no le ajusta pero que poco importa cuando se gusta en la piramidal ver\u00f3nica y la sensacional media por el izquierdo a plenos medios. Si tan solo hubiera tra\u00eddo calada la montera\u2026<\/p>\n<p>Qu\u00e9 mejor lograda la manera de Ortiz, bordada la tapat\u00eda para dejar en suerte al novillo. Por las afueras torea la embestida del novillo, templado el lance que apunta a los medios, al paso el torero por el sitio que abandona el astado y, ya hacia dentro, la rebolera deja al novillo a la distancia exacta para empujar fuerte y recibir castigo exacto, ni m\u00e1s ni menos, por Carlos Dom\u00ednguez hijo que se desquita tras dejar crudo al terrible segundo. Sosa por saltilleras, toreando no dejando pasar, dibuja la curva de arriba a abajo que cae sobre los lomos y brinda aire al novillo mientras la planta se mantiene quieta. Y la cintura se recrea en otra rebolera por pit\u00f3n derecho en la que traga la cara alta saliendo adelante.<\/p>\n<p>La Plaza est\u00e1, de un momento a otro, envuelta en emoci\u00f3n.<\/p>\n<p>Para entonces, Sosa, nuevo aun, pero con un colmillo de lobo joven y sano, pide tres pares de banderillas, consulta a Adame su incursi\u00f3n en banderillas, el hidroc\u00e1lido dice no. Entonces, se le va por delante al invitado Pacheco que luce en su intervenci\u00f3n como lo ha hecho en los dos primeros pares en su turno. Sosa, a cabeza pasada en el primer par, hace quite al zacatecano a cuerpo limpio y cierra, sin mucha precisi\u00f3n, con el viol\u00edn cerrado en tablas. Entusiasmo y ovaciones.<\/p>\n<p>Brindis a la Afici\u00f3n y a \u201cZotoluco\u201d que de pronto baja al callej\u00f3n. Se aferra al inici\u00f3 por alto y, por pit\u00f3n izquierdo, en lo corto lo logra. El muchacho, pinreles quietos, remata los ayudados con el de pecho, aut\u00e9ntico, rematado a lo m\u00e1s alto que lo mismo alivia que castiga. De cartel. Su faena trae los colores fuertes, las sensaciones extremas de la mocedad y la autenticidad taurina, temple por la derecha, el mejor pit\u00f3n y aguante por la zurda, flanco dif\u00edcil para un novillo que prueba en el sitio. Ah\u00ed, un solo natural, de aguante pleno y toque a tiempo, marca el camino que culmina en dosantina y ranchera.<\/p>\n<p>Esa dosantina la remata con trincherazo sensacional, de asombro.<\/p>\n<p>Tira de la bernadina, de un volapi\u00e9 entero en la suerte contraria, fulminante donde es golpeado sin consecuencias. Dos orejas de plena ley y un arrastre lento inexplicable, ojal\u00e1, el ganadero se ponga a mano con el chaval que le rescata de un nuevo petardo.<\/p>\n<p>El camino es muy largo, aun, para Jes\u00fas Sosa, pese al triunfo pocas cosas se vislumbran. Nos dice la poetisa Gabriela Cuevas, tan ligada a esta plaza, tan espl\u00e9ndida en el lance a la ver\u00f3nica y en la suerte suprema de las letras, \u201cPodr\u00e1 haber escepticismo, cansancio o decepci\u00f3n mas no amargura\u201d, lo dec\u00eda refiri\u00e9ndose a \u201cDon Dificultades\u201d, solo que \u201cla decepci\u00f3n acarrea el comportamiento de los otros, la amargura es la decepci\u00f3n de uno mismo.\u201d Que no se angustie Jes\u00fas Sosa<br \/>\nMenos por esas dos actitudes tan extendidas en la Fiesta, m\u00e1s en nuestros lares, menos porque, ya mismo, no est\u00e9 anunciado ya en otras plazas.<\/p>\n<p>\u201cLas pasiones desbordadas no tienen dique alguno\u201d.<\/p>\n<p>Que eso es lo que su toreo consigue ayer en pleno Santa Cruz del Monte.<\/p>\n<p style=\"text-align: right;\">\nTwitter: @CaballoNegroII.<\/p>\n<p><strong>RESUMEN DEL FESTEJO.<\/strong><br \/>\n<em>Plaza de Toros \u201cLa Florecita\u201d. Serial \u201cSemillero de Ilusiones\u201d Festejo Inaugural. Menos de media plaza en tarde nublada y soleada, ligero viento al inicio de la lidia del cuarto. El festejo comenz\u00f3 indebidamente media hora despu\u00e9s de lo anunciado, al parecer, por una ilegal intromisi\u00f3n de la Autoridad Municipal. Fatal el Palco, al cambiar por indicaci\u00f3n de gente en el tendido el tercio de banderillas con un solo palo en el morrillo del complicado segundo. Un desorden la vendimia en el tendido incidiendo en distintos momentos de la lidia, ni Autoridad ni Empresa toman acciones.<\/em><\/p>\n<p>4 novillos; 4 de Marr\u00f3n (Divisa Marr\u00f3n, Naranja y Verde) bien presentados con excepci\u00f3n del feo y zancudo segundo. Bien hecho el bonito primero, as\u00ed como los lidiados en tercero y cuarto lugar. Este \u00faltimo tuvo casta no obstante la tendencia a distraerse en distintos momentos con la muleta.<br \/>\nEl cuarto de la tarde, n\u00famero 104, \u201cVentilador\u201d nombrado fue homenajeado con un exagerado Arrastre Lento al ir el novillo a menos y tener menos recorrido por el pit\u00f3n izquierdo.<\/p>\n<p><strong>C\u00e9sar Pacheco<\/strong> (Sangre de Toro y Oro) Vuelta por su cuenta; Alejandro Adame (Rosa y Oro) Silencio; Juan Querencia (Marino y Oro) Vuelta por su cuenta; Jes\u00fas Sosa (Celeste y Oro) Dos Orejas. Sali\u00f3 a Hombros.<\/p>\n<p>Mal las cuadrillas durante el segundo tercio de la lidia del c\u00e1rdeno segundo, desentrenadas y fuera de forma, evidenciadas totalmente. Destaca a caballo Carlos Dom\u00ednguez M\u00e1rquez al picar al primero.<\/p>\n<p>Reporta el Doctor Jorge Uribe Camacho (CMSICT) que el cuarto espada sufri\u00f3 golpes y contusiones tras entrar a matar al que cierra plaza sin trascender a mayores luego de ser atendido y revisado por su equipo de param\u00e9dicos, as\u00ed como por el Dr. Ra\u00fal Arag\u00f3n, especialista traumat\u00f3logo y el MIP Yael Acevedo.<\/p>\n","protected":false},"excerpt":{"rendered":"<p>Otra vez Marr\u00f3n est\u00e1 a nada de echar a perder otro festejo novilleril. No se nos olvida el petardo grande en La M\u00e9xico en la \u00faltima temporada. Menos mal el ganadero estaba muy tranquilo, animado y disfrutando del jolgorio en el tendido. Enhorabuena. En tanto,&#8230;<\/p>\n","protected":false},"author":19,"featured_media":51549,"comment_status":"open","ping_status":"open","sticky":false,"template":"","format":"standard","meta":{"ngg_post_thumbnail":0,"jetpack_post_was_ever_published":false,"_jetpack_newsletter_access":"","_jetpack_dont_email_post_to_subs":false,"_jetpack_newsletter_tier_id":0,"_jetpack_memberships_contains_paywalled_content":false,"_jetpack_memberships_contains_paid_content":false,"footnotes":""},"categories":[399,477],"tags":[224,505,480,280,297,503,504,502],"class_list":["post-51548","post","type-post","status-publish","format-standard","has-post-thumbnail","hentry","category-399","category-la-florecita","tag-adame","tag-caballonegro","tag-florecita","tag-jesus","tag-la","tag-marron","tag-maya","tag-sosa"],"yoast_head":"<!-- This site is optimized with the Yoast SEO plugin v27.5 - https:\/\/yoast.com\/product\/yoast-seo-wordpress\/ -->\n<title>Rebasando por Derecho \u2013 Jes\u00fas Sosa Arrebata en La Florecita. - toroestoro<\/title>\n<meta name=\"description\" content=\"Otra vez Marr\u00f3n est\u00e1 a nada de echar a perder otro festejo novilleril. No se nos olvida el petardo grande en La M\u00e9xico en la \u00faltima temporada. Menos mal el ganadero estaba muy tranquilo, animado y disfrutando del jolgorio en el tendido. Enhorabuena. En tanto, sus novillos, pusieron la mansedumbre, el genio espantoso, la debilidad y soser\u00eda. Apenas el chispazo de casta y bravura del que cerr\u00f3 el festejo ha tra\u00eddo una combusti\u00f3n mayor generada por el tlaxcalteca Jes\u00fas Sosa, novillero que se ha mostrado con muchas m\u00e1s posibilidades, juventud y cualidades que el resto. Triunfo, salida a hombros, pero la repetici\u00f3n\u2026 en suspenso.\" \/>\n<meta name=\"robots\" content=\"index, follow, max-snippet:-1, max-image-preview:large, max-video-preview:-1\" \/>\n<link rel=\"canonical\" href=\"http:\/\/toroestoro.com\/?p=51548\" \/>\n<meta property=\"og:locale\" content=\"es_MX\" \/>\n<meta property=\"og:type\" content=\"article\" \/>\n<meta property=\"og:title\" content=\"Rebasando por Derecho \u2013 Jes\u00fas Sosa Arrebata en La Florecita. - toroestoro\" \/>\n<meta property=\"og:description\" content=\"Otra vez Marr\u00f3n est\u00e1 a nada de echar a perder otro festejo novilleril. No se nos olvida el petardo grande en La M\u00e9xico en la \u00faltima temporada. Menos mal el ganadero estaba muy tranquilo, animado y disfrutando del jolgorio en el tendido. Enhorabuena. En tanto, sus novillos, pusieron la mansedumbre, el genio espantoso, la debilidad y soser\u00eda. Apenas el chispazo de casta y bravura del que cerr\u00f3 el festejo ha tra\u00eddo una combusti\u00f3n mayor generada por el tlaxcalteca Jes\u00fas Sosa, novillero que se ha mostrado con muchas m\u00e1s posibilidades, juventud y cualidades que el resto. Triunfo, salida a hombros, pero la repetici\u00f3n\u2026 en suspenso.\" \/>\n<meta property=\"og:url\" content=\"http:\/\/toroestoro.com\/?p=51548\" \/>\n<meta property=\"og:site_name\" content=\"toroestoro\" \/>\n<meta property=\"article:publisher\" content=\"https:\/\/www.facebook.com\/toroestoro\" \/>\n<meta property=\"article:published_time\" content=\"2021-08-02T01:43:54+00:00\" \/>\n<meta property=\"article:modified_time\" content=\"2021-08-02T01:53:41+00:00\" \/>\n<meta property=\"og:image\" content=\"https:\/\/i0.wp.com\/toroestoro.com\/wp-content\/uploads\/2021\/08\/jesussosaflor30072021.jpg?fit=600%2C490\" \/>\n\t<meta property=\"og:image:width\" content=\"600\" \/>\n\t<meta property=\"og:image:height\" content=\"490\" \/>\n\t<meta property=\"og:image:type\" content=\"image\/jpeg\" \/>\n<meta name=\"author\" content=\"Luis Eduardo Maya\" \/>\n<meta name=\"twitter:card\" content=\"summary_large_image\" \/>\n<meta name=\"twitter:creator\" content=\"@toroestoro\" \/>\n<meta name=\"twitter:site\" content=\"@toroestoro\" \/>\n<meta name=\"twitter:label1\" content=\"Escrito por\" \/>\n\t<meta name=\"twitter:data1\" content=\"Luis Eduardo Maya\" \/>\n\t<meta name=\"twitter:label2\" content=\"Tiempo de lectura\" \/>\n\t<meta name=\"twitter:data2\" content=\"8 minutos\" \/>\n<script type=\"application\/ld+json\" class=\"yoast-schema-graph\">{\"@context\":\"https:\\\/\\\/schema.org\",\"@graph\":[{\"@type\":\"Article\",\"@id\":\"http:\\\/\\\/toroestoro.com\\\/?p=51548#article\",\"isPartOf\":{\"@id\":\"http:\\\/\\\/toroestoro.com\\\/?p=51548\"},\"author\":{\"name\":\"Luis Eduardo Maya\",\"@id\":\"http:\\\/\\\/toroestoro.com\\\/#\\\/schema\\\/person\\\/f5357d1961c62d65217c4e22b956ab03\"},\"headline\":\"Rebasando por Derecho \u2013 Jes\u00fas Sosa Arrebata en La Florecita.\",\"datePublished\":\"2021-08-02T01:43:54+00:00\",\"dateModified\":\"2021-08-02T01:53:41+00:00\",\"mainEntityOfPage\":{\"@id\":\"http:\\\/\\\/toroestoro.com\\\/?p=51548\"},\"wordCount\":1788,\"commentCount\":0,\"publisher\":{\"@id\":\"http:\\\/\\\/toroestoro.com\\\/#organization\"},\"image\":{\"@id\":\"http:\\\/\\\/toroestoro.com\\\/?p=51548#primaryimage\"},\"thumbnailUrl\":\"https:\\\/\\\/i0.wp.com\\\/toroestoro.com\\\/wp-content\\\/uploads\\\/2021\\\/08\\\/jesussosaflor30072021.jpg?fit=600%2C490\",\"keywords\":[\"adame\",\"caballonegro\",\"florecita\",\"jesus\",\"la\",\"marron\",\"maya\",\"sosa\"],\"articleSection\":[\"2021\",\"La Florecita\"],\"inLanguage\":\"es\",\"potentialAction\":[{\"@type\":\"CommentAction\",\"name\":\"Comment\",\"target\":[\"http:\\\/\\\/toroestoro.com\\\/?p=51548#respond\"]}]},{\"@type\":\"WebPage\",\"@id\":\"http:\\\/\\\/toroestoro.com\\\/?p=51548\",\"url\":\"http:\\\/\\\/toroestoro.com\\\/?p=51548\",\"name\":\"Rebasando por Derecho \u2013 Jes\u00fas Sosa Arrebata en La Florecita. - toroestoro\",\"isPartOf\":{\"@id\":\"http:\\\/\\\/toroestoro.com\\\/#website\"},\"primaryImageOfPage\":{\"@id\":\"http:\\\/\\\/toroestoro.com\\\/?p=51548#primaryimage\"},\"image\":{\"@id\":\"http:\\\/\\\/toroestoro.com\\\/?p=51548#primaryimage\"},\"thumbnailUrl\":\"https:\\\/\\\/i0.wp.com\\\/toroestoro.com\\\/wp-content\\\/uploads\\\/2021\\\/08\\\/jesussosaflor30072021.jpg?fit=600%2C490\",\"datePublished\":\"2021-08-02T01:43:54+00:00\",\"dateModified\":\"2021-08-02T01:53:41+00:00\",\"description\":\"Otra vez Marr\u00f3n est\u00e1 a nada de echar a perder otro festejo novilleril. No se nos olvida el petardo grande en La M\u00e9xico en la \u00faltima temporada. Menos mal el ganadero estaba muy tranquilo, animado y disfrutando del jolgorio en el tendido. Enhorabuena. En tanto, sus novillos, pusieron la mansedumbre, el genio espantoso, la debilidad y soser\u00eda. Apenas el chispazo de casta y bravura del que cerr\u00f3 el festejo ha tra\u00eddo una combusti\u00f3n mayor generada por el tlaxcalteca Jes\u00fas Sosa, novillero que se ha mostrado con muchas m\u00e1s posibilidades, juventud y cualidades que el resto. Triunfo, salida a hombros, pero la repetici\u00f3n\u2026 en suspenso.\",\"breadcrumb\":{\"@id\":\"http:\\\/\\\/toroestoro.com\\\/?p=51548#breadcrumb\"},\"inLanguage\":\"es\",\"potentialAction\":[{\"@type\":\"ReadAction\",\"target\":[\"http:\\\/\\\/toroestoro.com\\\/?p=51548\"]}]},{\"@type\":\"ImageObject\",\"inLanguage\":\"es\",\"@id\":\"http:\\\/\\\/toroestoro.com\\\/?p=51548#primaryimage\",\"url\":\"https:\\\/\\\/i0.wp.com\\\/toroestoro.com\\\/wp-content\\\/uploads\\\/2021\\\/08\\\/jesussosaflor30072021.jpg?fit=600%2C490\",\"contentUrl\":\"https:\\\/\\\/i0.wp.com\\\/toroestoro.com\\\/wp-content\\\/uploads\\\/2021\\\/08\\\/jesussosaflor30072021.jpg?fit=600%2C490\",\"width\":600,\"height\":490},{\"@type\":\"BreadcrumbList\",\"@id\":\"http:\\\/\\\/toroestoro.com\\\/?p=51548#breadcrumb\",\"itemListElement\":[{\"@type\":\"ListItem\",\"position\":1,\"name\":\"Inicio\",\"item\":\"http:\\\/\\\/toroestoro.com\\\/\"},{\"@type\":\"ListItem\",\"position\":2,\"name\":\"Rebasando por Derecho \u2013 Jes\u00fas Sosa Arrebata en La Florecita.\"}]},{\"@type\":\"WebSite\",\"@id\":\"http:\\\/\\\/toroestoro.com\\\/#website\",\"url\":\"http:\\\/\\\/toroestoro.com\\\/\",\"name\":\"toroestoro\",\"description\":\"Por Amor al Arte\",\"publisher\":{\"@id\":\"http:\\\/\\\/toroestoro.com\\\/#organization\"},\"potentialAction\":[{\"@type\":\"SearchAction\",\"target\":{\"@type\":\"EntryPoint\",\"urlTemplate\":\"http:\\\/\\\/toroestoro.com\\\/?s={search_term_string}\"},\"query-input\":{\"@type\":\"PropertyValueSpecification\",\"valueRequired\":true,\"valueName\":\"search_term_string\"}}],\"inLanguage\":\"es\"},{\"@type\":\"Organization\",\"@id\":\"http:\\\/\\\/toroestoro.com\\\/#organization\",\"name\":\"toroestoro\",\"url\":\"http:\\\/\\\/toroestoro.com\\\/\",\"logo\":{\"@type\":\"ImageObject\",\"inLanguage\":\"es\",\"@id\":\"http:\\\/\\\/toroestoro.com\\\/#\\\/schema\\\/logo\\\/image\\\/\",\"url\":\"http:\\\/\\\/toroestoro.com\\\/wp-content\\\/uploads\\\/2021\\\/07\\\/favico.jpg\",\"contentUrl\":\"http:\\\/\\\/toroestoro.com\\\/wp-content\\\/uploads\\\/2021\\\/07\\\/favico.jpg\",\"width\":512,\"height\":512,\"caption\":\"toroestoro\"},\"image\":{\"@id\":\"http:\\\/\\\/toroestoro.com\\\/#\\\/schema\\\/logo\\\/image\\\/\"},\"sameAs\":[\"https:\\\/\\\/www.facebook.com\\\/toroestoro\",\"https:\\\/\\\/x.com\\\/toroestoro\",\"https:\\\/\\\/www.instagram.com\\\/todoestoro\"]},{\"@type\":\"Person\",\"@id\":\"http:\\\/\\\/toroestoro.com\\\/#\\\/schema\\\/person\\\/f5357d1961c62d65217c4e22b956ab03\",\"name\":\"Luis Eduardo Maya\",\"image\":{\"@type\":\"ImageObject\",\"inLanguage\":\"es\",\"@id\":\"https:\\\/\\\/secure.gravatar.com\\\/avatar\\\/47f6c5c9633b969b5fc2dbe68dcc7c7167a518f509d0105d60b9f26b1b062fa8?s=96&d=mm&r=g\",\"url\":\"https:\\\/\\\/secure.gravatar.com\\\/avatar\\\/47f6c5c9633b969b5fc2dbe68dcc7c7167a518f509d0105d60b9f26b1b062fa8?s=96&d=mm&r=g\",\"contentUrl\":\"https:\\\/\\\/secure.gravatar.com\\\/avatar\\\/47f6c5c9633b969b5fc2dbe68dcc7c7167a518f509d0105d60b9f26b1b062fa8?s=96&d=mm&r=g\",\"caption\":\"Luis Eduardo Maya\"},\"url\":\"http:\\\/\\\/toroestoro.com\\\/?author=19\"}]}<\/script>\n<!-- \/ Yoast SEO plugin. -->","yoast_head_json":{"title":"Rebasando por Derecho \u2013 Jes\u00fas Sosa Arrebata en La Florecita. - toroestoro","description":"Otra vez Marr\u00f3n est\u00e1 a nada de echar a perder otro festejo novilleril. No se nos olvida el petardo grande en La M\u00e9xico en la \u00faltima temporada. Menos mal el ganadero estaba muy tranquilo, animado y disfrutando del jolgorio en el tendido. Enhorabuena. En tanto, sus novillos, pusieron la mansedumbre, el genio espantoso, la debilidad y soser\u00eda. Apenas el chispazo de casta y bravura del que cerr\u00f3 el festejo ha tra\u00eddo una combusti\u00f3n mayor generada por el tlaxcalteca Jes\u00fas Sosa, novillero que se ha mostrado con muchas m\u00e1s posibilidades, juventud y cualidades que el resto. Triunfo, salida a hombros, pero la repetici\u00f3n\u2026 en suspenso.","robots":{"index":"index","follow":"follow","max-snippet":"max-snippet:-1","max-image-preview":"max-image-preview:large","max-video-preview":"max-video-preview:-1"},"canonical":"http:\/\/toroestoro.com\/?p=51548","og_locale":"es_MX","og_type":"article","og_title":"Rebasando por Derecho \u2013 Jes\u00fas Sosa Arrebata en La Florecita. - toroestoro","og_description":"Otra vez Marr\u00f3n est\u00e1 a nada de echar a perder otro festejo novilleril. No se nos olvida el petardo grande en La M\u00e9xico en la \u00faltima temporada. Menos mal el ganadero estaba muy tranquilo, animado y disfrutando del jolgorio en el tendido. Enhorabuena. En tanto, sus novillos, pusieron la mansedumbre, el genio espantoso, la debilidad y soser\u00eda. Apenas el chispazo de casta y bravura del que cerr\u00f3 el festejo ha tra\u00eddo una combusti\u00f3n mayor generada por el tlaxcalteca Jes\u00fas Sosa, novillero que se ha mostrado con muchas m\u00e1s posibilidades, juventud y cualidades que el resto. Triunfo, salida a hombros, pero la repetici\u00f3n\u2026 en suspenso.","og_url":"http:\/\/toroestoro.com\/?p=51548","og_site_name":"toroestoro","article_publisher":"https:\/\/www.facebook.com\/toroestoro","article_published_time":"2021-08-02T01:43:54+00:00","article_modified_time":"2021-08-02T01:53:41+00:00","og_image":[{"width":600,"height":490,"url":"https:\/\/i0.wp.com\/toroestoro.com\/wp-content\/uploads\/2021\/08\/jesussosaflor30072021.jpg?fit=600%2C490","type":"image\/jpeg"}],"author":"Luis Eduardo Maya","twitter_card":"summary_large_image","twitter_creator":"@toroestoro","twitter_site":"@toroestoro","twitter_misc":{"Escrito por":"Luis Eduardo Maya","Tiempo de lectura":"8 minutos"},"schema":{"@context":"https:\/\/schema.org","@graph":[{"@type":"Article","@id":"http:\/\/toroestoro.com\/?p=51548#article","isPartOf":{"@id":"http:\/\/toroestoro.com\/?p=51548"},"author":{"name":"Luis Eduardo Maya","@id":"http:\/\/toroestoro.com\/#\/schema\/person\/f5357d1961c62d65217c4e22b956ab03"},"headline":"Rebasando por Derecho \u2013 Jes\u00fas Sosa Arrebata en La Florecita.","datePublished":"2021-08-02T01:43:54+00:00","dateModified":"2021-08-02T01:53:41+00:00","mainEntityOfPage":{"@id":"http:\/\/toroestoro.com\/?p=51548"},"wordCount":1788,"commentCount":0,"publisher":{"@id":"http:\/\/toroestoro.com\/#organization"},"image":{"@id":"http:\/\/toroestoro.com\/?p=51548#primaryimage"},"thumbnailUrl":"https:\/\/i0.wp.com\/toroestoro.com\/wp-content\/uploads\/2021\/08\/jesussosaflor30072021.jpg?fit=600%2C490","keywords":["adame","caballonegro","florecita","jesus","la","marron","maya","sosa"],"articleSection":["2021","La Florecita"],"inLanguage":"es","potentialAction":[{"@type":"CommentAction","name":"Comment","target":["http:\/\/toroestoro.com\/?p=51548#respond"]}]},{"@type":"WebPage","@id":"http:\/\/toroestoro.com\/?p=51548","url":"http:\/\/toroestoro.com\/?p=51548","name":"Rebasando por Derecho \u2013 Jes\u00fas Sosa Arrebata en La Florecita. - toroestoro","isPartOf":{"@id":"http:\/\/toroestoro.com\/#website"},"primaryImageOfPage":{"@id":"http:\/\/toroestoro.com\/?p=51548#primaryimage"},"image":{"@id":"http:\/\/toroestoro.com\/?p=51548#primaryimage"},"thumbnailUrl":"https:\/\/i0.wp.com\/toroestoro.com\/wp-content\/uploads\/2021\/08\/jesussosaflor30072021.jpg?fit=600%2C490","datePublished":"2021-08-02T01:43:54+00:00","dateModified":"2021-08-02T01:53:41+00:00","description":"Otra vez Marr\u00f3n est\u00e1 a nada de echar a perder otro festejo novilleril. No se nos olvida el petardo grande en La M\u00e9xico en la \u00faltima temporada. Menos mal el ganadero estaba muy tranquilo, animado y disfrutando del jolgorio en el tendido. Enhorabuena. En tanto, sus novillos, pusieron la mansedumbre, el genio espantoso, la debilidad y soser\u00eda. Apenas el chispazo de casta y bravura del que cerr\u00f3 el festejo ha tra\u00eddo una combusti\u00f3n mayor generada por el tlaxcalteca Jes\u00fas Sosa, novillero que se ha mostrado con muchas m\u00e1s posibilidades, juventud y cualidades que el resto. Triunfo, salida a hombros, pero la repetici\u00f3n\u2026 en suspenso.","breadcrumb":{"@id":"http:\/\/toroestoro.com\/?p=51548#breadcrumb"},"inLanguage":"es","potentialAction":[{"@type":"ReadAction","target":["http:\/\/toroestoro.com\/?p=51548"]}]},{"@type":"ImageObject","inLanguage":"es","@id":"http:\/\/toroestoro.com\/?p=51548#primaryimage","url":"https:\/\/i0.wp.com\/toroestoro.com\/wp-content\/uploads\/2021\/08\/jesussosaflor30072021.jpg?fit=600%2C490","contentUrl":"https:\/\/i0.wp.com\/toroestoro.com\/wp-content\/uploads\/2021\/08\/jesussosaflor30072021.jpg?fit=600%2C490","width":600,"height":490},{"@type":"BreadcrumbList","@id":"http:\/\/toroestoro.com\/?p=51548#breadcrumb","itemListElement":[{"@type":"ListItem","position":1,"name":"Inicio","item":"http:\/\/toroestoro.com\/"},{"@type":"ListItem","position":2,"name":"Rebasando por Derecho \u2013 Jes\u00fas Sosa Arrebata en La Florecita."}]},{"@type":"WebSite","@id":"http:\/\/toroestoro.com\/#website","url":"http:\/\/toroestoro.com\/","name":"toroestoro","description":"Por Amor al Arte","publisher":{"@id":"http:\/\/toroestoro.com\/#organization"},"potentialAction":[{"@type":"SearchAction","target":{"@type":"EntryPoint","urlTemplate":"http:\/\/toroestoro.com\/?s={search_term_string}"},"query-input":{"@type":"PropertyValueSpecification","valueRequired":true,"valueName":"search_term_string"}}],"inLanguage":"es"},{"@type":"Organization","@id":"http:\/\/toroestoro.com\/#organization","name":"toroestoro","url":"http:\/\/toroestoro.com\/","logo":{"@type":"ImageObject","inLanguage":"es","@id":"http:\/\/toroestoro.com\/#\/schema\/logo\/image\/","url":"http:\/\/toroestoro.com\/wp-content\/uploads\/2021\/07\/favico.jpg","contentUrl":"http:\/\/toroestoro.com\/wp-content\/uploads\/2021\/07\/favico.jpg","width":512,"height":512,"caption":"toroestoro"},"image":{"@id":"http:\/\/toroestoro.com\/#\/schema\/logo\/image\/"},"sameAs":["https:\/\/www.facebook.com\/toroestoro","https:\/\/x.com\/toroestoro","https:\/\/www.instagram.com\/todoestoro"]},{"@type":"Person","@id":"http:\/\/toroestoro.com\/#\/schema\/person\/f5357d1961c62d65217c4e22b956ab03","name":"Luis Eduardo Maya","image":{"@type":"ImageObject","inLanguage":"es","@id":"https:\/\/secure.gravatar.com\/avatar\/47f6c5c9633b969b5fc2dbe68dcc7c7167a518f509d0105d60b9f26b1b062fa8?s=96&d=mm&r=g","url":"https:\/\/secure.gravatar.com\/avatar\/47f6c5c9633b969b5fc2dbe68dcc7c7167a518f509d0105d60b9f26b1b062fa8?s=96&d=mm&r=g","contentUrl":"https:\/\/secure.gravatar.com\/avatar\/47f6c5c9633b969b5fc2dbe68dcc7c7167a518f509d0105d60b9f26b1b062fa8?s=96&d=mm&r=g","caption":"Luis Eduardo Maya"},"url":"http:\/\/toroestoro.com\/?author=19"}]}},"jetpack_featured_media_url":"https:\/\/i0.wp.com\/toroestoro.com\/wp-content\/uploads\/2021\/08\/jesussosaflor30072021.jpg?fit=600%2C490","jetpack_likes_enabled":true,"jetpack_sharing_enabled":true,"_links":{"self":[{"href":"http:\/\/toroestoro.com\/index.php?rest_route=\/wp\/v2\/posts\/51548","targetHints":{"allow":["GET"]}}],"collection":[{"href":"http:\/\/toroestoro.com\/index.php?rest_route=\/wp\/v2\/posts"}],"about":[{"href":"http:\/\/toroestoro.com\/index.php?rest_route=\/wp\/v2\/types\/post"}],"author":[{"embeddable":true,"href":"http:\/\/toroestoro.com\/index.php?rest_route=\/wp\/v2\/users\/19"}],"replies":[{"embeddable":true,"href":"http:\/\/toroestoro.com\/index.php?rest_route=%2Fwp%2Fv2%2Fcomments&post=51548"}],"version-history":[{"count":0,"href":"http:\/\/toroestoro.com\/index.php?rest_route=\/wp\/v2\/posts\/51548\/revisions"}],"wp:featuredmedia":[{"embeddable":true,"href":"http:\/\/toroestoro.com\/index.php?rest_route=\/wp\/v2\/media\/51549"}],"wp:attachment":[{"href":"http:\/\/toroestoro.com\/index.php?rest_route=%2Fwp%2Fv2%2Fmedia&parent=51548"}],"wp:term":[{"taxonomy":"category","embeddable":true,"href":"http:\/\/toroestoro.com\/index.php?rest_route=%2Fwp%2Fv2%2Fcategories&post=51548"},{"taxonomy":"post_tag","embeddable":true,"href":"http:\/\/toroestoro.com\/index.php?rest_route=%2Fwp%2Fv2%2Ftags&post=51548"}],"curies":[{"name":"wp","href":"https:\/\/api.w.org\/{rel}","templated":true}]}}