{"id":54803,"date":"2023-12-06T20:23:35","date_gmt":"2023-12-07T02:23:35","guid":{"rendered":"http:\/\/toroestoro.com\/?p=54803"},"modified":"2023-12-06T20:23:35","modified_gmt":"2023-12-07T02:23:35","slug":"volveran-los-toros-a-la-monumental-plaza-de-toros-mexico","status":"publish","type":"post","link":"http:\/\/toroestoro.com\/?p=54803","title":{"rendered":"Volver\u00e1n los toros a La Monumental Plaza de Toros M\u00e9xico"},"content":{"rendered":"<h2 class=\"sub-title-primary\"><\/h2> <p>La Segunda Sala de la Suprema Corte de Justicia de la Naci\u00f3n revoc\u00f3 la suspensi\u00f3n definitiva otorgada a una asociaci\u00f3n civil al estimar que para su concesi\u00f3n no se cumplieron los requisitos m\u00ednimos que previene la Ley de Amparo.<\/p>\n<p>Ello, al considerar que trat\u00e1ndose de un asunto en el que se argumenta tener un inter\u00e9s leg\u00edtimo (no jur\u00eddico), el solicitante de la suspensi\u00f3n debe acreditar la existencia de un da\u00f1o inminente e irreparable con la ejecuci\u00f3n del acto reclamado, lo que en la etapa procesal que se revis\u00f3, no qued\u00f3 demostrado.<\/p>\n<p>Atento a ello, habiendo terceros que tienen autorizaciones legales, regulares y vigentes para desarrollar esas actividades, la ausencia de demostraci\u00f3n de aquellas exigencias llevar\u00eda a obtener de manera anticipada, un resultado que s\u00f3lo puede producirse con el fallo definitivo del juicio de amparo, al dejar sin efecto las licencias respectivas.<\/p>\n<p>Es de destacar que en esta resoluci\u00f3n, la Segunda Sala s\u00f3lo examin\u00f3 si se surtieron las condiciones m\u00ednimas para el otorgamiento de dicha medida cautelar, sin prejuzgar sobre el fondo del asunto, el cual deber\u00e1 quedar debidamente definido con la sentencia respectiva.<\/p>\n<p>Recurso de revisi\u00f3n en incidente de suspensi\u00f3n 2\/2023. Ponente: Ministra Yasm\u00edn Esquivel Mossa. Resuelto en sesi\u00f3n de 6 de diciembre de 2023 por unanimidad de cuatro votos.<\/p>\n<p>Documento con fines de divulgaci\u00f3n. La sentencia es la \u00fanica versi\u00f3n oficial.<\/p>\n<p><span style=\"font-size: 10px;\">Fuente:scjn.gob.mx<\/span><\/p>\n","protected":false},"excerpt":{"rendered":"<p>La Segunda Sala de la Suprema Corte de Justicia de la Naci\u00f3n revoc\u00f3 la suspensi\u00f3n definitiva otorgada a una asociaci\u00f3n civil al estimar que para su concesi\u00f3n no se cumplieron los requisitos m\u00ednimos que previene la Ley de Amparo. Ello, al considerar que trat\u00e1ndose de&#8230;<\/p>\n","protected":false},"author":9,"featured_media":43039,"comment_status":"open","ping_status":"open","sticky":false,"template":"","format":"standard","meta":{"ngg_post_thumbnail":0,"jetpack_post_was_ever_published":false,"_jetpack_newsletter_access":"","_jetpack_dont_email_post_to_subs":false,"_jetpack_newsletter_tier_id":0,"_jetpack_memberships_contains_paywalled_content":false,"_jetpack_memberships_contains_paid_content":false,"footnotes":""},"categories":[111,6],"tags":[],"class_list":["post-54803","post","type-post","status-publish","format-standard","has-post-thumbnail","hentry","category-111","category-plaza-mexico"],"yoast_head":"<!-- This site is optimized with the Yoast SEO plugin v27.5 - https:\/\/yoast.com\/product\/yoast-seo-wordpress\/ -->\n<title>Volver\u00e1n los toros a La Monumental Plaza de Toros M\u00e9xico - toroestoro<\/title>\n<meta name=\"robots\" content=\"index, follow, max-snippet:-1, max-image-preview:large, max-video-preview:-1\" \/>\n<link rel=\"canonical\" href=\"https:\/\/toroestoro.com\/?p=54803\" \/>\n<meta property=\"og:locale\" content=\"es_MX\" \/>\n<meta property=\"og:type\" content=\"article\" \/>\n<meta property=\"og:title\" content=\"Volver\u00e1n los toros a La Monumental Plaza de Toros M\u00e9xico - toroestoro\" \/>\n<meta property=\"og:description\" content=\"La Segunda Sala de la Suprema Corte de Justicia de la Naci\u00f3n revoc\u00f3 la suspensi\u00f3n definitiva otorgada a una asociaci\u00f3n civil al estimar que para su concesi\u00f3n no se cumplieron los requisitos m\u00ednimos que previene la Ley de Amparo. Ello, al considerar que trat\u00e1ndose de...\" \/>\n<meta property=\"og:url\" content=\"https:\/\/toroestoro.com\/?p=54803\" \/>\n<meta property=\"og:site_name\" content=\"toroestoro\" \/>\n<meta property=\"article:publisher\" content=\"https:\/\/www.facebook.com\/toroestoro\" \/>\n<meta property=\"article:published_time\" content=\"2023-12-07T02:23:35+00:00\" \/>\n<meta property=\"og:image\" content=\"https:\/\/i0.wp.com\/toroestoro.com\/wp-content\/uploads\/2021\/05\/plazamexicoinauguracion20112012250px.jpg?fit=250%2C124&ssl=1\" \/>\n\t<meta property=\"og:image:width\" content=\"250\" \/>\n\t<meta property=\"og:image:height\" content=\"124\" \/>\n\t<meta property=\"og:image:type\" content=\"image\/jpeg\" \/>\n<meta name=\"author\" content=\"Comunicado\" \/>\n<meta name=\"twitter:card\" content=\"summary_large_image\" \/>\n<meta name=\"twitter:creator\" content=\"@toroestoro\" \/>\n<meta name=\"twitter:site\" content=\"@toroestoro\" \/>\n<meta name=\"twitter:label1\" content=\"Escrito por\" \/>\n\t<meta name=\"twitter:data1\" content=\"Comunicado\" \/>\n\t<meta name=\"twitter:label2\" content=\"Tiempo de lectura\" \/>\n\t<meta name=\"twitter:data2\" content=\"1 minuto\" \/>\n<script type=\"application\/ld+json\" class=\"yoast-schema-graph\">{\"@context\":\"https:\\\/\\\/schema.org\",\"@graph\":[{\"@type\":\"Article\",\"@id\":\"https:\\\/\\\/toroestoro.com\\\/?p=54803#article\",\"isPartOf\":{\"@id\":\"https:\\\/\\\/toroestoro.com\\\/?p=54803\"},\"author\":{\"name\":\"Comunicado\",\"@id\":\"http:\\\/\\\/toroestoro.com\\\/#\\\/schema\\\/person\\\/624c24746a7d3f17e92f34ff5708ff14\"},\"headline\":\"Volver\u00e1n los toros a La Monumental Plaza de Toros M\u00e9xico\",\"datePublished\":\"2023-12-07T02:23:35+00:00\",\"mainEntityOfPage\":{\"@id\":\"https:\\\/\\\/toroestoro.com\\\/?p=54803\"},\"wordCount\":259,\"commentCount\":0,\"publisher\":{\"@id\":\"http:\\\/\\\/toroestoro.com\\\/#organization\"},\"image\":{\"@id\":\"https:\\\/\\\/toroestoro.com\\\/?p=54803#primaryimage\"},\"thumbnailUrl\":\"https:\\\/\\\/i0.wp.com\\\/toroestoro.com\\\/wp-content\\\/uploads\\\/2021\\\/05\\\/plazamexicoinauguracion20112012250px.jpg?fit=250%2C124\",\"articleSection\":[\"2023\",\"Plaza M\u00e9xico\"],\"inLanguage\":\"es\",\"potentialAction\":[{\"@type\":\"CommentAction\",\"name\":\"Comment\",\"target\":[\"https:\\\/\\\/toroestoro.com\\\/?p=54803#respond\"]}]},{\"@type\":\"WebPage\",\"@id\":\"https:\\\/\\\/toroestoro.com\\\/?p=54803\",\"url\":\"https:\\\/\\\/toroestoro.com\\\/?p=54803\",\"name\":\"Volver\u00e1n los toros a La Monumental Plaza de Toros M\u00e9xico - toroestoro\",\"isPartOf\":{\"@id\":\"http:\\\/\\\/toroestoro.com\\\/#website\"},\"primaryImageOfPage\":{\"@id\":\"https:\\\/\\\/toroestoro.com\\\/?p=54803#primaryimage\"},\"image\":{\"@id\":\"https:\\\/\\\/toroestoro.com\\\/?p=54803#primaryimage\"},\"thumbnailUrl\":\"https:\\\/\\\/i0.wp.com\\\/toroestoro.com\\\/wp-content\\\/uploads\\\/2021\\\/05\\\/plazamexicoinauguracion20112012250px.jpg?fit=250%2C124\",\"datePublished\":\"2023-12-07T02:23:35+00:00\",\"breadcrumb\":{\"@id\":\"https:\\\/\\\/toroestoro.com\\\/?p=54803#breadcrumb\"},\"inLanguage\":\"es\",\"potentialAction\":[{\"@type\":\"ReadAction\",\"target\":[\"https:\\\/\\\/toroestoro.com\\\/?p=54803\"]}]},{\"@type\":\"ImageObject\",\"inLanguage\":\"es\",\"@id\":\"https:\\\/\\\/toroestoro.com\\\/?p=54803#primaryimage\",\"url\":\"https:\\\/\\\/i0.wp.com\\\/toroestoro.com\\\/wp-content\\\/uploads\\\/2021\\\/05\\\/plazamexicoinauguracion20112012250px.jpg?fit=250%2C124\",\"contentUrl\":\"https:\\\/\\\/i0.wp.com\\\/toroestoro.com\\\/wp-content\\\/uploads\\\/2021\\\/05\\\/plazamexicoinauguracion20112012250px.jpg?fit=250%2C124\",\"width\":250,\"height\":124},{\"@type\":\"BreadcrumbList\",\"@id\":\"https:\\\/\\\/toroestoro.com\\\/?p=54803#breadcrumb\",\"itemListElement\":[{\"@type\":\"ListItem\",\"position\":1,\"name\":\"Inicio\",\"item\":\"http:\\\/\\\/toroestoro.com\\\/\"},{\"@type\":\"ListItem\",\"position\":2,\"name\":\"Volver\u00e1n los toros a La Monumental Plaza de Toros M\u00e9xico\"}]},{\"@type\":\"WebSite\",\"@id\":\"http:\\\/\\\/toroestoro.com\\\/#website\",\"url\":\"http:\\\/\\\/toroestoro.com\\\/\",\"name\":\"toroestoro\",\"description\":\"Por Amor al Arte\",\"publisher\":{\"@id\":\"http:\\\/\\\/toroestoro.com\\\/#organization\"},\"potentialAction\":[{\"@type\":\"SearchAction\",\"target\":{\"@type\":\"EntryPoint\",\"urlTemplate\":\"http:\\\/\\\/toroestoro.com\\\/?s={search_term_string}\"},\"query-input\":{\"@type\":\"PropertyValueSpecification\",\"valueRequired\":true,\"valueName\":\"search_term_string\"}}],\"inLanguage\":\"es\"},{\"@type\":\"Organization\",\"@id\":\"http:\\\/\\\/toroestoro.com\\\/#organization\",\"name\":\"toroestoro\",\"url\":\"http:\\\/\\\/toroestoro.com\\\/\",\"logo\":{\"@type\":\"ImageObject\",\"inLanguage\":\"es\",\"@id\":\"http:\\\/\\\/toroestoro.com\\\/#\\\/schema\\\/logo\\\/image\\\/\",\"url\":\"http:\\\/\\\/toroestoro.com\\\/wp-content\\\/uploads\\\/2021\\\/07\\\/favico.jpg\",\"contentUrl\":\"http:\\\/\\\/toroestoro.com\\\/wp-content\\\/uploads\\\/2021\\\/07\\\/favico.jpg\",\"width\":512,\"height\":512,\"caption\":\"toroestoro\"},\"image\":{\"@id\":\"http:\\\/\\\/toroestoro.com\\\/#\\\/schema\\\/logo\\\/image\\\/\"},\"sameAs\":[\"https:\\\/\\\/www.facebook.com\\\/toroestoro\",\"https:\\\/\\\/x.com\\\/toroestoro\",\"https:\\\/\\\/www.instagram.com\\\/todoestoro\"]},{\"@type\":\"Person\",\"@id\":\"http:\\\/\\\/toroestoro.com\\\/#\\\/schema\\\/person\\\/624c24746a7d3f17e92f34ff5708ff14\",\"name\":\"Comunicado\",\"image\":{\"@type\":\"ImageObject\",\"inLanguage\":\"es\",\"@id\":\"https:\\\/\\\/secure.gravatar.com\\\/avatar\\\/8a95837464d6783a44b98ed73c0b9211897cc3e73fa68b003620b702a13e4096?s=96&d=mm&r=g\",\"url\":\"https:\\\/\\\/secure.gravatar.com\\\/avatar\\\/8a95837464d6783a44b98ed73c0b9211897cc3e73fa68b003620b702a13e4096?s=96&d=mm&r=g\",\"contentUrl\":\"https:\\\/\\\/secure.gravatar.com\\\/avatar\\\/8a95837464d6783a44b98ed73c0b9211897cc3e73fa68b003620b702a13e4096?s=96&d=mm&r=g\",\"caption\":\"Comunicado\"},\"url\":\"http:\\\/\\\/toroestoro.com\\\/?author=9\"}]}<\/script>\n<!-- \/ Yoast SEO plugin. -->","yoast_head_json":{"title":"Volver\u00e1n los toros a La Monumental Plaza de Toros M\u00e9xico - toroestoro","robots":{"index":"index","follow":"follow","max-snippet":"max-snippet:-1","max-image-preview":"max-image-preview:large","max-video-preview":"max-video-preview:-1"},"canonical":"https:\/\/toroestoro.com\/?p=54803","og_locale":"es_MX","og_type":"article","og_title":"Volver\u00e1n los toros a La Monumental Plaza de Toros M\u00e9xico - toroestoro","og_description":"La Segunda Sala de la Suprema Corte de Justicia de la Naci\u00f3n revoc\u00f3 la suspensi\u00f3n definitiva otorgada a una asociaci\u00f3n civil al estimar que para su concesi\u00f3n no se cumplieron los requisitos m\u00ednimos que previene la Ley de Amparo. Ello, al considerar que trat\u00e1ndose de...","og_url":"https:\/\/toroestoro.com\/?p=54803","og_site_name":"toroestoro","article_publisher":"https:\/\/www.facebook.com\/toroestoro","article_published_time":"2023-12-07T02:23:35+00:00","og_image":[{"width":250,"height":124,"url":"https:\/\/i0.wp.com\/toroestoro.com\/wp-content\/uploads\/2021\/05\/plazamexicoinauguracion20112012250px.jpg?fit=250%2C124&ssl=1","type":"image\/jpeg"}],"author":"Comunicado","twitter_card":"summary_large_image","twitter_creator":"@toroestoro","twitter_site":"@toroestoro","twitter_misc":{"Escrito por":"Comunicado","Tiempo de lectura":"1 minuto"},"schema":{"@context":"https:\/\/schema.org","@graph":[{"@type":"Article","@id":"https:\/\/toroestoro.com\/?p=54803#article","isPartOf":{"@id":"https:\/\/toroestoro.com\/?p=54803"},"author":{"name":"Comunicado","@id":"http:\/\/toroestoro.com\/#\/schema\/person\/624c24746a7d3f17e92f34ff5708ff14"},"headline":"Volver\u00e1n los toros a La Monumental Plaza de Toros M\u00e9xico","datePublished":"2023-12-07T02:23:35+00:00","mainEntityOfPage":{"@id":"https:\/\/toroestoro.com\/?p=54803"},"wordCount":259,"commentCount":0,"publisher":{"@id":"http:\/\/toroestoro.com\/#organization"},"image":{"@id":"https:\/\/toroestoro.com\/?p=54803#primaryimage"},"thumbnailUrl":"https:\/\/i0.wp.com\/toroestoro.com\/wp-content\/uploads\/2021\/05\/plazamexicoinauguracion20112012250px.jpg?fit=250%2C124","articleSection":["2023","Plaza M\u00e9xico"],"inLanguage":"es","potentialAction":[{"@type":"CommentAction","name":"Comment","target":["https:\/\/toroestoro.com\/?p=54803#respond"]}]},{"@type":"WebPage","@id":"https:\/\/toroestoro.com\/?p=54803","url":"https:\/\/toroestoro.com\/?p=54803","name":"Volver\u00e1n los toros a La Monumental Plaza de Toros M\u00e9xico - toroestoro","isPartOf":{"@id":"http:\/\/toroestoro.com\/#website"},"primaryImageOfPage":{"@id":"https:\/\/toroestoro.com\/?p=54803#primaryimage"},"image":{"@id":"https:\/\/toroestoro.com\/?p=54803#primaryimage"},"thumbnailUrl":"https:\/\/i0.wp.com\/toroestoro.com\/wp-content\/uploads\/2021\/05\/plazamexicoinauguracion20112012250px.jpg?fit=250%2C124","datePublished":"2023-12-07T02:23:35+00:00","breadcrumb":{"@id":"https:\/\/toroestoro.com\/?p=54803#breadcrumb"},"inLanguage":"es","potentialAction":[{"@type":"ReadAction","target":["https:\/\/toroestoro.com\/?p=54803"]}]},{"@type":"ImageObject","inLanguage":"es","@id":"https:\/\/toroestoro.com\/?p=54803#primaryimage","url":"https:\/\/i0.wp.com\/toroestoro.com\/wp-content\/uploads\/2021\/05\/plazamexicoinauguracion20112012250px.jpg?fit=250%2C124","contentUrl":"https:\/\/i0.wp.com\/toroestoro.com\/wp-content\/uploads\/2021\/05\/plazamexicoinauguracion20112012250px.jpg?fit=250%2C124","width":250,"height":124},{"@type":"BreadcrumbList","@id":"https:\/\/toroestoro.com\/?p=54803#breadcrumb","itemListElement":[{"@type":"ListItem","position":1,"name":"Inicio","item":"http:\/\/toroestoro.com\/"},{"@type":"ListItem","position":2,"name":"Volver\u00e1n los toros a La Monumental Plaza de Toros M\u00e9xico"}]},{"@type":"WebSite","@id":"http:\/\/toroestoro.com\/#website","url":"http:\/\/toroestoro.com\/","name":"toroestoro","description":"Por Amor al Arte","publisher":{"@id":"http:\/\/toroestoro.com\/#organization"},"potentialAction":[{"@type":"SearchAction","target":{"@type":"EntryPoint","urlTemplate":"http:\/\/toroestoro.com\/?s={search_term_string}"},"query-input":{"@type":"PropertyValueSpecification","valueRequired":true,"valueName":"search_term_string"}}],"inLanguage":"es"},{"@type":"Organization","@id":"http:\/\/toroestoro.com\/#organization","name":"toroestoro","url":"http:\/\/toroestoro.com\/","logo":{"@type":"ImageObject","inLanguage":"es","@id":"http:\/\/toroestoro.com\/#\/schema\/logo\/image\/","url":"http:\/\/toroestoro.com\/wp-content\/uploads\/2021\/07\/favico.jpg","contentUrl":"http:\/\/toroestoro.com\/wp-content\/uploads\/2021\/07\/favico.jpg","width":512,"height":512,"caption":"toroestoro"},"image":{"@id":"http:\/\/toroestoro.com\/#\/schema\/logo\/image\/"},"sameAs":["https:\/\/www.facebook.com\/toroestoro","https:\/\/x.com\/toroestoro","https:\/\/www.instagram.com\/todoestoro"]},{"@type":"Person","@id":"http:\/\/toroestoro.com\/#\/schema\/person\/624c24746a7d3f17e92f34ff5708ff14","name":"Comunicado","image":{"@type":"ImageObject","inLanguage":"es","@id":"https:\/\/secure.gravatar.com\/avatar\/8a95837464d6783a44b98ed73c0b9211897cc3e73fa68b003620b702a13e4096?s=96&d=mm&r=g","url":"https:\/\/secure.gravatar.com\/avatar\/8a95837464d6783a44b98ed73c0b9211897cc3e73fa68b003620b702a13e4096?s=96&d=mm&r=g","contentUrl":"https:\/\/secure.gravatar.com\/avatar\/8a95837464d6783a44b98ed73c0b9211897cc3e73fa68b003620b702a13e4096?s=96&d=mm&r=g","caption":"Comunicado"},"url":"http:\/\/toroestoro.com\/?author=9"}]}},"jetpack_featured_media_url":"https:\/\/i0.wp.com\/toroestoro.com\/wp-content\/uploads\/2021\/05\/plazamexicoinauguracion20112012250px.jpg?fit=250%2C124","jetpack_likes_enabled":true,"jetpack_sharing_enabled":true,"_links":{"self":[{"href":"http:\/\/toroestoro.com\/index.php?rest_route=\/wp\/v2\/posts\/54803","targetHints":{"allow":["GET"]}}],"collection":[{"href":"http:\/\/toroestoro.com\/index.php?rest_route=\/wp\/v2\/posts"}],"about":[{"href":"http:\/\/toroestoro.com\/index.php?rest_route=\/wp\/v2\/types\/post"}],"author":[{"embeddable":true,"href":"http:\/\/toroestoro.com\/index.php?rest_route=\/wp\/v2\/users\/9"}],"replies":[{"embeddable":true,"href":"http:\/\/toroestoro.com\/index.php?rest_route=%2Fwp%2Fv2%2Fcomments&post=54803"}],"version-history":[{"count":0,"href":"http:\/\/toroestoro.com\/index.php?rest_route=\/wp\/v2\/posts\/54803\/revisions"}],"wp:featuredmedia":[{"embeddable":true,"href":"http:\/\/toroestoro.com\/index.php?rest_route=\/wp\/v2\/media\/43039"}],"wp:attachment":[{"href":"http:\/\/toroestoro.com\/index.php?rest_route=%2Fwp%2Fv2%2Fmedia&parent=54803"}],"wp:term":[{"taxonomy":"category","embeddable":true,"href":"http:\/\/toroestoro.com\/index.php?rest_route=%2Fwp%2Fv2%2Fcategories&post=54803"},{"taxonomy":"post_tag","embeddable":true,"href":"http:\/\/toroestoro.com\/index.php?rest_route=%2Fwp%2Fv2%2Ftags&post=54803"}],"curies":[{"name":"wp","href":"https:\/\/api.w.org\/{rel}","templated":true}]}}