{"id":55776,"date":"2025-07-05T08:03:27","date_gmt":"2025-07-05T13:03:27","guid":{"rendered":"https:\/\/toroestoro.com\/?p=55776"},"modified":"2025-07-05T08:03:27","modified_gmt":"2025-07-05T13:03:27","slug":"cedral-la-cuenta-regresiva-comienza","status":"publish","type":"post","link":"http:\/\/toroestoro.com\/?p=55776","title":{"rendered":"\u00a1Cedral, la cuenta regresiva comienza!"},"content":{"rendered":"<h2 class=\"sub-title-primary\"><\/h2> \n<p>Presentan oficialmente el cartel taurino de la Feria Regional de Cedral 2025 con el respaldo de Cantauro y el empresario Manuel Azcona<\/p>\n\n\n\n<p>CEDRAL, SAN LUIS POTOS\u00cd.- La noche del jueves, el patio central de la Presidencia Municipal de Cedral fue el escenario de la develaci\u00f3n oficial del cartel taurino de la Feria Regional de Cedral (FERECE) 2025, uno de los eventos m\u00e1s esperados del altiplano potosino. Con una velada cargada de tradici\u00f3n y entusiasmo, se anunci\u00f3 que el coso \u201cFrascuelo\u201d volver\u00e1 a ser protagonista el pr\u00f3ximo 14 de agosto, acogiendo una corrida de primer nivel con los matadores de toros Luis David Adame, Leo Valadez y el rejoneador Tarik Oth\u00f3n, quienes lidiar\u00e1n ejemplares de la prestigiada ganader\u00eda San Mart\u00edn.<\/p>\n\n\n\n<p>El cartel fue presentado en un acto encabezado por el empresario Manuel Azcona Segovia, director general de la empresa Cantauro, quien reafirm\u00f3 su compromiso con la tauromaquia y el legado de la plaza \u201cFrascuelo\u201d.<\/p>\n\n\n\n<p>\u201cCedral y su plaza son, sin duda, la m\u00e1s torista de M\u00e9xico. Aqu\u00ed, la tauromaquia se vive con pasi\u00f3n, historia y respeto. Cada piedra de este coso ha sido testigo de figuras inolvidables y hoy, Cantauro refrenda su compromiso de convertirlo en un referente nacional e internacional\u201d, expres\u00f3 Azcona en su intervenci\u00f3n.<\/p>\n\n\n\n<p>Desde que tom\u00f3 las riendas de Cantauro en 2012, Manuel Azcona ha impulsado la rehabilitaci\u00f3n de la plaza \u201cFrascuelo\u201d, elevando su prestigio a nivel nacional e internacional. Se han realizado revisiones estructurales que garantizan la seguridad y la comodidad del p\u00fablico, consolidando a la plaza como un basti\u00f3n s\u00f3lido del arte taurino en el Altiplano potosino.<\/p>\n\n\n\n<p>A la presentaci\u00f3n asistieron la presidenta municipal Cinthia Ver\u00f3nica Segovia Colunga, la titular de Turismo estatal Yolanda Josefina Cepeda Echavarr\u00eda, as\u00ed como reconocidas personalidades del \u00e1mbito cultural y taurino.<\/p>\n\n\n\n<p>Luis David Adame, con reciente actuaci\u00f3n destacada en Las Ventas de Madrid, comparti\u00f3 su emoci\u00f3n por regresar a esta emblem\u00e1tica plaza: \u201cVenir de Madrid a Cedral es un contraste que me ilusiona. Aqu\u00ed he vivido tardes muy especiales. Es una plaza con una afici\u00f3n exigente, que respeta al torero y al toro. Me llena de responsabilidad repetir, y quiero que la gente se lleve una tarde inolvidable\u201d.<\/p>\n\n\n\n<p>Por su parte, Leo Valadez coment\u00f3: \u201cLa plaza de toros \u2018Frascuelo\u2019 es una de esas plazas que exigen. El toro tiene presencia y el p\u00fablico sabe. Me motiva mucho regresar, porque aqu\u00ed se valora cuando uno lo da todo\u201d.<\/p>\n\n\n\n<p>Con este cartel, respaldado por el liderazgo empresarial de Cantauro y la firme visi\u00f3n de Manuel Azcona, Cedral se prepara para ofrecer una de las tardes m\u00e1s esperadas del calendario taurino nacional. La cita del 14 de agosto promete dar continuidad a una plaza con historia viva y una afici\u00f3n que mantiene encendida la llama de la tradici\u00f3n.<\/p>\n","protected":false},"excerpt":{"rendered":"<p>Presentan oficialmente el cartel taurino de la Feria Regional de Cedral 2025 con el respaldo de Cantauro y el empresario Manuel Azcona CEDRAL, SAN LUIS POTOS\u00cd.- La noche del jueves, el patio central de la Presidencia Municipal de Cedral fue el escenario de la develaci\u00f3n&#8230;<\/p>\n","protected":false},"author":17,"featured_media":55775,"comment_status":"open","ping_status":"open","sticky":false,"template":"","format":"standard","meta":{"ngg_post_thumbnail":0,"jetpack_post_was_ever_published":false,"_jetpack_newsletter_access":"","_jetpack_dont_email_post_to_subs":false,"_jetpack_newsletter_tier_id":0,"_jetpack_memberships_contains_paywalled_content":false,"_jetpack_memberships_contains_paid_content":false,"footnotes":""},"categories":[520,102],"tags":[],"class_list":["post-55776","post","type-post","status-publish","format-standard","has-post-thumbnail","hentry","category-520","category-san-luis-potosi"],"yoast_head":"<!-- This site is optimized with the Yoast SEO plugin v27.5 - https:\/\/yoast.com\/product\/yoast-seo-wordpress\/ -->\n<title>\u00a1Cedral, la cuenta regresiva comienza! - toroestoro<\/title>\n<meta name=\"robots\" content=\"index, follow, max-snippet:-1, max-image-preview:large, max-video-preview:-1\" \/>\n<link rel=\"canonical\" href=\"http:\/\/toroestoro.com\/?p=55776\" \/>\n<meta property=\"og:locale\" content=\"es_MX\" \/>\n<meta property=\"og:type\" content=\"article\" \/>\n<meta property=\"og:title\" content=\"\u00a1Cedral, la cuenta regresiva comienza! - toroestoro\" \/>\n<meta property=\"og:description\" content=\"Presentan oficialmente el cartel taurino de la Feria Regional de Cedral 2025 con el respaldo de Cantauro y el empresario Manuel Azcona CEDRAL, SAN LUIS POTOS\u00cd.- La noche del jueves, el patio central de la Presidencia Municipal de Cedral fue el escenario de la develaci\u00f3n...\" \/>\n<meta property=\"og:url\" content=\"http:\/\/toroestoro.com\/?p=55776\" \/>\n<meta property=\"og:site_name\" content=\"toroestoro\" \/>\n<meta property=\"article:publisher\" content=\"https:\/\/www.facebook.com\/toroestoro\" \/>\n<meta property=\"article:published_time\" content=\"2025-07-05T13:03:27+00:00\" \/>\n<meta property=\"og:image\" content=\"https:\/\/i0.wp.com\/toroestoro.com\/wp-content\/uploads\/2025\/07\/1460b23a-268e-4593-854b-e638d0f40222-1.jpg?fit=400%2C266\" \/>\n\t<meta property=\"og:image:width\" content=\"400\" \/>\n\t<meta property=\"og:image:height\" content=\"266\" \/>\n\t<meta property=\"og:image:type\" content=\"image\/jpeg\" \/>\n<meta name=\"author\" content=\"Everardo Gonz\u00e1lez\" \/>\n<meta name=\"twitter:card\" content=\"summary_large_image\" \/>\n<meta name=\"twitter:creator\" content=\"@toroestoro\" \/>\n<meta name=\"twitter:site\" content=\"@toroestoro\" \/>\n<meta name=\"twitter:label1\" content=\"Escrito por\" \/>\n\t<meta name=\"twitter:data1\" content=\"Everardo Gonz\u00e1lez\" \/>\n\t<meta name=\"twitter:label2\" content=\"Tiempo de lectura\" \/>\n\t<meta name=\"twitter:data2\" content=\"2 minutos\" \/>\n<script type=\"application\/ld+json\" class=\"yoast-schema-graph\">{\"@context\":\"https:\\\/\\\/schema.org\",\"@graph\":[{\"@type\":\"Article\",\"@id\":\"http:\\\/\\\/toroestoro.com\\\/?p=55776#article\",\"isPartOf\":{\"@id\":\"http:\\\/\\\/toroestoro.com\\\/?p=55776\"},\"author\":{\"name\":\"Everardo Gonz\u00e1lez\",\"@id\":\"https:\\\/\\\/toroestoro.com\\\/#\\\/schema\\\/person\\\/a30ad50f30024e3a7c53103f2d7d0ec0\"},\"headline\":\"\u00a1Cedral, la cuenta regresiva comienza!\",\"datePublished\":\"2025-07-05T13:03:27+00:00\",\"mainEntityOfPage\":{\"@id\":\"http:\\\/\\\/toroestoro.com\\\/?p=55776\"},\"wordCount\":483,\"commentCount\":0,\"publisher\":{\"@id\":\"https:\\\/\\\/toroestoro.com\\\/#organization\"},\"image\":{\"@id\":\"http:\\\/\\\/toroestoro.com\\\/?p=55776#primaryimage\"},\"thumbnailUrl\":\"https:\\\/\\\/i0.wp.com\\\/toroestoro.com\\\/wp-content\\\/uploads\\\/2025\\\/07\\\/1460b23a-268e-4593-854b-e638d0f40222-1.jpg?fit=400%2C266\",\"articleSection\":[\"2025\",\"San Luis Potos\u00ed\"],\"inLanguage\":\"es\",\"potentialAction\":[{\"@type\":\"CommentAction\",\"name\":\"Comment\",\"target\":[\"http:\\\/\\\/toroestoro.com\\\/?p=55776#respond\"]}]},{\"@type\":\"WebPage\",\"@id\":\"http:\\\/\\\/toroestoro.com\\\/?p=55776\",\"url\":\"http:\\\/\\\/toroestoro.com\\\/?p=55776\",\"name\":\"\u00a1Cedral, la cuenta regresiva comienza! - toroestoro\",\"isPartOf\":{\"@id\":\"https:\\\/\\\/toroestoro.com\\\/#website\"},\"primaryImageOfPage\":{\"@id\":\"http:\\\/\\\/toroestoro.com\\\/?p=55776#primaryimage\"},\"image\":{\"@id\":\"http:\\\/\\\/toroestoro.com\\\/?p=55776#primaryimage\"},\"thumbnailUrl\":\"https:\\\/\\\/i0.wp.com\\\/toroestoro.com\\\/wp-content\\\/uploads\\\/2025\\\/07\\\/1460b23a-268e-4593-854b-e638d0f40222-1.jpg?fit=400%2C266\",\"datePublished\":\"2025-07-05T13:03:27+00:00\",\"breadcrumb\":{\"@id\":\"http:\\\/\\\/toroestoro.com\\\/?p=55776#breadcrumb\"},\"inLanguage\":\"es\",\"potentialAction\":[{\"@type\":\"ReadAction\",\"target\":[\"http:\\\/\\\/toroestoro.com\\\/?p=55776\"]}]},{\"@type\":\"ImageObject\",\"inLanguage\":\"es\",\"@id\":\"http:\\\/\\\/toroestoro.com\\\/?p=55776#primaryimage\",\"url\":\"https:\\\/\\\/i0.wp.com\\\/toroestoro.com\\\/wp-content\\\/uploads\\\/2025\\\/07\\\/1460b23a-268e-4593-854b-e638d0f40222-1.jpg?fit=400%2C266\",\"contentUrl\":\"https:\\\/\\\/i0.wp.com\\\/toroestoro.com\\\/wp-content\\\/uploads\\\/2025\\\/07\\\/1460b23a-268e-4593-854b-e638d0f40222-1.jpg?fit=400%2C266\",\"width\":400,\"height\":266},{\"@type\":\"BreadcrumbList\",\"@id\":\"http:\\\/\\\/toroestoro.com\\\/?p=55776#breadcrumb\",\"itemListElement\":[{\"@type\":\"ListItem\",\"position\":1,\"name\":\"Inicio\",\"item\":\"https:\\\/\\\/toroestoro.com\\\/\"},{\"@type\":\"ListItem\",\"position\":2,\"name\":\"\u00a1Cedral, la cuenta regresiva comienza!\"}]},{\"@type\":\"WebSite\",\"@id\":\"https:\\\/\\\/toroestoro.com\\\/#website\",\"url\":\"https:\\\/\\\/toroestoro.com\\\/\",\"name\":\"toroestoro\",\"description\":\"Por Amor al Arte\",\"publisher\":{\"@id\":\"https:\\\/\\\/toroestoro.com\\\/#organization\"},\"potentialAction\":[{\"@type\":\"SearchAction\",\"target\":{\"@type\":\"EntryPoint\",\"urlTemplate\":\"https:\\\/\\\/toroestoro.com\\\/?s={search_term_string}\"},\"query-input\":{\"@type\":\"PropertyValueSpecification\",\"valueRequired\":true,\"valueName\":\"search_term_string\"}}],\"inLanguage\":\"es\"},{\"@type\":\"Organization\",\"@id\":\"https:\\\/\\\/toroestoro.com\\\/#organization\",\"name\":\"toroestoro\",\"url\":\"https:\\\/\\\/toroestoro.com\\\/\",\"logo\":{\"@type\":\"ImageObject\",\"inLanguage\":\"es\",\"@id\":\"https:\\\/\\\/toroestoro.com\\\/#\\\/schema\\\/logo\\\/image\\\/\",\"url\":\"http:\\\/\\\/toroestoro.com\\\/wp-content\\\/uploads\\\/2021\\\/07\\\/favico.jpg\",\"contentUrl\":\"http:\\\/\\\/toroestoro.com\\\/wp-content\\\/uploads\\\/2021\\\/07\\\/favico.jpg\",\"width\":512,\"height\":512,\"caption\":\"toroestoro\"},\"image\":{\"@id\":\"https:\\\/\\\/toroestoro.com\\\/#\\\/schema\\\/logo\\\/image\\\/\"},\"sameAs\":[\"https:\\\/\\\/www.facebook.com\\\/toroestoro\",\"https:\\\/\\\/x.com\\\/toroestoro\",\"https:\\\/\\\/www.instagram.com\\\/todoestoro\"]},{\"@type\":\"Person\",\"@id\":\"https:\\\/\\\/toroestoro.com\\\/#\\\/schema\\\/person\\\/a30ad50f30024e3a7c53103f2d7d0ec0\",\"name\":\"Everardo Gonz\u00e1lez\",\"image\":{\"@type\":\"ImageObject\",\"inLanguage\":\"es\",\"@id\":\"https:\\\/\\\/secure.gravatar.com\\\/avatar\\\/3d76880d5661e40e5ab6a34adbdcd59c7e63e924d2cf6c39a18015679474a4b4?s=96&d=mm&r=g\",\"url\":\"https:\\\/\\\/secure.gravatar.com\\\/avatar\\\/3d76880d5661e40e5ab6a34adbdcd59c7e63e924d2cf6c39a18015679474a4b4?s=96&d=mm&r=g\",\"contentUrl\":\"https:\\\/\\\/secure.gravatar.com\\\/avatar\\\/3d76880d5661e40e5ab6a34adbdcd59c7e63e924d2cf6c39a18015679474a4b4?s=96&d=mm&r=g\",\"caption\":\"Everardo Gonz\u00e1lez\"},\"url\":\"http:\\\/\\\/toroestoro.com\\\/?author=17\"}]}<\/script>\n<!-- \/ Yoast SEO plugin. -->","yoast_head_json":{"title":"\u00a1Cedral, la cuenta regresiva comienza! - toroestoro","robots":{"index":"index","follow":"follow","max-snippet":"max-snippet:-1","max-image-preview":"max-image-preview:large","max-video-preview":"max-video-preview:-1"},"canonical":"http:\/\/toroestoro.com\/?p=55776","og_locale":"es_MX","og_type":"article","og_title":"\u00a1Cedral, la cuenta regresiva comienza! - toroestoro","og_description":"Presentan oficialmente el cartel taurino de la Feria Regional de Cedral 2025 con el respaldo de Cantauro y el empresario Manuel Azcona CEDRAL, SAN LUIS POTOS\u00cd.- La noche del jueves, el patio central de la Presidencia Municipal de Cedral fue el escenario de la develaci\u00f3n...","og_url":"http:\/\/toroestoro.com\/?p=55776","og_site_name":"toroestoro","article_publisher":"https:\/\/www.facebook.com\/toroestoro","article_published_time":"2025-07-05T13:03:27+00:00","og_image":[{"width":400,"height":266,"url":"https:\/\/i0.wp.com\/toroestoro.com\/wp-content\/uploads\/2025\/07\/1460b23a-268e-4593-854b-e638d0f40222-1.jpg?fit=400%2C266","type":"image\/jpeg"}],"author":"Everardo Gonz\u00e1lez","twitter_card":"summary_large_image","twitter_creator":"@toroestoro","twitter_site":"@toroestoro","twitter_misc":{"Escrito por":"Everardo Gonz\u00e1lez","Tiempo de lectura":"2 minutos"},"schema":{"@context":"https:\/\/schema.org","@graph":[{"@type":"Article","@id":"http:\/\/toroestoro.com\/?p=55776#article","isPartOf":{"@id":"http:\/\/toroestoro.com\/?p=55776"},"author":{"name":"Everardo Gonz\u00e1lez","@id":"https:\/\/toroestoro.com\/#\/schema\/person\/a30ad50f30024e3a7c53103f2d7d0ec0"},"headline":"\u00a1Cedral, la cuenta regresiva comienza!","datePublished":"2025-07-05T13:03:27+00:00","mainEntityOfPage":{"@id":"http:\/\/toroestoro.com\/?p=55776"},"wordCount":483,"commentCount":0,"publisher":{"@id":"https:\/\/toroestoro.com\/#organization"},"image":{"@id":"http:\/\/toroestoro.com\/?p=55776#primaryimage"},"thumbnailUrl":"https:\/\/i0.wp.com\/toroestoro.com\/wp-content\/uploads\/2025\/07\/1460b23a-268e-4593-854b-e638d0f40222-1.jpg?fit=400%2C266","articleSection":["2025","San Luis Potos\u00ed"],"inLanguage":"es","potentialAction":[{"@type":"CommentAction","name":"Comment","target":["http:\/\/toroestoro.com\/?p=55776#respond"]}]},{"@type":"WebPage","@id":"http:\/\/toroestoro.com\/?p=55776","url":"http:\/\/toroestoro.com\/?p=55776","name":"\u00a1Cedral, la cuenta regresiva comienza! - toroestoro","isPartOf":{"@id":"https:\/\/toroestoro.com\/#website"},"primaryImageOfPage":{"@id":"http:\/\/toroestoro.com\/?p=55776#primaryimage"},"image":{"@id":"http:\/\/toroestoro.com\/?p=55776#primaryimage"},"thumbnailUrl":"https:\/\/i0.wp.com\/toroestoro.com\/wp-content\/uploads\/2025\/07\/1460b23a-268e-4593-854b-e638d0f40222-1.jpg?fit=400%2C266","datePublished":"2025-07-05T13:03:27+00:00","breadcrumb":{"@id":"http:\/\/toroestoro.com\/?p=55776#breadcrumb"},"inLanguage":"es","potentialAction":[{"@type":"ReadAction","target":["http:\/\/toroestoro.com\/?p=55776"]}]},{"@type":"ImageObject","inLanguage":"es","@id":"http:\/\/toroestoro.com\/?p=55776#primaryimage","url":"https:\/\/i0.wp.com\/toroestoro.com\/wp-content\/uploads\/2025\/07\/1460b23a-268e-4593-854b-e638d0f40222-1.jpg?fit=400%2C266","contentUrl":"https:\/\/i0.wp.com\/toroestoro.com\/wp-content\/uploads\/2025\/07\/1460b23a-268e-4593-854b-e638d0f40222-1.jpg?fit=400%2C266","width":400,"height":266},{"@type":"BreadcrumbList","@id":"http:\/\/toroestoro.com\/?p=55776#breadcrumb","itemListElement":[{"@type":"ListItem","position":1,"name":"Inicio","item":"https:\/\/toroestoro.com\/"},{"@type":"ListItem","position":2,"name":"\u00a1Cedral, la cuenta regresiva comienza!"}]},{"@type":"WebSite","@id":"https:\/\/toroestoro.com\/#website","url":"https:\/\/toroestoro.com\/","name":"toroestoro","description":"Por Amor al Arte","publisher":{"@id":"https:\/\/toroestoro.com\/#organization"},"potentialAction":[{"@type":"SearchAction","target":{"@type":"EntryPoint","urlTemplate":"https:\/\/toroestoro.com\/?s={search_term_string}"},"query-input":{"@type":"PropertyValueSpecification","valueRequired":true,"valueName":"search_term_string"}}],"inLanguage":"es"},{"@type":"Organization","@id":"https:\/\/toroestoro.com\/#organization","name":"toroestoro","url":"https:\/\/toroestoro.com\/","logo":{"@type":"ImageObject","inLanguage":"es","@id":"https:\/\/toroestoro.com\/#\/schema\/logo\/image\/","url":"http:\/\/toroestoro.com\/wp-content\/uploads\/2021\/07\/favico.jpg","contentUrl":"http:\/\/toroestoro.com\/wp-content\/uploads\/2021\/07\/favico.jpg","width":512,"height":512,"caption":"toroestoro"},"image":{"@id":"https:\/\/toroestoro.com\/#\/schema\/logo\/image\/"},"sameAs":["https:\/\/www.facebook.com\/toroestoro","https:\/\/x.com\/toroestoro","https:\/\/www.instagram.com\/todoestoro"]},{"@type":"Person","@id":"https:\/\/toroestoro.com\/#\/schema\/person\/a30ad50f30024e3a7c53103f2d7d0ec0","name":"Everardo Gonz\u00e1lez","image":{"@type":"ImageObject","inLanguage":"es","@id":"https:\/\/secure.gravatar.com\/avatar\/3d76880d5661e40e5ab6a34adbdcd59c7e63e924d2cf6c39a18015679474a4b4?s=96&d=mm&r=g","url":"https:\/\/secure.gravatar.com\/avatar\/3d76880d5661e40e5ab6a34adbdcd59c7e63e924d2cf6c39a18015679474a4b4?s=96&d=mm&r=g","contentUrl":"https:\/\/secure.gravatar.com\/avatar\/3d76880d5661e40e5ab6a34adbdcd59c7e63e924d2cf6c39a18015679474a4b4?s=96&d=mm&r=g","caption":"Everardo Gonz\u00e1lez"},"url":"http:\/\/toroestoro.com\/?author=17"}]}},"jetpack_featured_media_url":"https:\/\/i0.wp.com\/toroestoro.com\/wp-content\/uploads\/2025\/07\/1460b23a-268e-4593-854b-e638d0f40222-1.jpg?fit=400%2C266","jetpack_likes_enabled":true,"jetpack_sharing_enabled":true,"_links":{"self":[{"href":"http:\/\/toroestoro.com\/index.php?rest_route=\/wp\/v2\/posts\/55776","targetHints":{"allow":["GET"]}}],"collection":[{"href":"http:\/\/toroestoro.com\/index.php?rest_route=\/wp\/v2\/posts"}],"about":[{"href":"http:\/\/toroestoro.com\/index.php?rest_route=\/wp\/v2\/types\/post"}],"author":[{"embeddable":true,"href":"http:\/\/toroestoro.com\/index.php?rest_route=\/wp\/v2\/users\/17"}],"replies":[{"embeddable":true,"href":"http:\/\/toroestoro.com\/index.php?rest_route=%2Fwp%2Fv2%2Fcomments&post=55776"}],"version-history":[{"count":0,"href":"http:\/\/toroestoro.com\/index.php?rest_route=\/wp\/v2\/posts\/55776\/revisions"}],"wp:featuredmedia":[{"embeddable":true,"href":"http:\/\/toroestoro.com\/index.php?rest_route=\/wp\/v2\/media\/55775"}],"wp:attachment":[{"href":"http:\/\/toroestoro.com\/index.php?rest_route=%2Fwp%2Fv2%2Fmedia&parent=55776"}],"wp:term":[{"taxonomy":"category","embeddable":true,"href":"http:\/\/toroestoro.com\/index.php?rest_route=%2Fwp%2Fv2%2Fcategories&post=55776"},{"taxonomy":"post_tag","embeddable":true,"href":"http:\/\/toroestoro.com\/index.php?rest_route=%2Fwp%2Fv2%2Ftags&post=55776"}],"curies":[{"name":"wp","href":"https:\/\/api.w.org\/{rel}","templated":true}]}}