{"id":55779,"date":"2025-07-06T22:26:00","date_gmt":"2025-07-07T03:26:00","guid":{"rendered":"https:\/\/toroestoro.com\/?p=55779"},"modified":"2025-07-06T22:26:25","modified_gmt":"2025-07-07T03:26:25","slug":"luis-david-corta-oreja-en-zempoala","status":"publish","type":"post","link":"http:\/\/toroestoro.com\/?p=55779","title":{"rendered":"Luis David corta oreja en Zempoala"},"content":{"rendered":"<h2 class=\"sub-title-primary\"><\/h2> \n<p>Ante un lleno en la Plaza port\u00e1til de Zempoala, Hidalgo, se llev\u00f3 a cabo la corrida de feria, tarde en la que <strong>Luis David Adame<\/strong> fue el triunfador tras cortar la \u00fanica oreja del festejo. <\/p>\n\n\n\n<p>Se despacharon toros de <em>Torre\u00f3n de Ca\u00f1as<\/em>, de buena presencia y juego variado.<\/p>\n\n\n\n<p>El rejoneador <strong>Emilio Cano<\/strong>: Vuelta tras aviso. <\/p>\n\n\n\n<p><strong>Juan Pablo S\u00e1nchez<\/strong>: Ovaci\u00f3n y ovaciones.<\/p>\n\n\n\n<p><strong>Luis David<\/strong>: Ovaci\u00f3n y oreja.<\/p>\n\n\n\n<p><\/p>\n\n\n\n<p><strong>Foto: Juan Manuel Cervantes<\/strong>.<\/p>\n\n\n\n<p><\/p>\n","protected":false},"excerpt":{"rendered":"<p>Ante un lleno en la Plaza port\u00e1til de Zempoala, Hidalgo, se llev\u00f3 a cabo la corrida de feria, tarde en la que Luis David Adame fue el triunfador tras cortar la \u00fanica oreja del festejo. Se despacharon toros de Torre\u00f3n de Ca\u00f1as, de buena presencia&#8230;<\/p>\n","protected":false},"author":10,"featured_media":55780,"comment_status":"open","ping_status":"open","sticky":false,"template":"","format":"standard","meta":{"ngg_post_thumbnail":0,"jetpack_post_was_ever_published":false,"_jetpack_newsletter_access":"","_jetpack_dont_email_post_to_subs":false,"_jetpack_newsletter_tier_id":0,"_jetpack_memberships_contains_paywalled_content":false,"_jetpack_memberships_contains_paid_content":false,"footnotes":""},"categories":[520,10],"tags":[],"class_list":["post-55779","post","type-post","status-publish","format-standard","has-post-thumbnail","hentry","category-520","category-resultados"],"yoast_head":"<!-- This site is optimized with the Yoast SEO plugin v27.5 - https:\/\/yoast.com\/product\/yoast-seo-wordpress\/ -->\n<title>Luis David corta oreja en Zempoala - toroestoro<\/title>\n<meta name=\"robots\" content=\"index, follow, max-snippet:-1, max-image-preview:large, max-video-preview:-1\" \/>\n<link rel=\"canonical\" href=\"http:\/\/toroestoro.com\/?p=55779\" \/>\n<meta property=\"og:locale\" content=\"es_MX\" \/>\n<meta property=\"og:type\" content=\"article\" \/>\n<meta property=\"og:title\" content=\"Luis David corta oreja en Zempoala - toroestoro\" \/>\n<meta property=\"og:description\" content=\"Ante un lleno en la Plaza port\u00e1til de Zempoala, Hidalgo, se llev\u00f3 a cabo la corrida de feria, tarde en la que Luis David Adame fue el triunfador tras cortar la \u00fanica oreja del festejo. Se despacharon toros de Torre\u00f3n de Ca\u00f1as, de buena presencia...\" \/>\n<meta property=\"og:url\" content=\"http:\/\/toroestoro.com\/?p=55779\" \/>\n<meta property=\"og:site_name\" content=\"toroestoro\" \/>\n<meta property=\"article:publisher\" content=\"https:\/\/www.facebook.com\/toroestoro\" \/>\n<meta property=\"article:published_time\" content=\"2025-07-07T03:26:00+00:00\" \/>\n<meta property=\"article:modified_time\" content=\"2025-07-07T03:26:25+00:00\" \/>\n<meta property=\"og:image\" content=\"https:\/\/i0.wp.com\/toroestoro.com\/wp-content\/uploads\/2025\/07\/0967796b-a33e-4671-99bc-36e5ab41d0dd-1-1.jpg?fit=400%2C415\" \/>\n\t<meta property=\"og:image:width\" content=\"400\" \/>\n\t<meta property=\"og:image:height\" content=\"415\" \/>\n\t<meta property=\"og:image:type\" content=\"image\/jpeg\" \/>\n<meta name=\"author\" content=\"Redacci\u00f3n\" \/>\n<meta name=\"twitter:card\" content=\"summary_large_image\" \/>\n<meta name=\"twitter:creator\" content=\"@toroestoro\" \/>\n<meta name=\"twitter:site\" content=\"@toroestoro\" \/>\n<meta name=\"twitter:label1\" content=\"Escrito por\" \/>\n\t<meta name=\"twitter:data1\" content=\"Redacci\u00f3n\" \/>\n<script type=\"application\/ld+json\" class=\"yoast-schema-graph\">{\"@context\":\"https:\\\/\\\/schema.org\",\"@graph\":[{\"@type\":\"Article\",\"@id\":\"http:\\\/\\\/toroestoro.com\\\/?p=55779#article\",\"isPartOf\":{\"@id\":\"http:\\\/\\\/toroestoro.com\\\/?p=55779\"},\"author\":{\"name\":\"Redacci\u00f3n\",\"@id\":\"https:\\\/\\\/toroestoro.com\\\/#\\\/schema\\\/person\\\/933b198dfa5b65c815857a81fe9774e5\"},\"headline\":\"Luis David corta oreja en Zempoala\",\"datePublished\":\"2025-07-07T03:26:00+00:00\",\"dateModified\":\"2025-07-07T03:26:25+00:00\",\"mainEntityOfPage\":{\"@id\":\"http:\\\/\\\/toroestoro.com\\\/?p=55779\"},\"wordCount\":82,\"commentCount\":0,\"publisher\":{\"@id\":\"https:\\\/\\\/toroestoro.com\\\/#organization\"},\"image\":{\"@id\":\"http:\\\/\\\/toroestoro.com\\\/?p=55779#primaryimage\"},\"thumbnailUrl\":\"https:\\\/\\\/i0.wp.com\\\/toroestoro.com\\\/wp-content\\\/uploads\\\/2025\\\/07\\\/0967796b-a33e-4671-99bc-36e5ab41d0dd-1-1.jpg?fit=400%2C415\",\"articleSection\":[\"2025\",\"Resultados\"],\"inLanguage\":\"es\",\"potentialAction\":[{\"@type\":\"CommentAction\",\"name\":\"Comment\",\"target\":[\"http:\\\/\\\/toroestoro.com\\\/?p=55779#respond\"]}]},{\"@type\":\"WebPage\",\"@id\":\"http:\\\/\\\/toroestoro.com\\\/?p=55779\",\"url\":\"http:\\\/\\\/toroestoro.com\\\/?p=55779\",\"name\":\"Luis David corta oreja en Zempoala - toroestoro\",\"isPartOf\":{\"@id\":\"https:\\\/\\\/toroestoro.com\\\/#website\"},\"primaryImageOfPage\":{\"@id\":\"http:\\\/\\\/toroestoro.com\\\/?p=55779#primaryimage\"},\"image\":{\"@id\":\"http:\\\/\\\/toroestoro.com\\\/?p=55779#primaryimage\"},\"thumbnailUrl\":\"https:\\\/\\\/i0.wp.com\\\/toroestoro.com\\\/wp-content\\\/uploads\\\/2025\\\/07\\\/0967796b-a33e-4671-99bc-36e5ab41d0dd-1-1.jpg?fit=400%2C415\",\"datePublished\":\"2025-07-07T03:26:00+00:00\",\"dateModified\":\"2025-07-07T03:26:25+00:00\",\"breadcrumb\":{\"@id\":\"http:\\\/\\\/toroestoro.com\\\/?p=55779#breadcrumb\"},\"inLanguage\":\"es\",\"potentialAction\":[{\"@type\":\"ReadAction\",\"target\":[\"http:\\\/\\\/toroestoro.com\\\/?p=55779\"]}]},{\"@type\":\"ImageObject\",\"inLanguage\":\"es\",\"@id\":\"http:\\\/\\\/toroestoro.com\\\/?p=55779#primaryimage\",\"url\":\"https:\\\/\\\/i0.wp.com\\\/toroestoro.com\\\/wp-content\\\/uploads\\\/2025\\\/07\\\/0967796b-a33e-4671-99bc-36e5ab41d0dd-1-1.jpg?fit=400%2C415\",\"contentUrl\":\"https:\\\/\\\/i0.wp.com\\\/toroestoro.com\\\/wp-content\\\/uploads\\\/2025\\\/07\\\/0967796b-a33e-4671-99bc-36e5ab41d0dd-1-1.jpg?fit=400%2C415\",\"width\":400,\"height\":415},{\"@type\":\"BreadcrumbList\",\"@id\":\"http:\\\/\\\/toroestoro.com\\\/?p=55779#breadcrumb\",\"itemListElement\":[{\"@type\":\"ListItem\",\"position\":1,\"name\":\"Inicio\",\"item\":\"https:\\\/\\\/toroestoro.com\\\/\"},{\"@type\":\"ListItem\",\"position\":2,\"name\":\"Luis David corta oreja en Zempoala\"}]},{\"@type\":\"WebSite\",\"@id\":\"https:\\\/\\\/toroestoro.com\\\/#website\",\"url\":\"https:\\\/\\\/toroestoro.com\\\/\",\"name\":\"toroestoro\",\"description\":\"Por Amor al Arte\",\"publisher\":{\"@id\":\"https:\\\/\\\/toroestoro.com\\\/#organization\"},\"potentialAction\":[{\"@type\":\"SearchAction\",\"target\":{\"@type\":\"EntryPoint\",\"urlTemplate\":\"https:\\\/\\\/toroestoro.com\\\/?s={search_term_string}\"},\"query-input\":{\"@type\":\"PropertyValueSpecification\",\"valueRequired\":true,\"valueName\":\"search_term_string\"}}],\"inLanguage\":\"es\"},{\"@type\":\"Organization\",\"@id\":\"https:\\\/\\\/toroestoro.com\\\/#organization\",\"name\":\"toroestoro\",\"url\":\"https:\\\/\\\/toroestoro.com\\\/\",\"logo\":{\"@type\":\"ImageObject\",\"inLanguage\":\"es\",\"@id\":\"https:\\\/\\\/toroestoro.com\\\/#\\\/schema\\\/logo\\\/image\\\/\",\"url\":\"http:\\\/\\\/toroestoro.com\\\/wp-content\\\/uploads\\\/2021\\\/07\\\/favico.jpg\",\"contentUrl\":\"http:\\\/\\\/toroestoro.com\\\/wp-content\\\/uploads\\\/2021\\\/07\\\/favico.jpg\",\"width\":512,\"height\":512,\"caption\":\"toroestoro\"},\"image\":{\"@id\":\"https:\\\/\\\/toroestoro.com\\\/#\\\/schema\\\/logo\\\/image\\\/\"},\"sameAs\":[\"https:\\\/\\\/www.facebook.com\\\/toroestoro\",\"https:\\\/\\\/x.com\\\/toroestoro\",\"https:\\\/\\\/www.instagram.com\\\/todoestoro\"]},{\"@type\":\"Person\",\"@id\":\"https:\\\/\\\/toroestoro.com\\\/#\\\/schema\\\/person\\\/933b198dfa5b65c815857a81fe9774e5\",\"name\":\"Redacci\u00f3n\",\"image\":{\"@type\":\"ImageObject\",\"inLanguage\":\"es\",\"@id\":\"https:\\\/\\\/secure.gravatar.com\\\/avatar\\\/2ef3acee155e3cf538f358329cebdf6b724fd4160d1649ba34cfacefd1c0580c?s=96&d=mm&r=g\",\"url\":\"https:\\\/\\\/secure.gravatar.com\\\/avatar\\\/2ef3acee155e3cf538f358329cebdf6b724fd4160d1649ba34cfacefd1c0580c?s=96&d=mm&r=g\",\"contentUrl\":\"https:\\\/\\\/secure.gravatar.com\\\/avatar\\\/2ef3acee155e3cf538f358329cebdf6b724fd4160d1649ba34cfacefd1c0580c?s=96&d=mm&r=g\",\"caption\":\"Redacci\u00f3n\"},\"url\":\"http:\\\/\\\/toroestoro.com\\\/?author=10\"}]}<\/script>\n<!-- \/ Yoast SEO plugin. -->","yoast_head_json":{"title":"Luis David corta oreja en Zempoala - toroestoro","robots":{"index":"index","follow":"follow","max-snippet":"max-snippet:-1","max-image-preview":"max-image-preview:large","max-video-preview":"max-video-preview:-1"},"canonical":"http:\/\/toroestoro.com\/?p=55779","og_locale":"es_MX","og_type":"article","og_title":"Luis David corta oreja en Zempoala - toroestoro","og_description":"Ante un lleno en la Plaza port\u00e1til de Zempoala, Hidalgo, se llev\u00f3 a cabo la corrida de feria, tarde en la que Luis David Adame fue el triunfador tras cortar la \u00fanica oreja del festejo. Se despacharon toros de Torre\u00f3n de Ca\u00f1as, de buena presencia...","og_url":"http:\/\/toroestoro.com\/?p=55779","og_site_name":"toroestoro","article_publisher":"https:\/\/www.facebook.com\/toroestoro","article_published_time":"2025-07-07T03:26:00+00:00","article_modified_time":"2025-07-07T03:26:25+00:00","og_image":[{"width":400,"height":415,"url":"https:\/\/i0.wp.com\/toroestoro.com\/wp-content\/uploads\/2025\/07\/0967796b-a33e-4671-99bc-36e5ab41d0dd-1-1.jpg?fit=400%2C415","type":"image\/jpeg"}],"author":"Redacci\u00f3n","twitter_card":"summary_large_image","twitter_creator":"@toroestoro","twitter_site":"@toroestoro","twitter_misc":{"Escrito por":"Redacci\u00f3n"},"schema":{"@context":"https:\/\/schema.org","@graph":[{"@type":"Article","@id":"http:\/\/toroestoro.com\/?p=55779#article","isPartOf":{"@id":"http:\/\/toroestoro.com\/?p=55779"},"author":{"name":"Redacci\u00f3n","@id":"https:\/\/toroestoro.com\/#\/schema\/person\/933b198dfa5b65c815857a81fe9774e5"},"headline":"Luis David corta oreja en Zempoala","datePublished":"2025-07-07T03:26:00+00:00","dateModified":"2025-07-07T03:26:25+00:00","mainEntityOfPage":{"@id":"http:\/\/toroestoro.com\/?p=55779"},"wordCount":82,"commentCount":0,"publisher":{"@id":"https:\/\/toroestoro.com\/#organization"},"image":{"@id":"http:\/\/toroestoro.com\/?p=55779#primaryimage"},"thumbnailUrl":"https:\/\/i0.wp.com\/toroestoro.com\/wp-content\/uploads\/2025\/07\/0967796b-a33e-4671-99bc-36e5ab41d0dd-1-1.jpg?fit=400%2C415","articleSection":["2025","Resultados"],"inLanguage":"es","potentialAction":[{"@type":"CommentAction","name":"Comment","target":["http:\/\/toroestoro.com\/?p=55779#respond"]}]},{"@type":"WebPage","@id":"http:\/\/toroestoro.com\/?p=55779","url":"http:\/\/toroestoro.com\/?p=55779","name":"Luis David corta oreja en Zempoala - toroestoro","isPartOf":{"@id":"https:\/\/toroestoro.com\/#website"},"primaryImageOfPage":{"@id":"http:\/\/toroestoro.com\/?p=55779#primaryimage"},"image":{"@id":"http:\/\/toroestoro.com\/?p=55779#primaryimage"},"thumbnailUrl":"https:\/\/i0.wp.com\/toroestoro.com\/wp-content\/uploads\/2025\/07\/0967796b-a33e-4671-99bc-36e5ab41d0dd-1-1.jpg?fit=400%2C415","datePublished":"2025-07-07T03:26:00+00:00","dateModified":"2025-07-07T03:26:25+00:00","breadcrumb":{"@id":"http:\/\/toroestoro.com\/?p=55779#breadcrumb"},"inLanguage":"es","potentialAction":[{"@type":"ReadAction","target":["http:\/\/toroestoro.com\/?p=55779"]}]},{"@type":"ImageObject","inLanguage":"es","@id":"http:\/\/toroestoro.com\/?p=55779#primaryimage","url":"https:\/\/i0.wp.com\/toroestoro.com\/wp-content\/uploads\/2025\/07\/0967796b-a33e-4671-99bc-36e5ab41d0dd-1-1.jpg?fit=400%2C415","contentUrl":"https:\/\/i0.wp.com\/toroestoro.com\/wp-content\/uploads\/2025\/07\/0967796b-a33e-4671-99bc-36e5ab41d0dd-1-1.jpg?fit=400%2C415","width":400,"height":415},{"@type":"BreadcrumbList","@id":"http:\/\/toroestoro.com\/?p=55779#breadcrumb","itemListElement":[{"@type":"ListItem","position":1,"name":"Inicio","item":"https:\/\/toroestoro.com\/"},{"@type":"ListItem","position":2,"name":"Luis David corta oreja en Zempoala"}]},{"@type":"WebSite","@id":"https:\/\/toroestoro.com\/#website","url":"https:\/\/toroestoro.com\/","name":"toroestoro","description":"Por Amor al Arte","publisher":{"@id":"https:\/\/toroestoro.com\/#organization"},"potentialAction":[{"@type":"SearchAction","target":{"@type":"EntryPoint","urlTemplate":"https:\/\/toroestoro.com\/?s={search_term_string}"},"query-input":{"@type":"PropertyValueSpecification","valueRequired":true,"valueName":"search_term_string"}}],"inLanguage":"es"},{"@type":"Organization","@id":"https:\/\/toroestoro.com\/#organization","name":"toroestoro","url":"https:\/\/toroestoro.com\/","logo":{"@type":"ImageObject","inLanguage":"es","@id":"https:\/\/toroestoro.com\/#\/schema\/logo\/image\/","url":"http:\/\/toroestoro.com\/wp-content\/uploads\/2021\/07\/favico.jpg","contentUrl":"http:\/\/toroestoro.com\/wp-content\/uploads\/2021\/07\/favico.jpg","width":512,"height":512,"caption":"toroestoro"},"image":{"@id":"https:\/\/toroestoro.com\/#\/schema\/logo\/image\/"},"sameAs":["https:\/\/www.facebook.com\/toroestoro","https:\/\/x.com\/toroestoro","https:\/\/www.instagram.com\/todoestoro"]},{"@type":"Person","@id":"https:\/\/toroestoro.com\/#\/schema\/person\/933b198dfa5b65c815857a81fe9774e5","name":"Redacci\u00f3n","image":{"@type":"ImageObject","inLanguage":"es","@id":"https:\/\/secure.gravatar.com\/avatar\/2ef3acee155e3cf538f358329cebdf6b724fd4160d1649ba34cfacefd1c0580c?s=96&d=mm&r=g","url":"https:\/\/secure.gravatar.com\/avatar\/2ef3acee155e3cf538f358329cebdf6b724fd4160d1649ba34cfacefd1c0580c?s=96&d=mm&r=g","contentUrl":"https:\/\/secure.gravatar.com\/avatar\/2ef3acee155e3cf538f358329cebdf6b724fd4160d1649ba34cfacefd1c0580c?s=96&d=mm&r=g","caption":"Redacci\u00f3n"},"url":"http:\/\/toroestoro.com\/?author=10"}]}},"jetpack_featured_media_url":"https:\/\/i0.wp.com\/toroestoro.com\/wp-content\/uploads\/2025\/07\/0967796b-a33e-4671-99bc-36e5ab41d0dd-1-1.jpg?fit=400%2C415","jetpack_likes_enabled":true,"jetpack_sharing_enabled":true,"_links":{"self":[{"href":"http:\/\/toroestoro.com\/index.php?rest_route=\/wp\/v2\/posts\/55779","targetHints":{"allow":["GET"]}}],"collection":[{"href":"http:\/\/toroestoro.com\/index.php?rest_route=\/wp\/v2\/posts"}],"about":[{"href":"http:\/\/toroestoro.com\/index.php?rest_route=\/wp\/v2\/types\/post"}],"author":[{"embeddable":true,"href":"http:\/\/toroestoro.com\/index.php?rest_route=\/wp\/v2\/users\/10"}],"replies":[{"embeddable":true,"href":"http:\/\/toroestoro.com\/index.php?rest_route=%2Fwp%2Fv2%2Fcomments&post=55779"}],"version-history":[{"count":0,"href":"http:\/\/toroestoro.com\/index.php?rest_route=\/wp\/v2\/posts\/55779\/revisions"}],"wp:featuredmedia":[{"embeddable":true,"href":"http:\/\/toroestoro.com\/index.php?rest_route=\/wp\/v2\/media\/55780"}],"wp:attachment":[{"href":"http:\/\/toroestoro.com\/index.php?rest_route=%2Fwp%2Fv2%2Fmedia&parent=55779"}],"wp:term":[{"taxonomy":"category","embeddable":true,"href":"http:\/\/toroestoro.com\/index.php?rest_route=%2Fwp%2Fv2%2Fcategories&post=55779"},{"taxonomy":"post_tag","embeddable":true,"href":"http:\/\/toroestoro.com\/index.php?rest_route=%2Fwp%2Fv2%2Ftags&post=55779"}],"curies":[{"name":"wp","href":"https:\/\/api.w.org\/{rel}","templated":true}]}}