{"id":55797,"date":"2025-08-09T19:27:00","date_gmt":"2025-08-10T00:27:00","guid":{"rendered":"https:\/\/toroestoro.com\/?p=55797"},"modified":"2025-08-09T19:27:00","modified_gmt":"2025-08-10T00:27:00","slug":"temporada-grande-2025-en-guadalajara","status":"publish","type":"post","link":"http:\/\/toroestoro.com\/?p=55797","title":{"rendered":"Temporada grande 2025 en Guadalajara"},"content":{"rendered":"<h2 class=\"sub-title-primary\"><\/h2> \n<p class=\"p1\">La empresa Espect\u00e1culos Monterrey se complace en anunciar la Temporada Grande 2025 que marca la reanudaci\u00f3n de la actividad taurina en la plaza Nuevo Progreso de Guadalajara. Habi\u00e9ndose celebrado ya doce corridas de toros y cuatro novilladas en el primer semestre del 2025, y sumando las corridas que la empresa ofrecer\u00e1 en lo que resta del a\u00f1o, Guadalajara se consolida como la plaza con mayor actividad taurina del pa\u00eds.<\/p>\n\n\n\n<p class=\"p1\">Para esta temporada tan especial, la imagen que enmarca los carteles es una obra del artista tapat\u00edo Juan Carlos Santoscoy, cuyas obras proyectan hilos de colores vibrantes en un lienzo, objeto, pintura, escultura, fotograf\u00eda o cualquier espacio y que produce una sensaci\u00f3n de abstracci\u00f3n universal. Santoscoy cuenta con m\u00e1s de 180 exposiciones locales, nacionales e internacionales, entre las que destacan Venecia, Par\u00eds, Hamburgo, Suiza, Los \u00c1ngeles, New York, Miami, Barcelona, Roma, Madrid y Rusia. Asimismo, ha aportado obras en distintos sectores y, en la tauromaquia, ha hecho intervenciones en av\u00edos de torear de diversas figuras del toreo de talla internacional.<\/p>\n\n\n\n<p class=\"p1\">Por el momento, se anuncian los pr\u00f3ximos cinco carteles que se llevar\u00e1n a cabo en el mes patrio, comenzando el domingo 7 de septiembre; todas las corridas iniciar\u00e1n las 4:30 de la tarde.<\/p>\n\n\n\n<p class=\"p1\"><strong>Domingo 7 de septiembre.<\/strong><\/p>\n\n\n\n<p class=\"p1\">Toros de <em>Santo Toribio<\/em> para la despedida en ruedos mexicanos del matador espa\u00f1ol <strong>Fernando Roble\u00f1o<\/strong>, alternando con los mexicanos <strong>Ferm\u00edn Rivera<\/strong> y <strong>Diego S\u00e1nchez<\/strong>.<\/p>\n\n\n\n<p class=\"p1\"><strong>Domingo 14 de septiembre. <\/strong><\/p>\n\n\n\n<p class=\"p1\">Toros de <em>Arroyo Zarco<\/em> para la despedida de Guadalajara del espa\u00f1ol <strong>Pedro Guti\u00e9rrez Lorenzo  <em>El Capea<\/em><\/strong> alternando con los mexicanos <strong>Jos\u00e9 Mauricio y Arturo Sald\u00edvar.<\/strong><\/p>\n\n\n\n<p class=\"p1\"><strong>Domingo 21 de septiembre.<\/strong><\/p>\n\n\n\n<p class=\"p1\">Toros de <em>Barralva<\/em> para el espa\u00f1ol <strong>Antonio Ferrera, Antonio Garcia <em>El Chihuahua<\/em> y Rom\u00e1n Martinez<\/strong>.<\/p>\n\n\n\n<p class=\"p1\"><strong>Domingo 28 de septiembre.<\/strong><\/p>\n\n\n\n<p class=\"p1\">Toros de <em>Ordaz<\/em> para el espa\u00f1ol <strong>Paco Ure\u00f1a<\/strong>, el tapat\u00edo <strong>Oscar Rodr\u00edguez<\/strong> y <strong>Ernesto Javier <em>Calita<\/em><\/strong>.<\/p>\n\n\n\n<p class=\"p1\"><strong>Domingo 5 de octubre.<\/strong><\/p>\n\n\n\n<p class=\"p1\"> Toros de <em>San Mateo<\/em> para <strong>Uriel Moreno <em>El Zapata<\/em>, Rom\u00e1n Collado y Andr\u00e9 Lagravere <em>El Galo<\/em>.<\/strong><\/p>\n\n\n\n<p><\/p>\n\n\n\n<p class=\"has-text-align-center p1\"><strong>Venta de boletos y abonos<\/strong><\/p>\n\n\n\n<p class=\"p1\">La venta de boletos y abonos para estas corridas iniciar\u00e1 partir del 18 de agosto en las taquillas de la plaza de toros en un horario de las 11:00 a las 18:00 horas, as\u00ed como en l\u00ednea a trav\u00e9s de <a href=\"http:\/\/Superboletos.com\">Superboletos.com<\/a>.<\/p>\n","protected":false},"excerpt":{"rendered":"<p>La empresa Espect\u00e1culos Monterrey se complace en anunciar la Temporada Grande 2025 que marca la reanudaci\u00f3n de la actividad taurina en la plaza Nuevo Progreso de Guadalajara. Habi\u00e9ndose celebrado ya doce corridas de toros y cuatro novilladas en el primer semestre del 2025, y sumando&#8230;<\/p>\n","protected":false},"author":9,"featured_media":55796,"comment_status":"open","ping_status":"open","sticky":false,"template":"","format":"standard","meta":{"ngg_post_thumbnail":0,"jetpack_post_was_ever_published":false,"_jetpack_newsletter_access":"","_jetpack_dont_email_post_to_subs":false,"_jetpack_newsletter_tier_id":0,"_jetpack_memberships_contains_paywalled_content":false,"_jetpack_memberships_contains_paid_content":false,"footnotes":""},"categories":[520,283],"tags":[],"class_list":["post-55797","post","type-post","status-publish","format-standard","has-post-thumbnail","hentry","category-520","category-guadalajara"],"yoast_head":"<!-- This site is optimized with the Yoast SEO plugin v27.5 - https:\/\/yoast.com\/product\/yoast-seo-wordpress\/ -->\n<title>Temporada grande 2025 en Guadalajara - toroestoro<\/title>\n<meta name=\"robots\" content=\"index, follow, max-snippet:-1, max-image-preview:large, max-video-preview:-1\" \/>\n<link rel=\"canonical\" href=\"https:\/\/toroestoro.com\/?p=55797\" \/>\n<meta property=\"og:locale\" content=\"es_MX\" \/>\n<meta property=\"og:type\" content=\"article\" \/>\n<meta property=\"og:title\" content=\"Temporada grande 2025 en Guadalajara - toroestoro\" \/>\n<meta property=\"og:description\" content=\"La empresa Espect\u00e1culos Monterrey se complace en anunciar la Temporada Grande 2025 que marca la reanudaci\u00f3n de la actividad taurina en la plaza Nuevo Progreso de Guadalajara. Habi\u00e9ndose celebrado ya doce corridas de toros y cuatro novilladas en el primer semestre del 2025, y sumando...\" \/>\n<meta property=\"og:url\" content=\"https:\/\/toroestoro.com\/?p=55797\" \/>\n<meta property=\"og:site_name\" content=\"toroestoro\" \/>\n<meta property=\"article:publisher\" content=\"https:\/\/www.facebook.com\/toroestoro\" \/>\n<meta property=\"article:published_time\" content=\"2025-08-10T00:27:00+00:00\" \/>\n<meta property=\"og:image\" content=\"https:\/\/i0.wp.com\/toroestoro.com\/wp-content\/uploads\/2025\/08\/f4555f9f-4ea0-43d3-ac29-28e6589d6604.jpg?fit=600%2C700&ssl=1\" \/>\n\t<meta property=\"og:image:width\" content=\"600\" \/>\n\t<meta property=\"og:image:height\" content=\"700\" \/>\n\t<meta property=\"og:image:type\" content=\"image\/jpeg\" \/>\n<meta name=\"author\" content=\"Comunicado\" \/>\n<meta name=\"twitter:card\" content=\"summary_large_image\" \/>\n<meta name=\"twitter:creator\" content=\"@toroestoro\" \/>\n<meta name=\"twitter:site\" content=\"@toroestoro\" \/>\n<meta name=\"twitter:label1\" content=\"Escrito por\" \/>\n\t<meta name=\"twitter:data1\" content=\"Comunicado\" \/>\n\t<meta name=\"twitter:label2\" content=\"Tiempo de lectura\" \/>\n\t<meta name=\"twitter:data2\" content=\"2 minutos\" \/>\n<script type=\"application\/ld+json\" class=\"yoast-schema-graph\">{\"@context\":\"https:\\\/\\\/schema.org\",\"@graph\":[{\"@type\":\"Article\",\"@id\":\"https:\\\/\\\/toroestoro.com\\\/?p=55797#article\",\"isPartOf\":{\"@id\":\"https:\\\/\\\/toroestoro.com\\\/?p=55797\"},\"author\":{\"name\":\"Comunicado\",\"@id\":\"https:\\\/\\\/toroestoro.com\\\/#\\\/schema\\\/person\\\/624c24746a7d3f17e92f34ff5708ff14\"},\"headline\":\"Temporada grande 2025 en Guadalajara\",\"datePublished\":\"2025-08-10T00:27:00+00:00\",\"mainEntityOfPage\":{\"@id\":\"https:\\\/\\\/toroestoro.com\\\/?p=55797\"},\"wordCount\":387,\"commentCount\":0,\"publisher\":{\"@id\":\"https:\\\/\\\/toroestoro.com\\\/#organization\"},\"image\":{\"@id\":\"https:\\\/\\\/toroestoro.com\\\/?p=55797#primaryimage\"},\"thumbnailUrl\":\"https:\\\/\\\/i0.wp.com\\\/toroestoro.com\\\/wp-content\\\/uploads\\\/2025\\\/08\\\/f4555f9f-4ea0-43d3-ac29-28e6589d6604.jpg?fit=600%2C700\",\"articleSection\":[\"2025\",\"Guadalajara\"],\"inLanguage\":\"es\",\"potentialAction\":[{\"@type\":\"CommentAction\",\"name\":\"Comment\",\"target\":[\"https:\\\/\\\/toroestoro.com\\\/?p=55797#respond\"]}]},{\"@type\":\"WebPage\",\"@id\":\"https:\\\/\\\/toroestoro.com\\\/?p=55797\",\"url\":\"https:\\\/\\\/toroestoro.com\\\/?p=55797\",\"name\":\"Temporada grande 2025 en Guadalajara - toroestoro\",\"isPartOf\":{\"@id\":\"https:\\\/\\\/toroestoro.com\\\/#website\"},\"primaryImageOfPage\":{\"@id\":\"https:\\\/\\\/toroestoro.com\\\/?p=55797#primaryimage\"},\"image\":{\"@id\":\"https:\\\/\\\/toroestoro.com\\\/?p=55797#primaryimage\"},\"thumbnailUrl\":\"https:\\\/\\\/i0.wp.com\\\/toroestoro.com\\\/wp-content\\\/uploads\\\/2025\\\/08\\\/f4555f9f-4ea0-43d3-ac29-28e6589d6604.jpg?fit=600%2C700\",\"datePublished\":\"2025-08-10T00:27:00+00:00\",\"breadcrumb\":{\"@id\":\"https:\\\/\\\/toroestoro.com\\\/?p=55797#breadcrumb\"},\"inLanguage\":\"es\",\"potentialAction\":[{\"@type\":\"ReadAction\",\"target\":[\"https:\\\/\\\/toroestoro.com\\\/?p=55797\"]}]},{\"@type\":\"ImageObject\",\"inLanguage\":\"es\",\"@id\":\"https:\\\/\\\/toroestoro.com\\\/?p=55797#primaryimage\",\"url\":\"https:\\\/\\\/i0.wp.com\\\/toroestoro.com\\\/wp-content\\\/uploads\\\/2025\\\/08\\\/f4555f9f-4ea0-43d3-ac29-28e6589d6604.jpg?fit=600%2C700\",\"contentUrl\":\"https:\\\/\\\/i0.wp.com\\\/toroestoro.com\\\/wp-content\\\/uploads\\\/2025\\\/08\\\/f4555f9f-4ea0-43d3-ac29-28e6589d6604.jpg?fit=600%2C700\",\"width\":600,\"height\":700},{\"@type\":\"BreadcrumbList\",\"@id\":\"https:\\\/\\\/toroestoro.com\\\/?p=55797#breadcrumb\",\"itemListElement\":[{\"@type\":\"ListItem\",\"position\":1,\"name\":\"Inicio\",\"item\":\"https:\\\/\\\/toroestoro.com\\\/\"},{\"@type\":\"ListItem\",\"position\":2,\"name\":\"Temporada grande 2025 en Guadalajara\"}]},{\"@type\":\"WebSite\",\"@id\":\"https:\\\/\\\/toroestoro.com\\\/#website\",\"url\":\"https:\\\/\\\/toroestoro.com\\\/\",\"name\":\"toroestoro\",\"description\":\"Por Amor al Arte\",\"publisher\":{\"@id\":\"https:\\\/\\\/toroestoro.com\\\/#organization\"},\"potentialAction\":[{\"@type\":\"SearchAction\",\"target\":{\"@type\":\"EntryPoint\",\"urlTemplate\":\"https:\\\/\\\/toroestoro.com\\\/?s={search_term_string}\"},\"query-input\":{\"@type\":\"PropertyValueSpecification\",\"valueRequired\":true,\"valueName\":\"search_term_string\"}}],\"inLanguage\":\"es\"},{\"@type\":\"Organization\",\"@id\":\"https:\\\/\\\/toroestoro.com\\\/#organization\",\"name\":\"toroestoro\",\"url\":\"https:\\\/\\\/toroestoro.com\\\/\",\"logo\":{\"@type\":\"ImageObject\",\"inLanguage\":\"es\",\"@id\":\"https:\\\/\\\/toroestoro.com\\\/#\\\/schema\\\/logo\\\/image\\\/\",\"url\":\"http:\\\/\\\/toroestoro.com\\\/wp-content\\\/uploads\\\/2021\\\/07\\\/favico.jpg\",\"contentUrl\":\"http:\\\/\\\/toroestoro.com\\\/wp-content\\\/uploads\\\/2021\\\/07\\\/favico.jpg\",\"width\":512,\"height\":512,\"caption\":\"toroestoro\"},\"image\":{\"@id\":\"https:\\\/\\\/toroestoro.com\\\/#\\\/schema\\\/logo\\\/image\\\/\"},\"sameAs\":[\"https:\\\/\\\/www.facebook.com\\\/toroestoro\",\"https:\\\/\\\/x.com\\\/toroestoro\",\"https:\\\/\\\/www.instagram.com\\\/todoestoro\"]},{\"@type\":\"Person\",\"@id\":\"https:\\\/\\\/toroestoro.com\\\/#\\\/schema\\\/person\\\/624c24746a7d3f17e92f34ff5708ff14\",\"name\":\"Comunicado\",\"image\":{\"@type\":\"ImageObject\",\"inLanguage\":\"es\",\"@id\":\"https:\\\/\\\/secure.gravatar.com\\\/avatar\\\/8a95837464d6783a44b98ed73c0b9211897cc3e73fa68b003620b702a13e4096?s=96&d=mm&r=g\",\"url\":\"https:\\\/\\\/secure.gravatar.com\\\/avatar\\\/8a95837464d6783a44b98ed73c0b9211897cc3e73fa68b003620b702a13e4096?s=96&d=mm&r=g\",\"contentUrl\":\"https:\\\/\\\/secure.gravatar.com\\\/avatar\\\/8a95837464d6783a44b98ed73c0b9211897cc3e73fa68b003620b702a13e4096?s=96&d=mm&r=g\",\"caption\":\"Comunicado\"},\"url\":\"http:\\\/\\\/toroestoro.com\\\/?author=9\"}]}<\/script>\n<!-- \/ Yoast SEO plugin. -->","yoast_head_json":{"title":"Temporada grande 2025 en Guadalajara - toroestoro","robots":{"index":"index","follow":"follow","max-snippet":"max-snippet:-1","max-image-preview":"max-image-preview:large","max-video-preview":"max-video-preview:-1"},"canonical":"https:\/\/toroestoro.com\/?p=55797","og_locale":"es_MX","og_type":"article","og_title":"Temporada grande 2025 en Guadalajara - toroestoro","og_description":"La empresa Espect\u00e1culos Monterrey se complace en anunciar la Temporada Grande 2025 que marca la reanudaci\u00f3n de la actividad taurina en la plaza Nuevo Progreso de Guadalajara. Habi\u00e9ndose celebrado ya doce corridas de toros y cuatro novilladas en el primer semestre del 2025, y sumando...","og_url":"https:\/\/toroestoro.com\/?p=55797","og_site_name":"toroestoro","article_publisher":"https:\/\/www.facebook.com\/toroestoro","article_published_time":"2025-08-10T00:27:00+00:00","og_image":[{"width":600,"height":700,"url":"https:\/\/i0.wp.com\/toroestoro.com\/wp-content\/uploads\/2025\/08\/f4555f9f-4ea0-43d3-ac29-28e6589d6604.jpg?fit=600%2C700&ssl=1","type":"image\/jpeg"}],"author":"Comunicado","twitter_card":"summary_large_image","twitter_creator":"@toroestoro","twitter_site":"@toroestoro","twitter_misc":{"Escrito por":"Comunicado","Tiempo de lectura":"2 minutos"},"schema":{"@context":"https:\/\/schema.org","@graph":[{"@type":"Article","@id":"https:\/\/toroestoro.com\/?p=55797#article","isPartOf":{"@id":"https:\/\/toroestoro.com\/?p=55797"},"author":{"name":"Comunicado","@id":"https:\/\/toroestoro.com\/#\/schema\/person\/624c24746a7d3f17e92f34ff5708ff14"},"headline":"Temporada grande 2025 en Guadalajara","datePublished":"2025-08-10T00:27:00+00:00","mainEntityOfPage":{"@id":"https:\/\/toroestoro.com\/?p=55797"},"wordCount":387,"commentCount":0,"publisher":{"@id":"https:\/\/toroestoro.com\/#organization"},"image":{"@id":"https:\/\/toroestoro.com\/?p=55797#primaryimage"},"thumbnailUrl":"https:\/\/i0.wp.com\/toroestoro.com\/wp-content\/uploads\/2025\/08\/f4555f9f-4ea0-43d3-ac29-28e6589d6604.jpg?fit=600%2C700","articleSection":["2025","Guadalajara"],"inLanguage":"es","potentialAction":[{"@type":"CommentAction","name":"Comment","target":["https:\/\/toroestoro.com\/?p=55797#respond"]}]},{"@type":"WebPage","@id":"https:\/\/toroestoro.com\/?p=55797","url":"https:\/\/toroestoro.com\/?p=55797","name":"Temporada grande 2025 en Guadalajara - toroestoro","isPartOf":{"@id":"https:\/\/toroestoro.com\/#website"},"primaryImageOfPage":{"@id":"https:\/\/toroestoro.com\/?p=55797#primaryimage"},"image":{"@id":"https:\/\/toroestoro.com\/?p=55797#primaryimage"},"thumbnailUrl":"https:\/\/i0.wp.com\/toroestoro.com\/wp-content\/uploads\/2025\/08\/f4555f9f-4ea0-43d3-ac29-28e6589d6604.jpg?fit=600%2C700","datePublished":"2025-08-10T00:27:00+00:00","breadcrumb":{"@id":"https:\/\/toroestoro.com\/?p=55797#breadcrumb"},"inLanguage":"es","potentialAction":[{"@type":"ReadAction","target":["https:\/\/toroestoro.com\/?p=55797"]}]},{"@type":"ImageObject","inLanguage":"es","@id":"https:\/\/toroestoro.com\/?p=55797#primaryimage","url":"https:\/\/i0.wp.com\/toroestoro.com\/wp-content\/uploads\/2025\/08\/f4555f9f-4ea0-43d3-ac29-28e6589d6604.jpg?fit=600%2C700","contentUrl":"https:\/\/i0.wp.com\/toroestoro.com\/wp-content\/uploads\/2025\/08\/f4555f9f-4ea0-43d3-ac29-28e6589d6604.jpg?fit=600%2C700","width":600,"height":700},{"@type":"BreadcrumbList","@id":"https:\/\/toroestoro.com\/?p=55797#breadcrumb","itemListElement":[{"@type":"ListItem","position":1,"name":"Inicio","item":"https:\/\/toroestoro.com\/"},{"@type":"ListItem","position":2,"name":"Temporada grande 2025 en Guadalajara"}]},{"@type":"WebSite","@id":"https:\/\/toroestoro.com\/#website","url":"https:\/\/toroestoro.com\/","name":"toroestoro","description":"Por Amor al Arte","publisher":{"@id":"https:\/\/toroestoro.com\/#organization"},"potentialAction":[{"@type":"SearchAction","target":{"@type":"EntryPoint","urlTemplate":"https:\/\/toroestoro.com\/?s={search_term_string}"},"query-input":{"@type":"PropertyValueSpecification","valueRequired":true,"valueName":"search_term_string"}}],"inLanguage":"es"},{"@type":"Organization","@id":"https:\/\/toroestoro.com\/#organization","name":"toroestoro","url":"https:\/\/toroestoro.com\/","logo":{"@type":"ImageObject","inLanguage":"es","@id":"https:\/\/toroestoro.com\/#\/schema\/logo\/image\/","url":"http:\/\/toroestoro.com\/wp-content\/uploads\/2021\/07\/favico.jpg","contentUrl":"http:\/\/toroestoro.com\/wp-content\/uploads\/2021\/07\/favico.jpg","width":512,"height":512,"caption":"toroestoro"},"image":{"@id":"https:\/\/toroestoro.com\/#\/schema\/logo\/image\/"},"sameAs":["https:\/\/www.facebook.com\/toroestoro","https:\/\/x.com\/toroestoro","https:\/\/www.instagram.com\/todoestoro"]},{"@type":"Person","@id":"https:\/\/toroestoro.com\/#\/schema\/person\/624c24746a7d3f17e92f34ff5708ff14","name":"Comunicado","image":{"@type":"ImageObject","inLanguage":"es","@id":"https:\/\/secure.gravatar.com\/avatar\/8a95837464d6783a44b98ed73c0b9211897cc3e73fa68b003620b702a13e4096?s=96&d=mm&r=g","url":"https:\/\/secure.gravatar.com\/avatar\/8a95837464d6783a44b98ed73c0b9211897cc3e73fa68b003620b702a13e4096?s=96&d=mm&r=g","contentUrl":"https:\/\/secure.gravatar.com\/avatar\/8a95837464d6783a44b98ed73c0b9211897cc3e73fa68b003620b702a13e4096?s=96&d=mm&r=g","caption":"Comunicado"},"url":"http:\/\/toroestoro.com\/?author=9"}]}},"jetpack_featured_media_url":"https:\/\/i0.wp.com\/toroestoro.com\/wp-content\/uploads\/2025\/08\/f4555f9f-4ea0-43d3-ac29-28e6589d6604.jpg?fit=600%2C700","jetpack_likes_enabled":true,"jetpack_sharing_enabled":true,"_links":{"self":[{"href":"http:\/\/toroestoro.com\/index.php?rest_route=\/wp\/v2\/posts\/55797","targetHints":{"allow":["GET"]}}],"collection":[{"href":"http:\/\/toroestoro.com\/index.php?rest_route=\/wp\/v2\/posts"}],"about":[{"href":"http:\/\/toroestoro.com\/index.php?rest_route=\/wp\/v2\/types\/post"}],"author":[{"embeddable":true,"href":"http:\/\/toroestoro.com\/index.php?rest_route=\/wp\/v2\/users\/9"}],"replies":[{"embeddable":true,"href":"http:\/\/toroestoro.com\/index.php?rest_route=%2Fwp%2Fv2%2Fcomments&post=55797"}],"version-history":[{"count":0,"href":"http:\/\/toroestoro.com\/index.php?rest_route=\/wp\/v2\/posts\/55797\/revisions"}],"wp:featuredmedia":[{"embeddable":true,"href":"http:\/\/toroestoro.com\/index.php?rest_route=\/wp\/v2\/media\/55796"}],"wp:attachment":[{"href":"http:\/\/toroestoro.com\/index.php?rest_route=%2Fwp%2Fv2%2Fmedia&parent=55797"}],"wp:term":[{"taxonomy":"category","embeddable":true,"href":"http:\/\/toroestoro.com\/index.php?rest_route=%2Fwp%2Fv2%2Fcategories&post=55797"},{"taxonomy":"post_tag","embeddable":true,"href":"http:\/\/toroestoro.com\/index.php?rest_route=%2Fwp%2Fv2%2Ftags&post=55797"}],"curies":[{"name":"wp","href":"https:\/\/api.w.org\/{rel}","templated":true}]}}