{"id":55804,"date":"2025-08-15T00:30:00","date_gmt":"2025-08-15T05:30:00","guid":{"rendered":"https:\/\/toroestoro.com\/?p=55804"},"modified":"2025-08-15T00:30:00","modified_gmt":"2025-08-15T05:30:00","slug":"miriam-cabas-apoderada-por-tomasina","status":"publish","type":"post","link":"http:\/\/toroestoro.com\/?p=55804","title":{"rendered":"Miriam Cabas apoderada por Tomasina"},"content":{"rendered":"<h2 class=\"sub-title-primary\"><\/h2> \n<p class=\"MsoNormal\">En el marco del D\u00eda Grande en la feria tlaxcalteca de Huamantla,&nbsp;<strong>la presidenta de la Fundaci\u00f3n Los \u00c1ngeles Taurinos A.C. ,<\/strong>&nbsp;la se\u00f1ora&nbsp;<strong>Tomasina<\/strong>&nbsp;convoc\u00f3 a los representantes de los principales medios de informaci\u00f3n nacional e internacional para dar a conocer que&nbsp;<strong>a partir de esta fecha se har\u00e1 cargo de representar a la novillera Miriam Cabas,<\/strong>&nbsp;nacida en Los Barrios, C\u00e1diz, Espa\u00f1a.<\/p>\n\n\n\n<p class=\"MsoNormal\">La conferencia se llev\u00f3 a cabo en el&nbsp;<strong>Museo Taurino de Huamantla,<\/strong>&nbsp;a un costado de la plaza de toros La Taurina, que esta noche celebra la&nbsp;<strong><em>\u201cCorrida&nbsp;de la Noche&nbsp;que Nadie Duerme\u201d.<\/em><\/strong>&nbsp;Al respecto del nuevo apoderamiento que ha dado inicio,&nbsp;<strong>Tomasina<\/strong>&nbsp;dijo:&nbsp;<em>\u201cQuiero apoyar a mujeres toreras j\u00f3venes que tienen el mismo valor que muchos que pisan el ruedo\u201d.<\/em>&nbsp;Acerca de&nbsp;<strong>Miram Cabas&nbsp;<\/strong>la empresaria consider\u00f3 que:&nbsp;<em>\u201cMe llam\u00f3 la atenci\u00f3n el d\u00eda que la vi debutar con picadores en Espa\u00f1a y cort\u00f3 tres orejas\u201d.<\/em><\/p>\n\n\n\n<p class=\"MsoNormal\">Se dio a conocer que esta novillera gaditana que&nbsp;<strong>se form\u00f3 en la Escuela Taurina del&nbsp;Campo de Gibraltar,&nbsp;<\/strong>lleva varios a\u00f1os en la brega, con actividad en tentaderos y novilladas sin picadores. El pasado 19 de julio debut\u00f3 con picadores, en una tarde en la que cort\u00f3 tres orejas, a un lote de&nbsp;<em><u>Condesa de Sobral,<\/u><\/em>&nbsp;por lo que sali\u00f3 en hombros en la L\u00ednea de la Concepci\u00f3n.&nbsp;&nbsp;<\/p>\n\n\n\n<p class=\"MsoNormal\">Durante la rueda de prensa&nbsp;<strong>Miram Cabas<\/strong>&nbsp;dijo:&nbsp;<em>\u201cPara m\u00ed se trata de un sue\u00f1o hecho realidad: el poder para venir a torear a M\u00e9xico. En los pr\u00f3ximos d\u00edas ir\u00e9 a algunas ganader\u00edas para empezar a tener contacto con la embestida del toro mexicano\u201d.<\/em><\/p>\n\n\n\n<p class=\"MsoNormal\"><strong>Tomasina<\/strong>&nbsp;estuvo acompa\u00f1ada por el director de la fundaci\u00f3n,&nbsp;<strong>el matador Teodoro G\u00f3mez.<\/strong>&nbsp;Juntos revelaron que&nbsp;<strong>el primer compromiso de Miriam Cabas en tierras mexicanas se llevar\u00e1 a cabo&nbsp;el pr\u00f3ximo domingo&nbsp;7 de septiembre, a las 4:30 horas en la Monumental de Zacatecas.<\/strong><\/p>\n\n\n\n<p class=\"MsoNormal\">El cartel lo completan&nbsp;<strong>C\u00e9sar Ru\u00edz,<\/strong>&nbsp;triunfador de las novilladas en Aguascalientes y el novillero zacatecano&nbsp;<strong>Juan Flores,<\/strong>&nbsp;en la lidia de un encierro de novillos de la ganader\u00eda potosina&nbsp;<em><u>Monte Caldera,<\/u><\/em>&nbsp;propiedad de&nbsp;<strong>Francisco Aldrete,<\/strong>&nbsp;cuya divisa se integra con los colores tinto, dorado y tabaco.&nbsp; Al respecto,&nbsp;<strong>Tomasina<\/strong>&nbsp;extern\u00f3 su agradecimiento a la empresa&nbsp;<strong>Don Bull Productions<\/strong>&nbsp;por facilitarle la plaza de toros para llevar a cabo este evento. Cabe destacar que se donar\u00e1 la carne de la mitad del encierro al Banco de Alimentos y se dar\u00e1 un donativo econ\u00f3mico a una escuela zacatecana.<\/p>\n\n\n\n<p class=\"MsoNormal\">Se inform\u00f3 adem\u00e1s que&nbsp;<strong>la intenci\u00f3n de la Fundaci\u00f3n Los \u00c1ngeles Taurinos A.C.,<\/strong>&nbsp;<strong>es la de celebrar festejos taurinos en el estado norteamericano de California,&nbsp;<\/strong>donde se realizan corridas de toros desde hace tiempo.<\/p>\n\n\n\n<p class=\"MsoNormal\">En el evento de Huamantla estuvieron presentes:<\/p>\n\n\n\n<p class=\"MsoNormal\"><strong>Sra. Tomasina<\/strong>&nbsp;\/ Presidenta de la Fundaci\u00f3n Los \u00c1ngeles Taurinos A.C.<\/p>\n\n\n\n<p class=\"MsoNormal\"><strong>Matador Teodoro G\u00f3mez<\/strong>\/ Director de la Fundaci\u00f3n Los \u00c1ngeles Taurinos A.C.<\/p>\n\n\n\n<p class=\"MsoNormal\"><strong>La novillera espa\u00f1ola Miriam Cabas.<\/strong><\/p>\n\n\n\n<p class=\"MsoNormal\"><strong>Sra. Yvonne Esformes<\/strong>&nbsp;\/ Directora de la empresa en Estados Unidos<\/p>\n\n\n\n<p class=\"MsoNormal\"><strong>Matador Jos\u00e9 Luis Angelino<\/strong>&nbsp;\/ Director del Instituto de Desarrollo Taurino de Tlaxcala.<\/p>\n\n\n\n<p class=\"MsoNormal\"><strong>Lic. Manuel Flores Mac\u00edas<\/strong>&nbsp;\/ Director del Museo Taurino de Huamantla.<\/p>\n\n\n\n<p class=\"MsoNormal\">Para terminar el importante acto, la empresaria&nbsp;<strong>Tomasina entreg\u00f3 al Museo Taurino de Huamantla,<\/strong>&nbsp;<strong>un antiguo cartel taurino<\/strong>&nbsp;correspondiente a una corrida de toros que se llev\u00f3 a cabo en esa ciudad tlaxcalteca el&nbsp;<strong>15 de agosto de 1906,<\/strong>&nbsp;mismo que fue una donaci\u00f3n para la fundaci\u00f3n.<\/p>\n\n\n\n<p class=\"MsoNormal\">Inclusive,&nbsp;<strong>Tomasina&nbsp;<\/strong>don\u00f3 al&nbsp;<strong>Museo Taurino de Huamantla<\/strong>,&nbsp;<strong>el trofeo<\/strong>&nbsp;<strong>de la Fundaci\u00f3n \u00c1ngeles Taurinos A.C.<\/strong>, en reconocimiento a la brillante labor que dicha entidad cultural ha realizado a lo largo de los a\u00f1os para difundir y engrandecer la Fiesta Brava.<\/p>\n\n\n\n<p class=\"MsoNormal\">Por su parte,&nbsp;<strong>el matador Teodoro G\u00f3mez<\/strong>&nbsp;tambi\u00e9n hizo una aportaci\u00f3n al&nbsp;<strong>Museo Taurino de Huamantla.<\/strong>&nbsp;Se trata de&nbsp;<strong>una fotograf\u00eda<\/strong>&nbsp;correspondiente a la corrida que se ejecut\u00f3 el&nbsp;<strong>15 de agosto de 1997<\/strong>. Fue la tarde en la que&nbsp;<strong>Eloy Cavazos<\/strong>&nbsp;le concedi\u00f3 la alternativa a Paco Gonz\u00e1lez, ante el testimonio del propio&nbsp;<strong>Teodoro G\u00f3mez<\/strong>. Fue una gran corrida en la que la terna de dichos toreros sali\u00f3 en hombros, tras la lidia de un encierro de la ganader\u00eda de&nbsp;<em><u>Jos\u00e9 Mar\u00eda Arturo Huerta.<\/u><\/em>&nbsp;Tambi\u00e9n tom\u00f3 parte el rejoneador&nbsp;<strong>Giovanni Aloi<\/strong><\/p>\n","protected":false},"excerpt":{"rendered":"<p>En el marco del D\u00eda Grande en la feria tlaxcalteca de Huamantla,&nbsp;la presidenta de la Fundaci\u00f3n Los \u00c1ngeles Taurinos A.C. ,&nbsp;la se\u00f1ora&nbsp;Tomasina&nbsp;convoc\u00f3 a los representantes de los principales medios de informaci\u00f3n nacional e internacional para dar a conocer que&nbsp;a partir de esta fecha se har\u00e1&#8230;<\/p>\n","protected":false},"author":13,"featured_media":55803,"comment_status":"open","ping_status":"open","sticky":false,"template":"","format":"standard","meta":{"ngg_post_thumbnail":0,"jetpack_post_was_ever_published":false,"_jetpack_newsletter_access":"","_jetpack_dont_email_post_to_subs":false,"_jetpack_newsletter_tier_id":0,"_jetpack_memberships_contains_paywalled_content":false,"_jetpack_memberships_contains_paid_content":false,"footnotes":""},"categories":[520,1],"tags":[],"class_list":["post-55804","post","type-post","status-publish","format-standard","has-post-thumbnail","hentry","category-520","category-comunicados"],"yoast_head":"<!-- This site is optimized with the Yoast SEO plugin v27.5 - https:\/\/yoast.com\/product\/yoast-seo-wordpress\/ -->\n<title>Miriam Cabas apoderada por Tomasina - toroestoro<\/title>\n<meta name=\"robots\" content=\"index, follow, max-snippet:-1, max-image-preview:large, max-video-preview:-1\" \/>\n<link rel=\"canonical\" href=\"https:\/\/toroestoro.com\/?p=55804\" \/>\n<meta property=\"og:locale\" content=\"es_MX\" \/>\n<meta property=\"og:type\" content=\"article\" \/>\n<meta property=\"og:title\" content=\"Miriam Cabas apoderada por Tomasina - toroestoro\" \/>\n<meta property=\"og:description\" content=\"En el marco del D\u00eda Grande en la feria tlaxcalteca de Huamantla,&nbsp;la presidenta de la Fundaci\u00f3n Los \u00c1ngeles Taurinos A.C. ,&nbsp;la se\u00f1ora&nbsp;Tomasina&nbsp;convoc\u00f3 a los representantes de los principales medios de informaci\u00f3n nacional e internacional para dar a conocer que&nbsp;a partir de esta fecha se har\u00e1...\" \/>\n<meta property=\"og:url\" content=\"https:\/\/toroestoro.com\/?p=55804\" \/>\n<meta property=\"og:site_name\" content=\"toroestoro\" \/>\n<meta property=\"article:publisher\" content=\"https:\/\/www.facebook.com\/toroestoro\" \/>\n<meta property=\"article:published_time\" content=\"2025-08-15T05:30:00+00:00\" \/>\n<meta property=\"og:image\" content=\"https:\/\/i0.wp.com\/toroestoro.com\/wp-content\/uploads\/2025\/08\/4616a866-0367-4f9c-9e30-e1cb41106236.jpg?fit=400%2C436&ssl=1\" \/>\n\t<meta property=\"og:image:width\" content=\"400\" \/>\n\t<meta property=\"og:image:height\" content=\"436\" \/>\n\t<meta property=\"og:image:type\" content=\"image\/jpeg\" \/>\n<meta name=\"author\" content=\"Marysol Fragoso\" \/>\n<meta name=\"twitter:card\" content=\"summary_large_image\" \/>\n<meta name=\"twitter:creator\" content=\"@toroestoro\" \/>\n<meta name=\"twitter:site\" content=\"@toroestoro\" \/>\n<meta name=\"twitter:label1\" content=\"Escrito por\" \/>\n\t<meta name=\"twitter:data1\" content=\"Marysol Fragoso\" \/>\n\t<meta name=\"twitter:label2\" content=\"Tiempo de lectura\" \/>\n\t<meta name=\"twitter:data2\" content=\"4 minutos\" \/>\n<script type=\"application\/ld+json\" class=\"yoast-schema-graph\">{\"@context\":\"https:\\\/\\\/schema.org\",\"@graph\":[{\"@type\":\"Article\",\"@id\":\"https:\\\/\\\/toroestoro.com\\\/?p=55804#article\",\"isPartOf\":{\"@id\":\"https:\\\/\\\/toroestoro.com\\\/?p=55804\"},\"author\":{\"name\":\"Marysol Fragoso\",\"@id\":\"https:\\\/\\\/toroestoro.com\\\/#\\\/schema\\\/person\\\/952c4f312b6d30220e730aec26092469\"},\"headline\":\"Miriam Cabas apoderada por Tomasina\",\"datePublished\":\"2025-08-15T05:30:00+00:00\",\"mainEntityOfPage\":{\"@id\":\"https:\\\/\\\/toroestoro.com\\\/?p=55804\"},\"wordCount\":812,\"commentCount\":0,\"publisher\":{\"@id\":\"https:\\\/\\\/toroestoro.com\\\/#organization\"},\"image\":{\"@id\":\"https:\\\/\\\/toroestoro.com\\\/?p=55804#primaryimage\"},\"thumbnailUrl\":\"https:\\\/\\\/i0.wp.com\\\/toroestoro.com\\\/wp-content\\\/uploads\\\/2025\\\/08\\\/4616a866-0367-4f9c-9e30-e1cb41106236.jpg?fit=400%2C436\",\"articleSection\":[\"2025\",\"Comunicados\"],\"inLanguage\":\"es\",\"potentialAction\":[{\"@type\":\"CommentAction\",\"name\":\"Comment\",\"target\":[\"https:\\\/\\\/toroestoro.com\\\/?p=55804#respond\"]}]},{\"@type\":\"WebPage\",\"@id\":\"https:\\\/\\\/toroestoro.com\\\/?p=55804\",\"url\":\"https:\\\/\\\/toroestoro.com\\\/?p=55804\",\"name\":\"Miriam Cabas apoderada por Tomasina - toroestoro\",\"isPartOf\":{\"@id\":\"https:\\\/\\\/toroestoro.com\\\/#website\"},\"primaryImageOfPage\":{\"@id\":\"https:\\\/\\\/toroestoro.com\\\/?p=55804#primaryimage\"},\"image\":{\"@id\":\"https:\\\/\\\/toroestoro.com\\\/?p=55804#primaryimage\"},\"thumbnailUrl\":\"https:\\\/\\\/i0.wp.com\\\/toroestoro.com\\\/wp-content\\\/uploads\\\/2025\\\/08\\\/4616a866-0367-4f9c-9e30-e1cb41106236.jpg?fit=400%2C436\",\"datePublished\":\"2025-08-15T05:30:00+00:00\",\"breadcrumb\":{\"@id\":\"https:\\\/\\\/toroestoro.com\\\/?p=55804#breadcrumb\"},\"inLanguage\":\"es\",\"potentialAction\":[{\"@type\":\"ReadAction\",\"target\":[\"https:\\\/\\\/toroestoro.com\\\/?p=55804\"]}]},{\"@type\":\"ImageObject\",\"inLanguage\":\"es\",\"@id\":\"https:\\\/\\\/toroestoro.com\\\/?p=55804#primaryimage\",\"url\":\"https:\\\/\\\/i0.wp.com\\\/toroestoro.com\\\/wp-content\\\/uploads\\\/2025\\\/08\\\/4616a866-0367-4f9c-9e30-e1cb41106236.jpg?fit=400%2C436\",\"contentUrl\":\"https:\\\/\\\/i0.wp.com\\\/toroestoro.com\\\/wp-content\\\/uploads\\\/2025\\\/08\\\/4616a866-0367-4f9c-9e30-e1cb41106236.jpg?fit=400%2C436\",\"width\":400,\"height\":436},{\"@type\":\"BreadcrumbList\",\"@id\":\"https:\\\/\\\/toroestoro.com\\\/?p=55804#breadcrumb\",\"itemListElement\":[{\"@type\":\"ListItem\",\"position\":1,\"name\":\"Inicio\",\"item\":\"https:\\\/\\\/toroestoro.com\\\/\"},{\"@type\":\"ListItem\",\"position\":2,\"name\":\"Miriam Cabas apoderada por Tomasina\"}]},{\"@type\":\"WebSite\",\"@id\":\"https:\\\/\\\/toroestoro.com\\\/#website\",\"url\":\"https:\\\/\\\/toroestoro.com\\\/\",\"name\":\"toroestoro\",\"description\":\"Por Amor al Arte\",\"publisher\":{\"@id\":\"https:\\\/\\\/toroestoro.com\\\/#organization\"},\"potentialAction\":[{\"@type\":\"SearchAction\",\"target\":{\"@type\":\"EntryPoint\",\"urlTemplate\":\"https:\\\/\\\/toroestoro.com\\\/?s={search_term_string}\"},\"query-input\":{\"@type\":\"PropertyValueSpecification\",\"valueRequired\":true,\"valueName\":\"search_term_string\"}}],\"inLanguage\":\"es\"},{\"@type\":\"Organization\",\"@id\":\"https:\\\/\\\/toroestoro.com\\\/#organization\",\"name\":\"toroestoro\",\"url\":\"https:\\\/\\\/toroestoro.com\\\/\",\"logo\":{\"@type\":\"ImageObject\",\"inLanguage\":\"es\",\"@id\":\"https:\\\/\\\/toroestoro.com\\\/#\\\/schema\\\/logo\\\/image\\\/\",\"url\":\"http:\\\/\\\/toroestoro.com\\\/wp-content\\\/uploads\\\/2021\\\/07\\\/favico.jpg\",\"contentUrl\":\"http:\\\/\\\/toroestoro.com\\\/wp-content\\\/uploads\\\/2021\\\/07\\\/favico.jpg\",\"width\":512,\"height\":512,\"caption\":\"toroestoro\"},\"image\":{\"@id\":\"https:\\\/\\\/toroestoro.com\\\/#\\\/schema\\\/logo\\\/image\\\/\"},\"sameAs\":[\"https:\\\/\\\/www.facebook.com\\\/toroestoro\",\"https:\\\/\\\/x.com\\\/toroestoro\",\"https:\\\/\\\/www.instagram.com\\\/todoestoro\"]},{\"@type\":\"Person\",\"@id\":\"https:\\\/\\\/toroestoro.com\\\/#\\\/schema\\\/person\\\/952c4f312b6d30220e730aec26092469\",\"name\":\"Marysol Fragoso\",\"image\":{\"@type\":\"ImageObject\",\"inLanguage\":\"es\",\"@id\":\"https:\\\/\\\/secure.gravatar.com\\\/avatar\\\/402726660a80a0019b37e7044b25a2937dda42f7796dbbe73a0017a8a26f2396?s=96&d=mm&r=g\",\"url\":\"https:\\\/\\\/secure.gravatar.com\\\/avatar\\\/402726660a80a0019b37e7044b25a2937dda42f7796dbbe73a0017a8a26f2396?s=96&d=mm&r=g\",\"contentUrl\":\"https:\\\/\\\/secure.gravatar.com\\\/avatar\\\/402726660a80a0019b37e7044b25a2937dda42f7796dbbe73a0017a8a26f2396?s=96&d=mm&r=g\",\"caption\":\"Marysol Fragoso\"},\"url\":\"http:\\\/\\\/toroestoro.com\\\/?author=13\"}]}<\/script>\n<!-- \/ Yoast SEO plugin. -->","yoast_head_json":{"title":"Miriam Cabas apoderada por Tomasina - toroestoro","robots":{"index":"index","follow":"follow","max-snippet":"max-snippet:-1","max-image-preview":"max-image-preview:large","max-video-preview":"max-video-preview:-1"},"canonical":"https:\/\/toroestoro.com\/?p=55804","og_locale":"es_MX","og_type":"article","og_title":"Miriam Cabas apoderada por Tomasina - toroestoro","og_description":"En el marco del D\u00eda Grande en la feria tlaxcalteca de Huamantla,&nbsp;la presidenta de la Fundaci\u00f3n Los \u00c1ngeles Taurinos A.C. ,&nbsp;la se\u00f1ora&nbsp;Tomasina&nbsp;convoc\u00f3 a los representantes de los principales medios de informaci\u00f3n nacional e internacional para dar a conocer que&nbsp;a partir de esta fecha se har\u00e1...","og_url":"https:\/\/toroestoro.com\/?p=55804","og_site_name":"toroestoro","article_publisher":"https:\/\/www.facebook.com\/toroestoro","article_published_time":"2025-08-15T05:30:00+00:00","og_image":[{"width":400,"height":436,"url":"https:\/\/i0.wp.com\/toroestoro.com\/wp-content\/uploads\/2025\/08\/4616a866-0367-4f9c-9e30-e1cb41106236.jpg?fit=400%2C436&ssl=1","type":"image\/jpeg"}],"author":"Marysol Fragoso","twitter_card":"summary_large_image","twitter_creator":"@toroestoro","twitter_site":"@toroestoro","twitter_misc":{"Escrito por":"Marysol Fragoso","Tiempo de lectura":"4 minutos"},"schema":{"@context":"https:\/\/schema.org","@graph":[{"@type":"Article","@id":"https:\/\/toroestoro.com\/?p=55804#article","isPartOf":{"@id":"https:\/\/toroestoro.com\/?p=55804"},"author":{"name":"Marysol Fragoso","@id":"https:\/\/toroestoro.com\/#\/schema\/person\/952c4f312b6d30220e730aec26092469"},"headline":"Miriam Cabas apoderada por Tomasina","datePublished":"2025-08-15T05:30:00+00:00","mainEntityOfPage":{"@id":"https:\/\/toroestoro.com\/?p=55804"},"wordCount":812,"commentCount":0,"publisher":{"@id":"https:\/\/toroestoro.com\/#organization"},"image":{"@id":"https:\/\/toroestoro.com\/?p=55804#primaryimage"},"thumbnailUrl":"https:\/\/i0.wp.com\/toroestoro.com\/wp-content\/uploads\/2025\/08\/4616a866-0367-4f9c-9e30-e1cb41106236.jpg?fit=400%2C436","articleSection":["2025","Comunicados"],"inLanguage":"es","potentialAction":[{"@type":"CommentAction","name":"Comment","target":["https:\/\/toroestoro.com\/?p=55804#respond"]}]},{"@type":"WebPage","@id":"https:\/\/toroestoro.com\/?p=55804","url":"https:\/\/toroestoro.com\/?p=55804","name":"Miriam Cabas apoderada por Tomasina - toroestoro","isPartOf":{"@id":"https:\/\/toroestoro.com\/#website"},"primaryImageOfPage":{"@id":"https:\/\/toroestoro.com\/?p=55804#primaryimage"},"image":{"@id":"https:\/\/toroestoro.com\/?p=55804#primaryimage"},"thumbnailUrl":"https:\/\/i0.wp.com\/toroestoro.com\/wp-content\/uploads\/2025\/08\/4616a866-0367-4f9c-9e30-e1cb41106236.jpg?fit=400%2C436","datePublished":"2025-08-15T05:30:00+00:00","breadcrumb":{"@id":"https:\/\/toroestoro.com\/?p=55804#breadcrumb"},"inLanguage":"es","potentialAction":[{"@type":"ReadAction","target":["https:\/\/toroestoro.com\/?p=55804"]}]},{"@type":"ImageObject","inLanguage":"es","@id":"https:\/\/toroestoro.com\/?p=55804#primaryimage","url":"https:\/\/i0.wp.com\/toroestoro.com\/wp-content\/uploads\/2025\/08\/4616a866-0367-4f9c-9e30-e1cb41106236.jpg?fit=400%2C436","contentUrl":"https:\/\/i0.wp.com\/toroestoro.com\/wp-content\/uploads\/2025\/08\/4616a866-0367-4f9c-9e30-e1cb41106236.jpg?fit=400%2C436","width":400,"height":436},{"@type":"BreadcrumbList","@id":"https:\/\/toroestoro.com\/?p=55804#breadcrumb","itemListElement":[{"@type":"ListItem","position":1,"name":"Inicio","item":"https:\/\/toroestoro.com\/"},{"@type":"ListItem","position":2,"name":"Miriam Cabas apoderada por Tomasina"}]},{"@type":"WebSite","@id":"https:\/\/toroestoro.com\/#website","url":"https:\/\/toroestoro.com\/","name":"toroestoro","description":"Por Amor al Arte","publisher":{"@id":"https:\/\/toroestoro.com\/#organization"},"potentialAction":[{"@type":"SearchAction","target":{"@type":"EntryPoint","urlTemplate":"https:\/\/toroestoro.com\/?s={search_term_string}"},"query-input":{"@type":"PropertyValueSpecification","valueRequired":true,"valueName":"search_term_string"}}],"inLanguage":"es"},{"@type":"Organization","@id":"https:\/\/toroestoro.com\/#organization","name":"toroestoro","url":"https:\/\/toroestoro.com\/","logo":{"@type":"ImageObject","inLanguage":"es","@id":"https:\/\/toroestoro.com\/#\/schema\/logo\/image\/","url":"http:\/\/toroestoro.com\/wp-content\/uploads\/2021\/07\/favico.jpg","contentUrl":"http:\/\/toroestoro.com\/wp-content\/uploads\/2021\/07\/favico.jpg","width":512,"height":512,"caption":"toroestoro"},"image":{"@id":"https:\/\/toroestoro.com\/#\/schema\/logo\/image\/"},"sameAs":["https:\/\/www.facebook.com\/toroestoro","https:\/\/x.com\/toroestoro","https:\/\/www.instagram.com\/todoestoro"]},{"@type":"Person","@id":"https:\/\/toroestoro.com\/#\/schema\/person\/952c4f312b6d30220e730aec26092469","name":"Marysol Fragoso","image":{"@type":"ImageObject","inLanguage":"es","@id":"https:\/\/secure.gravatar.com\/avatar\/402726660a80a0019b37e7044b25a2937dda42f7796dbbe73a0017a8a26f2396?s=96&d=mm&r=g","url":"https:\/\/secure.gravatar.com\/avatar\/402726660a80a0019b37e7044b25a2937dda42f7796dbbe73a0017a8a26f2396?s=96&d=mm&r=g","contentUrl":"https:\/\/secure.gravatar.com\/avatar\/402726660a80a0019b37e7044b25a2937dda42f7796dbbe73a0017a8a26f2396?s=96&d=mm&r=g","caption":"Marysol Fragoso"},"url":"http:\/\/toroestoro.com\/?author=13"}]}},"jetpack_featured_media_url":"https:\/\/i0.wp.com\/toroestoro.com\/wp-content\/uploads\/2025\/08\/4616a866-0367-4f9c-9e30-e1cb41106236.jpg?fit=400%2C436","jetpack_likes_enabled":true,"jetpack_sharing_enabled":true,"_links":{"self":[{"href":"http:\/\/toroestoro.com\/index.php?rest_route=\/wp\/v2\/posts\/55804","targetHints":{"allow":["GET"]}}],"collection":[{"href":"http:\/\/toroestoro.com\/index.php?rest_route=\/wp\/v2\/posts"}],"about":[{"href":"http:\/\/toroestoro.com\/index.php?rest_route=\/wp\/v2\/types\/post"}],"author":[{"embeddable":true,"href":"http:\/\/toroestoro.com\/index.php?rest_route=\/wp\/v2\/users\/13"}],"replies":[{"embeddable":true,"href":"http:\/\/toroestoro.com\/index.php?rest_route=%2Fwp%2Fv2%2Fcomments&post=55804"}],"version-history":[{"count":0,"href":"http:\/\/toroestoro.com\/index.php?rest_route=\/wp\/v2\/posts\/55804\/revisions"}],"wp:featuredmedia":[{"embeddable":true,"href":"http:\/\/toroestoro.com\/index.php?rest_route=\/wp\/v2\/media\/55803"}],"wp:attachment":[{"href":"http:\/\/toroestoro.com\/index.php?rest_route=%2Fwp%2Fv2%2Fmedia&parent=55804"}],"wp:term":[{"taxonomy":"category","embeddable":true,"href":"http:\/\/toroestoro.com\/index.php?rest_route=%2Fwp%2Fv2%2Fcategories&post=55804"},{"taxonomy":"post_tag","embeddable":true,"href":"http:\/\/toroestoro.com\/index.php?rest_route=%2Fwp%2Fv2%2Ftags&post=55804"}],"curies":[{"name":"wp","href":"https:\/\/api.w.org\/{rel}","templated":true}]}}