{"id":55839,"date":"2025-09-15T18:07:00","date_gmt":"2025-09-15T23:07:00","guid":{"rendered":"https:\/\/toroestoro.com\/?p=55839"},"modified":"2025-09-15T18:07:00","modified_gmt":"2025-09-15T23:07:00","slug":"orejas-e-indulto-en-el-festival-de-tlaxcala","status":"publish","type":"post","link":"http:\/\/toroestoro.com\/?p=55839","title":{"rendered":"Orejas e indulto en el festival de Tlaxcala"},"content":{"rendered":"<h2 class=\"sub-title-primary\"><\/h2> \n<p>La Plaza de Toros Jorge Aguilar &#8220;El Ranchero&#8221;&nbsp; abri\u00f3 sus puestas para el Festival de Fiestas Patrias en beneficio del Centro de Estudios Cient\u00edficos y Tecnol\u00f3gicos del Estado De Tlaxcala (CECYTE).<\/p>\n\n\n\n<p>7 ejemplares de prestigiadas ganader\u00edas que se lidiaron con el siguiente orden y resultados.<\/p>\n\n\n\n<p><strong>Santi Pel\u00e1ez<\/strong>&nbsp;: Orejas y rabo simb\u00f3licos tras lidiar a la portuguesa una vaca extraordinaria de La Joya, comparti\u00f3 la vuelta con el ganadero.<\/p>\n\n\n\n<p><strong>Leopoldo Casasola<\/strong>:Oreja<\/p>\n\n\n\n<p>Gran novillo de Zacatepec fijo claro y con clase, aplaudido en el arrastre.<\/p>\n\n\n\n<p><strong>Luis David Carrera<\/strong>: Oreja&nbsp;<\/p>\n\n\n\n<p>Otro buen novillo de Zacatepec con calidad y trasmisi\u00f3n que tambi\u00e9n fue aplaudido.<\/p>\n\n\n\n<p><strong>Lino Noriega<\/strong>: Oreja<\/p>\n\n\n\n<p>Con el tercer Novillo de Zacatepec cuya calidad y clase fueron premiados con arrastre lento.<\/p>\n\n\n\n<p>Antes de salir el siguiente novillo se rindi\u00f3 un minuto de aplausos al conocerse la muerte del afamado ganadero de Rancho Seco <strong>Sergio Hern\u00e1ndez Gonz\u00e1lez<\/strong>.<\/p>\n\n\n\n<p><strong>Luis Conrrado<\/strong>: Dos orejas tras una faena emotiva a un bravo novillo de El Grullo que tuvo calidad y fondo, recibi\u00f3 arrastre lento, Conrrado di\u00f3 la vuelta con el ganadero Juan Carlos Gonz\u00e1lez y sus hijos.<\/p>\n\n\n\n<p><strong>Juan Antonio Hern\u00e1ndez<\/strong> lidi\u00f3 a &#8220;Anforero&#8221; No. 181 de Piedras Negras y al iniciar la faena de Muleta se desat\u00f3 el fuerte aguacero, el novillo mostr\u00f3 clase y bravura que lo hicieron ir a m\u00e1s, Juan Antonio con oficio lo hizo romper y la gente exigi\u00f3 el indulto del extraordinario Piedrenegrino que regreso a casa tras una faena memorable bajo la torrencial lluvia, el Torero Azteca y los ganaderos fueron aclamados en la vuelta paseando orejas y rabo simb\u00f3licos.<\/p>\n\n\n\n<p>La lluvia par\u00f3 y <strong>Caleb Carre\u00f3n &#8220;El Ni\u00f1o de La Taurina<\/strong>&#8221; pidi\u00f3 que soltaran una vaca de San Pedro con la que hizo gran esfuerzo en un ruedo encharcado para cortar una oreja (faena a la portuguesa).<\/p>\n\n\n\n<p>Al finalizar el festejo los triunfadores salieron a hombros.<\/p>\n","protected":false},"excerpt":{"rendered":"<p>La Plaza de Toros Jorge Aguilar &#8220;El Ranchero&#8221;&nbsp; abri\u00f3 sus puestas para el Festival de Fiestas Patrias en beneficio del Centro de Estudios Cient\u00edficos y Tecnol\u00f3gicos del Estado De Tlaxcala (CECYTE). 7 ejemplares de prestigiadas ganader\u00edas que se lidiaron con el siguiente orden y resultados&#8230;.<\/p>\n","protected":false},"author":8,"featured_media":55838,"comment_status":"open","ping_status":"open","sticky":false,"template":"","format":"standard","meta":{"ngg_post_thumbnail":0,"jetpack_post_was_ever_published":false,"_jetpack_newsletter_access":"","_jetpack_dont_email_post_to_subs":false,"_jetpack_newsletter_tier_id":0,"_jetpack_memberships_contains_paywalled_content":false,"_jetpack_memberships_contains_paid_content":false,"footnotes":""},"categories":[520,184],"tags":[],"class_list":["post-55839","post","type-post","status-publish","format-standard","has-post-thumbnail","hentry","category-520","category-tlaxcala"],"yoast_head":"<!-- This site is optimized with the Yoast SEO plugin v27.5 - https:\/\/yoast.com\/product\/yoast-seo-wordpress\/ -->\n<title>Orejas e indulto en el festival de Tlaxcala - toroestoro<\/title>\n<meta name=\"robots\" content=\"index, follow, max-snippet:-1, max-image-preview:large, max-video-preview:-1\" \/>\n<link rel=\"canonical\" href=\"https:\/\/toroestoro.com\/?p=55839\" \/>\n<meta property=\"og:locale\" content=\"es_MX\" \/>\n<meta property=\"og:type\" content=\"article\" \/>\n<meta property=\"og:title\" content=\"Orejas e indulto en el festival de Tlaxcala - toroestoro\" \/>\n<meta property=\"og:description\" content=\"La Plaza de Toros Jorge Aguilar &#8220;El Ranchero&#8221;&nbsp; abri\u00f3 sus puestas para el Festival de Fiestas Patrias en beneficio del Centro de Estudios Cient\u00edficos y Tecnol\u00f3gicos del Estado De Tlaxcala (CECYTE). 7 ejemplares de prestigiadas ganader\u00edas que se lidiaron con el siguiente orden y resultados....\" \/>\n<meta property=\"og:url\" content=\"https:\/\/toroestoro.com\/?p=55839\" \/>\n<meta property=\"og:site_name\" content=\"toroestoro\" \/>\n<meta property=\"article:publisher\" content=\"https:\/\/www.facebook.com\/toroestoro\" \/>\n<meta property=\"article:published_time\" content=\"2025-09-15T23:07:00+00:00\" \/>\n<meta property=\"og:image\" content=\"https:\/\/i0.wp.com\/toroestoro.com\/wp-content\/uploads\/2025\/09\/2a60772d-fa94-4c30-8ab3-f9abd8ba3fe6.jpg?fit=600%2C400&ssl=1\" \/>\n\t<meta property=\"og:image:width\" content=\"600\" \/>\n\t<meta property=\"og:image:height\" content=\"400\" \/>\n\t<meta property=\"og:image:type\" content=\"image\/jpeg\" \/>\n<meta name=\"author\" content=\"\u00c1ngel Sainos\" \/>\n<meta name=\"twitter:card\" content=\"summary_large_image\" \/>\n<meta name=\"twitter:creator\" content=\"@toroestoro\" \/>\n<meta name=\"twitter:site\" content=\"@toroestoro\" \/>\n<meta name=\"twitter:label1\" content=\"Escrito por\" \/>\n\t<meta name=\"twitter:data1\" content=\"\u00c1ngel Sainos\" \/>\n\t<meta name=\"twitter:label2\" content=\"Tiempo de lectura\" \/>\n\t<meta name=\"twitter:data2\" content=\"2 minutos\" \/>\n<script type=\"application\/ld+json\" class=\"yoast-schema-graph\">{\"@context\":\"https:\\\/\\\/schema.org\",\"@graph\":[{\"@type\":\"Article\",\"@id\":\"https:\\\/\\\/toroestoro.com\\\/?p=55839#article\",\"isPartOf\":{\"@id\":\"https:\\\/\\\/toroestoro.com\\\/?p=55839\"},\"author\":{\"name\":\"\u00c1ngel Sainos\",\"@id\":\"https:\\\/\\\/toroestoro.com\\\/#\\\/schema\\\/person\\\/bbc83d38fed1a6cf4b26de35c53286e8\"},\"headline\":\"Orejas e indulto en el festival de Tlaxcala\",\"datePublished\":\"2025-09-15T23:07:00+00:00\",\"mainEntityOfPage\":{\"@id\":\"https:\\\/\\\/toroestoro.com\\\/?p=55839\"},\"wordCount\":329,\"commentCount\":0,\"publisher\":{\"@id\":\"https:\\\/\\\/toroestoro.com\\\/#organization\"},\"image\":{\"@id\":\"https:\\\/\\\/toroestoro.com\\\/?p=55839#primaryimage\"},\"thumbnailUrl\":\"https:\\\/\\\/i0.wp.com\\\/toroestoro.com\\\/wp-content\\\/uploads\\\/2025\\\/09\\\/2a60772d-fa94-4c30-8ab3-f9abd8ba3fe6.jpg?fit=600%2C400\",\"articleSection\":[\"2025\",\"Tlaxcala\"],\"inLanguage\":\"es\",\"potentialAction\":[{\"@type\":\"CommentAction\",\"name\":\"Comment\",\"target\":[\"https:\\\/\\\/toroestoro.com\\\/?p=55839#respond\"]}]},{\"@type\":\"WebPage\",\"@id\":\"https:\\\/\\\/toroestoro.com\\\/?p=55839\",\"url\":\"https:\\\/\\\/toroestoro.com\\\/?p=55839\",\"name\":\"Orejas e indulto en el festival de Tlaxcala - toroestoro\",\"isPartOf\":{\"@id\":\"https:\\\/\\\/toroestoro.com\\\/#website\"},\"primaryImageOfPage\":{\"@id\":\"https:\\\/\\\/toroestoro.com\\\/?p=55839#primaryimage\"},\"image\":{\"@id\":\"https:\\\/\\\/toroestoro.com\\\/?p=55839#primaryimage\"},\"thumbnailUrl\":\"https:\\\/\\\/i0.wp.com\\\/toroestoro.com\\\/wp-content\\\/uploads\\\/2025\\\/09\\\/2a60772d-fa94-4c30-8ab3-f9abd8ba3fe6.jpg?fit=600%2C400\",\"datePublished\":\"2025-09-15T23:07:00+00:00\",\"breadcrumb\":{\"@id\":\"https:\\\/\\\/toroestoro.com\\\/?p=55839#breadcrumb\"},\"inLanguage\":\"es\",\"potentialAction\":[{\"@type\":\"ReadAction\",\"target\":[\"https:\\\/\\\/toroestoro.com\\\/?p=55839\"]}]},{\"@type\":\"ImageObject\",\"inLanguage\":\"es\",\"@id\":\"https:\\\/\\\/toroestoro.com\\\/?p=55839#primaryimage\",\"url\":\"https:\\\/\\\/i0.wp.com\\\/toroestoro.com\\\/wp-content\\\/uploads\\\/2025\\\/09\\\/2a60772d-fa94-4c30-8ab3-f9abd8ba3fe6.jpg?fit=600%2C400\",\"contentUrl\":\"https:\\\/\\\/i0.wp.com\\\/toroestoro.com\\\/wp-content\\\/uploads\\\/2025\\\/09\\\/2a60772d-fa94-4c30-8ab3-f9abd8ba3fe6.jpg?fit=600%2C400\",\"width\":600,\"height\":400},{\"@type\":\"BreadcrumbList\",\"@id\":\"https:\\\/\\\/toroestoro.com\\\/?p=55839#breadcrumb\",\"itemListElement\":[{\"@type\":\"ListItem\",\"position\":1,\"name\":\"Inicio\",\"item\":\"https:\\\/\\\/toroestoro.com\\\/\"},{\"@type\":\"ListItem\",\"position\":2,\"name\":\"Orejas e indulto en el festival de Tlaxcala\"}]},{\"@type\":\"WebSite\",\"@id\":\"https:\\\/\\\/toroestoro.com\\\/#website\",\"url\":\"https:\\\/\\\/toroestoro.com\\\/\",\"name\":\"toroestoro\",\"description\":\"Por Amor al Arte\",\"publisher\":{\"@id\":\"https:\\\/\\\/toroestoro.com\\\/#organization\"},\"potentialAction\":[{\"@type\":\"SearchAction\",\"target\":{\"@type\":\"EntryPoint\",\"urlTemplate\":\"https:\\\/\\\/toroestoro.com\\\/?s={search_term_string}\"},\"query-input\":{\"@type\":\"PropertyValueSpecification\",\"valueRequired\":true,\"valueName\":\"search_term_string\"}}],\"inLanguage\":\"es\"},{\"@type\":\"Organization\",\"@id\":\"https:\\\/\\\/toroestoro.com\\\/#organization\",\"name\":\"toroestoro\",\"url\":\"https:\\\/\\\/toroestoro.com\\\/\",\"logo\":{\"@type\":\"ImageObject\",\"inLanguage\":\"es\",\"@id\":\"https:\\\/\\\/toroestoro.com\\\/#\\\/schema\\\/logo\\\/image\\\/\",\"url\":\"http:\\\/\\\/toroestoro.com\\\/wp-content\\\/uploads\\\/2021\\\/07\\\/favico.jpg\",\"contentUrl\":\"http:\\\/\\\/toroestoro.com\\\/wp-content\\\/uploads\\\/2021\\\/07\\\/favico.jpg\",\"width\":512,\"height\":512,\"caption\":\"toroestoro\"},\"image\":{\"@id\":\"https:\\\/\\\/toroestoro.com\\\/#\\\/schema\\\/logo\\\/image\\\/\"},\"sameAs\":[\"https:\\\/\\\/www.facebook.com\\\/toroestoro\",\"https:\\\/\\\/x.com\\\/toroestoro\",\"https:\\\/\\\/www.instagram.com\\\/todoestoro\"]},{\"@type\":\"Person\",\"@id\":\"https:\\\/\\\/toroestoro.com\\\/#\\\/schema\\\/person\\\/bbc83d38fed1a6cf4b26de35c53286e8\",\"name\":\"\u00c1ngel Sainos\",\"image\":{\"@type\":\"ImageObject\",\"inLanguage\":\"es\",\"@id\":\"https:\\\/\\\/secure.gravatar.com\\\/avatar\\\/d9d3a5072190d035e6a69afd52bbc4d4a6836fbf1db9b08f52d5cb4bf0bc9219?s=96&d=mm&r=g\",\"url\":\"https:\\\/\\\/secure.gravatar.com\\\/avatar\\\/d9d3a5072190d035e6a69afd52bbc4d4a6836fbf1db9b08f52d5cb4bf0bc9219?s=96&d=mm&r=g\",\"contentUrl\":\"https:\\\/\\\/secure.gravatar.com\\\/avatar\\\/d9d3a5072190d035e6a69afd52bbc4d4a6836fbf1db9b08f52d5cb4bf0bc9219?s=96&d=mm&r=g\",\"caption\":\"\u00c1ngel Sainos\"},\"url\":\"http:\\\/\\\/toroestoro.com\\\/?author=8\"}]}<\/script>\n<!-- \/ Yoast SEO plugin. -->","yoast_head_json":{"title":"Orejas e indulto en el festival de Tlaxcala - toroestoro","robots":{"index":"index","follow":"follow","max-snippet":"max-snippet:-1","max-image-preview":"max-image-preview:large","max-video-preview":"max-video-preview:-1"},"canonical":"https:\/\/toroestoro.com\/?p=55839","og_locale":"es_MX","og_type":"article","og_title":"Orejas e indulto en el festival de Tlaxcala - toroestoro","og_description":"La Plaza de Toros Jorge Aguilar &#8220;El Ranchero&#8221;&nbsp; abri\u00f3 sus puestas para el Festival de Fiestas Patrias en beneficio del Centro de Estudios Cient\u00edficos y Tecnol\u00f3gicos del Estado De Tlaxcala (CECYTE). 7 ejemplares de prestigiadas ganader\u00edas que se lidiaron con el siguiente orden y resultados....","og_url":"https:\/\/toroestoro.com\/?p=55839","og_site_name":"toroestoro","article_publisher":"https:\/\/www.facebook.com\/toroestoro","article_published_time":"2025-09-15T23:07:00+00:00","og_image":[{"width":600,"height":400,"url":"https:\/\/i0.wp.com\/toroestoro.com\/wp-content\/uploads\/2025\/09\/2a60772d-fa94-4c30-8ab3-f9abd8ba3fe6.jpg?fit=600%2C400&ssl=1","type":"image\/jpeg"}],"author":"\u00c1ngel Sainos","twitter_card":"summary_large_image","twitter_creator":"@toroestoro","twitter_site":"@toroestoro","twitter_misc":{"Escrito por":"\u00c1ngel Sainos","Tiempo de lectura":"2 minutos"},"schema":{"@context":"https:\/\/schema.org","@graph":[{"@type":"Article","@id":"https:\/\/toroestoro.com\/?p=55839#article","isPartOf":{"@id":"https:\/\/toroestoro.com\/?p=55839"},"author":{"name":"\u00c1ngel Sainos","@id":"https:\/\/toroestoro.com\/#\/schema\/person\/bbc83d38fed1a6cf4b26de35c53286e8"},"headline":"Orejas e indulto en el festival de Tlaxcala","datePublished":"2025-09-15T23:07:00+00:00","mainEntityOfPage":{"@id":"https:\/\/toroestoro.com\/?p=55839"},"wordCount":329,"commentCount":0,"publisher":{"@id":"https:\/\/toroestoro.com\/#organization"},"image":{"@id":"https:\/\/toroestoro.com\/?p=55839#primaryimage"},"thumbnailUrl":"https:\/\/i0.wp.com\/toroestoro.com\/wp-content\/uploads\/2025\/09\/2a60772d-fa94-4c30-8ab3-f9abd8ba3fe6.jpg?fit=600%2C400","articleSection":["2025","Tlaxcala"],"inLanguage":"es","potentialAction":[{"@type":"CommentAction","name":"Comment","target":["https:\/\/toroestoro.com\/?p=55839#respond"]}]},{"@type":"WebPage","@id":"https:\/\/toroestoro.com\/?p=55839","url":"https:\/\/toroestoro.com\/?p=55839","name":"Orejas e indulto en el festival de Tlaxcala - toroestoro","isPartOf":{"@id":"https:\/\/toroestoro.com\/#website"},"primaryImageOfPage":{"@id":"https:\/\/toroestoro.com\/?p=55839#primaryimage"},"image":{"@id":"https:\/\/toroestoro.com\/?p=55839#primaryimage"},"thumbnailUrl":"https:\/\/i0.wp.com\/toroestoro.com\/wp-content\/uploads\/2025\/09\/2a60772d-fa94-4c30-8ab3-f9abd8ba3fe6.jpg?fit=600%2C400","datePublished":"2025-09-15T23:07:00+00:00","breadcrumb":{"@id":"https:\/\/toroestoro.com\/?p=55839#breadcrumb"},"inLanguage":"es","potentialAction":[{"@type":"ReadAction","target":["https:\/\/toroestoro.com\/?p=55839"]}]},{"@type":"ImageObject","inLanguage":"es","@id":"https:\/\/toroestoro.com\/?p=55839#primaryimage","url":"https:\/\/i0.wp.com\/toroestoro.com\/wp-content\/uploads\/2025\/09\/2a60772d-fa94-4c30-8ab3-f9abd8ba3fe6.jpg?fit=600%2C400","contentUrl":"https:\/\/i0.wp.com\/toroestoro.com\/wp-content\/uploads\/2025\/09\/2a60772d-fa94-4c30-8ab3-f9abd8ba3fe6.jpg?fit=600%2C400","width":600,"height":400},{"@type":"BreadcrumbList","@id":"https:\/\/toroestoro.com\/?p=55839#breadcrumb","itemListElement":[{"@type":"ListItem","position":1,"name":"Inicio","item":"https:\/\/toroestoro.com\/"},{"@type":"ListItem","position":2,"name":"Orejas e indulto en el festival de Tlaxcala"}]},{"@type":"WebSite","@id":"https:\/\/toroestoro.com\/#website","url":"https:\/\/toroestoro.com\/","name":"toroestoro","description":"Por Amor al Arte","publisher":{"@id":"https:\/\/toroestoro.com\/#organization"},"potentialAction":[{"@type":"SearchAction","target":{"@type":"EntryPoint","urlTemplate":"https:\/\/toroestoro.com\/?s={search_term_string}"},"query-input":{"@type":"PropertyValueSpecification","valueRequired":true,"valueName":"search_term_string"}}],"inLanguage":"es"},{"@type":"Organization","@id":"https:\/\/toroestoro.com\/#organization","name":"toroestoro","url":"https:\/\/toroestoro.com\/","logo":{"@type":"ImageObject","inLanguage":"es","@id":"https:\/\/toroestoro.com\/#\/schema\/logo\/image\/","url":"http:\/\/toroestoro.com\/wp-content\/uploads\/2021\/07\/favico.jpg","contentUrl":"http:\/\/toroestoro.com\/wp-content\/uploads\/2021\/07\/favico.jpg","width":512,"height":512,"caption":"toroestoro"},"image":{"@id":"https:\/\/toroestoro.com\/#\/schema\/logo\/image\/"},"sameAs":["https:\/\/www.facebook.com\/toroestoro","https:\/\/x.com\/toroestoro","https:\/\/www.instagram.com\/todoestoro"]},{"@type":"Person","@id":"https:\/\/toroestoro.com\/#\/schema\/person\/bbc83d38fed1a6cf4b26de35c53286e8","name":"\u00c1ngel Sainos","image":{"@type":"ImageObject","inLanguage":"es","@id":"https:\/\/secure.gravatar.com\/avatar\/d9d3a5072190d035e6a69afd52bbc4d4a6836fbf1db9b08f52d5cb4bf0bc9219?s=96&d=mm&r=g","url":"https:\/\/secure.gravatar.com\/avatar\/d9d3a5072190d035e6a69afd52bbc4d4a6836fbf1db9b08f52d5cb4bf0bc9219?s=96&d=mm&r=g","contentUrl":"https:\/\/secure.gravatar.com\/avatar\/d9d3a5072190d035e6a69afd52bbc4d4a6836fbf1db9b08f52d5cb4bf0bc9219?s=96&d=mm&r=g","caption":"\u00c1ngel Sainos"},"url":"http:\/\/toroestoro.com\/?author=8"}]}},"jetpack_featured_media_url":"https:\/\/i0.wp.com\/toroestoro.com\/wp-content\/uploads\/2025\/09\/2a60772d-fa94-4c30-8ab3-f9abd8ba3fe6.jpg?fit=600%2C400","jetpack_likes_enabled":true,"jetpack_sharing_enabled":true,"_links":{"self":[{"href":"http:\/\/toroestoro.com\/index.php?rest_route=\/wp\/v2\/posts\/55839","targetHints":{"allow":["GET"]}}],"collection":[{"href":"http:\/\/toroestoro.com\/index.php?rest_route=\/wp\/v2\/posts"}],"about":[{"href":"http:\/\/toroestoro.com\/index.php?rest_route=\/wp\/v2\/types\/post"}],"author":[{"embeddable":true,"href":"http:\/\/toroestoro.com\/index.php?rest_route=\/wp\/v2\/users\/8"}],"replies":[{"embeddable":true,"href":"http:\/\/toroestoro.com\/index.php?rest_route=%2Fwp%2Fv2%2Fcomments&post=55839"}],"version-history":[{"count":0,"href":"http:\/\/toroestoro.com\/index.php?rest_route=\/wp\/v2\/posts\/55839\/revisions"}],"wp:featuredmedia":[{"embeddable":true,"href":"http:\/\/toroestoro.com\/index.php?rest_route=\/wp\/v2\/media\/55838"}],"wp:attachment":[{"href":"http:\/\/toroestoro.com\/index.php?rest_route=%2Fwp%2Fv2%2Fmedia&parent=55839"}],"wp:term":[{"taxonomy":"category","embeddable":true,"href":"http:\/\/toroestoro.com\/index.php?rest_route=%2Fwp%2Fv2%2Fcategories&post=55839"},{"taxonomy":"post_tag","embeddable":true,"href":"http:\/\/toroestoro.com\/index.php?rest_route=%2Fwp%2Fv2%2Ftags&post=55839"}],"curies":[{"name":"wp","href":"https:\/\/api.w.org\/{rel}","templated":true}]}}