{"id":55940,"date":"2026-01-25T22:02:00","date_gmt":"2026-01-26T04:02:00","guid":{"rendered":"http:\/\/toroestoro.com\/?p=55940"},"modified":"2026-01-25T22:02:00","modified_gmt":"2026-01-26T04:02:00","slug":"flores-y-gutierrez-tocan-pelo-en-guadalajara","status":"publish","type":"post","link":"http:\/\/toroestoro.com\/?p=55940","title":{"rendered":"Flores y Guti\u00e9rrez tocan pelo en Guadalajara"},"content":{"rendered":"<h2 class=\"sub-title-primary\"><\/h2> \n<p>Ante media entrada, comenz\u00f3 la temporada taurina 2026 en El Nuevo Progreso de Guadalajara, dejando como resultado el corte de dos orejas.<\/p>\n\n\n\n<p>Se lidiaron ejemplares de <em>Te\u00f3filo G\u00f3mez<\/em> y uno de <em>Puerta del Cielo<\/em> que sustituy\u00f3 al primero de la tarde que se lesion\u00f3.<\/p>\n\n\n\n<p><strong>Sergio Flores<\/strong>: Aviso y oreja.<\/p>\n\n\n\n<p><strong>Juan Ortega<\/strong>: Aviso y palmas.<\/p>\n\n\n\n<p><strong>H\u00e9ctor Guti\u00e9rrez<\/strong>: Aviso y oreja.<\/p>\n","protected":false},"excerpt":{"rendered":"<p>Ante media entrada, comenz\u00f3 la temporada taurina 2026 en El Nuevo Progreso de Guadalajara, dejando como resultado el corte de dos orejas. Se lidiaron ejemplares de Te\u00f3filo G\u00f3mez y uno de Puerta del Cielo que sustituy\u00f3 al primero de la tarde que se lesion\u00f3. Sergio&#8230;<\/p>\n","protected":false},"author":10,"featured_media":55939,"comment_status":"open","ping_status":"open","sticky":false,"template":"","format":"standard","meta":{"ngg_post_thumbnail":0,"jetpack_post_was_ever_published":false,"_jetpack_newsletter_access":"","_jetpack_dont_email_post_to_subs":false,"_jetpack_newsletter_tier_id":0,"_jetpack_memberships_contains_paywalled_content":false,"_jetpack_memberships_contains_paid_content":false,"footnotes":""},"categories":[527,283],"tags":[],"class_list":["post-55940","post","type-post","status-publish","format-standard","has-post-thumbnail","hentry","category-527","category-guadalajara"],"yoast_head":"<!-- This site is optimized with the Yoast SEO plugin v27.5 - https:\/\/yoast.com\/product\/yoast-seo-wordpress\/ -->\n<title>Flores y Guti\u00e9rrez tocan pelo en Guadalajara - toroestoro<\/title>\n<meta name=\"robots\" content=\"index, follow, max-snippet:-1, max-image-preview:large, max-video-preview:-1\" \/>\n<link rel=\"canonical\" href=\"http:\/\/toroestoro.com\/?p=55940\" \/>\n<meta property=\"og:locale\" content=\"es_MX\" \/>\n<meta property=\"og:type\" content=\"article\" \/>\n<meta property=\"og:title\" content=\"Flores y Guti\u00e9rrez tocan pelo en Guadalajara - toroestoro\" \/>\n<meta property=\"og:description\" content=\"Ante media entrada, comenz\u00f3 la temporada taurina 2026 en El Nuevo Progreso de Guadalajara, dejando como resultado el corte de dos orejas. Se lidiaron ejemplares de Te\u00f3filo G\u00f3mez y uno de Puerta del Cielo que sustituy\u00f3 al primero de la tarde que se lesion\u00f3. Sergio...\" \/>\n<meta property=\"og:url\" content=\"http:\/\/toroestoro.com\/?p=55940\" \/>\n<meta property=\"og:site_name\" content=\"toroestoro\" \/>\n<meta property=\"article:publisher\" content=\"https:\/\/www.facebook.com\/toroestoro\" \/>\n<meta property=\"article:published_time\" content=\"2026-01-26T04:02:00+00:00\" \/>\n<meta property=\"og:image\" content=\"https:\/\/i0.wp.com\/toroestoro.com\/wp-content\/uploads\/2026\/01\/hecgtzgdla25022026.jpg?fit=600%2C563\" \/>\n\t<meta property=\"og:image:width\" content=\"600\" \/>\n\t<meta property=\"og:image:height\" content=\"563\" \/>\n\t<meta property=\"og:image:type\" content=\"image\/jpeg\" \/>\n<meta name=\"author\" content=\"Redacci\u00f3n\" \/>\n<meta name=\"twitter:card\" content=\"summary_large_image\" \/>\n<meta name=\"twitter:creator\" content=\"@toroestoro\" \/>\n<meta name=\"twitter:site\" content=\"@toroestoro\" \/>\n<meta name=\"twitter:label1\" content=\"Escrito por\" \/>\n\t<meta name=\"twitter:data1\" content=\"Redacci\u00f3n\" \/>\n<script type=\"application\/ld+json\" class=\"yoast-schema-graph\">{\"@context\":\"https:\\\/\\\/schema.org\",\"@graph\":[{\"@type\":\"Article\",\"@id\":\"http:\\\/\\\/toroestoro.com\\\/?p=55940#article\",\"isPartOf\":{\"@id\":\"http:\\\/\\\/toroestoro.com\\\/?p=55940\"},\"author\":{\"name\":\"Redacci\u00f3n\",\"@id\":\"http:\\\/\\\/toroestoro.com\\\/#\\\/schema\\\/person\\\/933b198dfa5b65c815857a81fe9774e5\"},\"headline\":\"Flores y Guti\u00e9rrez tocan pelo en Guadalajara\",\"datePublished\":\"2026-01-26T04:02:00+00:00\",\"mainEntityOfPage\":{\"@id\":\"http:\\\/\\\/toroestoro.com\\\/?p=55940\"},\"wordCount\":70,\"commentCount\":0,\"publisher\":{\"@id\":\"http:\\\/\\\/toroestoro.com\\\/#organization\"},\"image\":{\"@id\":\"http:\\\/\\\/toroestoro.com\\\/?p=55940#primaryimage\"},\"thumbnailUrl\":\"https:\\\/\\\/i0.wp.com\\\/toroestoro.com\\\/wp-content\\\/uploads\\\/2026\\\/01\\\/hecgtzgdla25022026.jpg?fit=600%2C563\",\"articleSection\":[\"2026\",\"Guadalajara\"],\"inLanguage\":\"es\",\"potentialAction\":[{\"@type\":\"CommentAction\",\"name\":\"Comment\",\"target\":[\"http:\\\/\\\/toroestoro.com\\\/?p=55940#respond\"]}]},{\"@type\":\"WebPage\",\"@id\":\"http:\\\/\\\/toroestoro.com\\\/?p=55940\",\"url\":\"http:\\\/\\\/toroestoro.com\\\/?p=55940\",\"name\":\"Flores y Guti\u00e9rrez tocan pelo en Guadalajara - toroestoro\",\"isPartOf\":{\"@id\":\"http:\\\/\\\/toroestoro.com\\\/#website\"},\"primaryImageOfPage\":{\"@id\":\"http:\\\/\\\/toroestoro.com\\\/?p=55940#primaryimage\"},\"image\":{\"@id\":\"http:\\\/\\\/toroestoro.com\\\/?p=55940#primaryimage\"},\"thumbnailUrl\":\"https:\\\/\\\/i0.wp.com\\\/toroestoro.com\\\/wp-content\\\/uploads\\\/2026\\\/01\\\/hecgtzgdla25022026.jpg?fit=600%2C563\",\"datePublished\":\"2026-01-26T04:02:00+00:00\",\"breadcrumb\":{\"@id\":\"http:\\\/\\\/toroestoro.com\\\/?p=55940#breadcrumb\"},\"inLanguage\":\"es\",\"potentialAction\":[{\"@type\":\"ReadAction\",\"target\":[\"http:\\\/\\\/toroestoro.com\\\/?p=55940\"]}]},{\"@type\":\"ImageObject\",\"inLanguage\":\"es\",\"@id\":\"http:\\\/\\\/toroestoro.com\\\/?p=55940#primaryimage\",\"url\":\"https:\\\/\\\/i0.wp.com\\\/toroestoro.com\\\/wp-content\\\/uploads\\\/2026\\\/01\\\/hecgtzgdla25022026.jpg?fit=600%2C563\",\"contentUrl\":\"https:\\\/\\\/i0.wp.com\\\/toroestoro.com\\\/wp-content\\\/uploads\\\/2026\\\/01\\\/hecgtzgdla25022026.jpg?fit=600%2C563\",\"width\":600,\"height\":563},{\"@type\":\"BreadcrumbList\",\"@id\":\"http:\\\/\\\/toroestoro.com\\\/?p=55940#breadcrumb\",\"itemListElement\":[{\"@type\":\"ListItem\",\"position\":1,\"name\":\"Inicio\",\"item\":\"http:\\\/\\\/toroestoro.com\\\/\"},{\"@type\":\"ListItem\",\"position\":2,\"name\":\"Flores y Guti\u00e9rrez tocan pelo en Guadalajara\"}]},{\"@type\":\"WebSite\",\"@id\":\"http:\\\/\\\/toroestoro.com\\\/#website\",\"url\":\"http:\\\/\\\/toroestoro.com\\\/\",\"name\":\"toroestoro\",\"description\":\"Por Amor al Arte\",\"publisher\":{\"@id\":\"http:\\\/\\\/toroestoro.com\\\/#organization\"},\"potentialAction\":[{\"@type\":\"SearchAction\",\"target\":{\"@type\":\"EntryPoint\",\"urlTemplate\":\"http:\\\/\\\/toroestoro.com\\\/?s={search_term_string}\"},\"query-input\":{\"@type\":\"PropertyValueSpecification\",\"valueRequired\":true,\"valueName\":\"search_term_string\"}}],\"inLanguage\":\"es\"},{\"@type\":\"Organization\",\"@id\":\"http:\\\/\\\/toroestoro.com\\\/#organization\",\"name\":\"toroestoro\",\"url\":\"http:\\\/\\\/toroestoro.com\\\/\",\"logo\":{\"@type\":\"ImageObject\",\"inLanguage\":\"es\",\"@id\":\"http:\\\/\\\/toroestoro.com\\\/#\\\/schema\\\/logo\\\/image\\\/\",\"url\":\"http:\\\/\\\/toroestoro.com\\\/wp-content\\\/uploads\\\/2021\\\/07\\\/favico.jpg\",\"contentUrl\":\"http:\\\/\\\/toroestoro.com\\\/wp-content\\\/uploads\\\/2021\\\/07\\\/favico.jpg\",\"width\":512,\"height\":512,\"caption\":\"toroestoro\"},\"image\":{\"@id\":\"http:\\\/\\\/toroestoro.com\\\/#\\\/schema\\\/logo\\\/image\\\/\"},\"sameAs\":[\"https:\\\/\\\/www.facebook.com\\\/toroestoro\",\"https:\\\/\\\/x.com\\\/toroestoro\",\"https:\\\/\\\/www.instagram.com\\\/todoestoro\"]},{\"@type\":\"Person\",\"@id\":\"http:\\\/\\\/toroestoro.com\\\/#\\\/schema\\\/person\\\/933b198dfa5b65c815857a81fe9774e5\",\"name\":\"Redacci\u00f3n\",\"image\":{\"@type\":\"ImageObject\",\"inLanguage\":\"es\",\"@id\":\"https:\\\/\\\/secure.gravatar.com\\\/avatar\\\/2ef3acee155e3cf538f358329cebdf6b724fd4160d1649ba34cfacefd1c0580c?s=96&d=mm&r=g\",\"url\":\"https:\\\/\\\/secure.gravatar.com\\\/avatar\\\/2ef3acee155e3cf538f358329cebdf6b724fd4160d1649ba34cfacefd1c0580c?s=96&d=mm&r=g\",\"contentUrl\":\"https:\\\/\\\/secure.gravatar.com\\\/avatar\\\/2ef3acee155e3cf538f358329cebdf6b724fd4160d1649ba34cfacefd1c0580c?s=96&d=mm&r=g\",\"caption\":\"Redacci\u00f3n\"},\"url\":\"http:\\\/\\\/toroestoro.com\\\/?author=10\"}]}<\/script>\n<!-- \/ Yoast SEO plugin. -->","yoast_head_json":{"title":"Flores y Guti\u00e9rrez tocan pelo en Guadalajara - toroestoro","robots":{"index":"index","follow":"follow","max-snippet":"max-snippet:-1","max-image-preview":"max-image-preview:large","max-video-preview":"max-video-preview:-1"},"canonical":"http:\/\/toroestoro.com\/?p=55940","og_locale":"es_MX","og_type":"article","og_title":"Flores y Guti\u00e9rrez tocan pelo en Guadalajara - toroestoro","og_description":"Ante media entrada, comenz\u00f3 la temporada taurina 2026 en El Nuevo Progreso de Guadalajara, dejando como resultado el corte de dos orejas. Se lidiaron ejemplares de Te\u00f3filo G\u00f3mez y uno de Puerta del Cielo que sustituy\u00f3 al primero de la tarde que se lesion\u00f3. Sergio...","og_url":"http:\/\/toroestoro.com\/?p=55940","og_site_name":"toroestoro","article_publisher":"https:\/\/www.facebook.com\/toroestoro","article_published_time":"2026-01-26T04:02:00+00:00","og_image":[{"width":600,"height":563,"url":"https:\/\/i0.wp.com\/toroestoro.com\/wp-content\/uploads\/2026\/01\/hecgtzgdla25022026.jpg?fit=600%2C563","type":"image\/jpeg"}],"author":"Redacci\u00f3n","twitter_card":"summary_large_image","twitter_creator":"@toroestoro","twitter_site":"@toroestoro","twitter_misc":{"Escrito por":"Redacci\u00f3n"},"schema":{"@context":"https:\/\/schema.org","@graph":[{"@type":"Article","@id":"http:\/\/toroestoro.com\/?p=55940#article","isPartOf":{"@id":"http:\/\/toroestoro.com\/?p=55940"},"author":{"name":"Redacci\u00f3n","@id":"http:\/\/toroestoro.com\/#\/schema\/person\/933b198dfa5b65c815857a81fe9774e5"},"headline":"Flores y Guti\u00e9rrez tocan pelo en Guadalajara","datePublished":"2026-01-26T04:02:00+00:00","mainEntityOfPage":{"@id":"http:\/\/toroestoro.com\/?p=55940"},"wordCount":70,"commentCount":0,"publisher":{"@id":"http:\/\/toroestoro.com\/#organization"},"image":{"@id":"http:\/\/toroestoro.com\/?p=55940#primaryimage"},"thumbnailUrl":"https:\/\/i0.wp.com\/toroestoro.com\/wp-content\/uploads\/2026\/01\/hecgtzgdla25022026.jpg?fit=600%2C563","articleSection":["2026","Guadalajara"],"inLanguage":"es","potentialAction":[{"@type":"CommentAction","name":"Comment","target":["http:\/\/toroestoro.com\/?p=55940#respond"]}]},{"@type":"WebPage","@id":"http:\/\/toroestoro.com\/?p=55940","url":"http:\/\/toroestoro.com\/?p=55940","name":"Flores y Guti\u00e9rrez tocan pelo en Guadalajara - toroestoro","isPartOf":{"@id":"http:\/\/toroestoro.com\/#website"},"primaryImageOfPage":{"@id":"http:\/\/toroestoro.com\/?p=55940#primaryimage"},"image":{"@id":"http:\/\/toroestoro.com\/?p=55940#primaryimage"},"thumbnailUrl":"https:\/\/i0.wp.com\/toroestoro.com\/wp-content\/uploads\/2026\/01\/hecgtzgdla25022026.jpg?fit=600%2C563","datePublished":"2026-01-26T04:02:00+00:00","breadcrumb":{"@id":"http:\/\/toroestoro.com\/?p=55940#breadcrumb"},"inLanguage":"es","potentialAction":[{"@type":"ReadAction","target":["http:\/\/toroestoro.com\/?p=55940"]}]},{"@type":"ImageObject","inLanguage":"es","@id":"http:\/\/toroestoro.com\/?p=55940#primaryimage","url":"https:\/\/i0.wp.com\/toroestoro.com\/wp-content\/uploads\/2026\/01\/hecgtzgdla25022026.jpg?fit=600%2C563","contentUrl":"https:\/\/i0.wp.com\/toroestoro.com\/wp-content\/uploads\/2026\/01\/hecgtzgdla25022026.jpg?fit=600%2C563","width":600,"height":563},{"@type":"BreadcrumbList","@id":"http:\/\/toroestoro.com\/?p=55940#breadcrumb","itemListElement":[{"@type":"ListItem","position":1,"name":"Inicio","item":"http:\/\/toroestoro.com\/"},{"@type":"ListItem","position":2,"name":"Flores y Guti\u00e9rrez tocan pelo en Guadalajara"}]},{"@type":"WebSite","@id":"http:\/\/toroestoro.com\/#website","url":"http:\/\/toroestoro.com\/","name":"toroestoro","description":"Por Amor al Arte","publisher":{"@id":"http:\/\/toroestoro.com\/#organization"},"potentialAction":[{"@type":"SearchAction","target":{"@type":"EntryPoint","urlTemplate":"http:\/\/toroestoro.com\/?s={search_term_string}"},"query-input":{"@type":"PropertyValueSpecification","valueRequired":true,"valueName":"search_term_string"}}],"inLanguage":"es"},{"@type":"Organization","@id":"http:\/\/toroestoro.com\/#organization","name":"toroestoro","url":"http:\/\/toroestoro.com\/","logo":{"@type":"ImageObject","inLanguage":"es","@id":"http:\/\/toroestoro.com\/#\/schema\/logo\/image\/","url":"http:\/\/toroestoro.com\/wp-content\/uploads\/2021\/07\/favico.jpg","contentUrl":"http:\/\/toroestoro.com\/wp-content\/uploads\/2021\/07\/favico.jpg","width":512,"height":512,"caption":"toroestoro"},"image":{"@id":"http:\/\/toroestoro.com\/#\/schema\/logo\/image\/"},"sameAs":["https:\/\/www.facebook.com\/toroestoro","https:\/\/x.com\/toroestoro","https:\/\/www.instagram.com\/todoestoro"]},{"@type":"Person","@id":"http:\/\/toroestoro.com\/#\/schema\/person\/933b198dfa5b65c815857a81fe9774e5","name":"Redacci\u00f3n","image":{"@type":"ImageObject","inLanguage":"es","@id":"https:\/\/secure.gravatar.com\/avatar\/2ef3acee155e3cf538f358329cebdf6b724fd4160d1649ba34cfacefd1c0580c?s=96&d=mm&r=g","url":"https:\/\/secure.gravatar.com\/avatar\/2ef3acee155e3cf538f358329cebdf6b724fd4160d1649ba34cfacefd1c0580c?s=96&d=mm&r=g","contentUrl":"https:\/\/secure.gravatar.com\/avatar\/2ef3acee155e3cf538f358329cebdf6b724fd4160d1649ba34cfacefd1c0580c?s=96&d=mm&r=g","caption":"Redacci\u00f3n"},"url":"http:\/\/toroestoro.com\/?author=10"}]}},"jetpack_featured_media_url":"https:\/\/i0.wp.com\/toroestoro.com\/wp-content\/uploads\/2026\/01\/hecgtzgdla25022026.jpg?fit=600%2C563","jetpack_likes_enabled":true,"jetpack_sharing_enabled":true,"_links":{"self":[{"href":"http:\/\/toroestoro.com\/index.php?rest_route=\/wp\/v2\/posts\/55940","targetHints":{"allow":["GET"]}}],"collection":[{"href":"http:\/\/toroestoro.com\/index.php?rest_route=\/wp\/v2\/posts"}],"about":[{"href":"http:\/\/toroestoro.com\/index.php?rest_route=\/wp\/v2\/types\/post"}],"author":[{"embeddable":true,"href":"http:\/\/toroestoro.com\/index.php?rest_route=\/wp\/v2\/users\/10"}],"replies":[{"embeddable":true,"href":"http:\/\/toroestoro.com\/index.php?rest_route=%2Fwp%2Fv2%2Fcomments&post=55940"}],"version-history":[{"count":0,"href":"http:\/\/toroestoro.com\/index.php?rest_route=\/wp\/v2\/posts\/55940\/revisions"}],"wp:featuredmedia":[{"embeddable":true,"href":"http:\/\/toroestoro.com\/index.php?rest_route=\/wp\/v2\/media\/55939"}],"wp:attachment":[{"href":"http:\/\/toroestoro.com\/index.php?rest_route=%2Fwp%2Fv2%2Fmedia&parent=55940"}],"wp:term":[{"taxonomy":"category","embeddable":true,"href":"http:\/\/toroestoro.com\/index.php?rest_route=%2Fwp%2Fv2%2Fcategories&post=55940"},{"taxonomy":"post_tag","embeddable":true,"href":"http:\/\/toroestoro.com\/index.php?rest_route=%2Fwp%2Fv2%2Ftags&post=55940"}],"curies":[{"name":"wp","href":"https:\/\/api.w.org\/{rel}","templated":true}]}}