{"id":55975,"date":"2026-03-14T21:22:15","date_gmt":"2026-03-15T03:22:15","guid":{"rendered":"https:\/\/toroestoro.com\/?p=55975"},"modified":"2026-03-14T21:22:15","modified_gmt":"2026-03-15T03:22:15","slug":"oreja-para-saldivar-en-la-apertura-de-texcoco","status":"publish","type":"post","link":"http:\/\/toroestoro.com\/?p=55975","title":{"rendered":"Oreja para Sald\u00edvar en la apertura de Texcoco"},"content":{"rendered":"<h2 class=\"sub-title-primary\"><\/h2> \n<p class=\"MsoNormal\">Durante la primera corrida de la Feria del Caballo 2026 en la plaza Silverio P\u00e9rez se lidi\u00f3 un serio y buen encierro de la ganader\u00eda potosina G\u00f3mez Valle, los toros corridos en segundo y tercer lugar, fueron aplaudidos en el arrastre. En general los toros permitieron el buen toreo, a excepci\u00f3n del lote de Armillita IV que fue el que dio menos opciones.<\/p>\n\n\n\n<p class=\"MsoNormal\">Si bien Arturo Sald\u00edvar cort\u00f3 la oreja del segundo astado, debi\u00f3 haber cosechado otra del quinto bis, pues el de la dehesa titular, se rompi\u00f3 un pit\u00f3n y fue sustituido por otro de Real de Saltillo, al que pinch\u00f3, para dejar escapar la salida en hombros. Jos\u00e9 Mauricio tambi\u00e9n pinch\u00f3 al primero, y perdi\u00f3 una oreja, el cuarto se rompi\u00f3 un pit\u00f3n al rematar en un burladero, por lo que regal\u00f3 un s\u00e9ptimo ejemplar al que le ejecut\u00f3 una faena de clase pero que no remat\u00f3 con la espada.<\/p>\n\n\n\n<p class=\"MsoNormal\">La corrida que fue en honor al empresario y ganadero de toros de lidia, Carlos Peralta Quintero, quien se encuentra delicado de salud, por lo que los toros llevaron nombres alusivos a \u00e9l. Cada uno de los toreros, le brindaron a la distancia, el primer ejemplar de sus respectivos lotes. El festejo transcurri\u00f3 de esta manera.<\/p>\n\n\n\n<p class=\"MsoNormal\">\u201cMexicano ejemplar\u201d, de 462 kilos, del hierro de G\u00f3mez Valle, fue el que abri\u00f3 plaza, correspondiendo a Jos\u00e9 Mauricio, que abrevi\u00f3 con el percal. En la muleta, con mucha suavidad comenz\u00f3 su faena. Por derecho, franco, con mucha suavidad lig\u00f3 una serie de pausa, ante un toro que le falt\u00f3 transmisi\u00f3n. El torero capitalino busc\u00f3 dar espacio y respiro al burel para conseguir el toreo con hondura por el izquierdo donde se emple\u00f3 mejor el astado de G\u00f3mez Valle. Dejando la muleta en la cara, y aguantando el cite, as\u00ed fue como fueron los \u00faltimos pasajes de una madura actuaci\u00f3n.&nbsp;<\/p>\n\n\n\n<p class=\"MsoNormal\">El segundo del festejo, un toro llamado \u201cGran Amigo\u201d, de 490 kilos, del hierro de G\u00f3mez Valle, correspondiendo a Arturo Sald\u00edvar, que comenz\u00f3 con poder y verdad con la muleta ante un toro bravo, exigente, con transmisi\u00f3n con el que rompi\u00f3 muy pronto, encaminando su faena a la entrega y naturalidad por el derecho, con hondura infinita y un temple sobrado.&nbsp;<\/p>\n\n\n\n<p class=\"MsoNormal\">Arturo Sald\u00edvar mostr\u00f3 hoy su mejor versi\u00f3n, y as\u00ed tambi\u00e9n se reflej\u00f3 en la entrega en el tendido. Por el izquierdo, el toro protest\u00f3 m\u00e1s, punteando el enga\u00f1o y terminando con la cabeza arriba. En los \u00faltimos pasajes se meti\u00f3 entre los pitones en una declaratoria firme de tener en las manos el triunfo. La estocada fue el cierre a su importante faena. Cort\u00f3 una oreja con petici\u00f3n de la segunda. Palmas al toro en el arrastre.&nbsp;<\/p>\n\n\n\n<p class=\"MsoNormal\">\u201cIngeniero\u201d, de 485 kilos, de G\u00f3mez Valle, para Ferm\u00edn Espinosa \u201cArmillita IV\u201d, que abrevi\u00f3 con el percal. Con la muleta, destellos de calidad por ambos pitones, con muletazos de buen trazo. El toro embisti\u00f3 franco por derecho y el de Aguascalientes, tore\u00f3 asentado, corriendo la mano y disfrutando de una actuaci\u00f3n con solera que lleg\u00f3 al tendido. La faena fue creciendo en intensidad, en una actuaci\u00f3n variada y por ambos pitones. La espada le priv\u00f3 del triunfo. El toro fue aplaudido en el arrastre.&nbsp;<\/p>\n\n\n\n<p class=\"MsoNormal\">\u201cAlma de Peralta\u201d, de 500 kilos, cuarto&nbsp;de la tarde, para Jos\u00e9 Mauricio, que abrevi\u00f3 su faena, toda vez que el toro remat\u00f3 en un burladero y se lastim\u00f3 el pit\u00f3n izquierdo. Anuncia el regalo de un toro.&nbsp;<\/p>\n\n\n\n<p class=\"MsoNormal\">\u201cInvencible\u201d, de 512 kilos, ha sido el quinto bis, de Real de Saltillo, con el que Arturo Sald\u00edvar se abri\u00f3 con el alma, pues se dispuso de rodillas a iniciar una faena de muleta donde prevaleci\u00f3 el pundonor. El toro sab\u00eda lo que hab\u00eda por delante, pero la garra y arrojo del hidroc\u00e1lido se impuso, poderoso, ligando las series con derechazos limpios y de buen trazo. Lo que hoy ha logrado Sald\u00edvar le permite de nueva cuenta levantar la mano. No coron\u00f3 con la espada. El astado, aplaudido en el arrastre.&nbsp;<\/p>\n\n\n\n<p class=\"MsoNormal\">El sexto, \u201cDon Carlos\u201d, de 523 kilos, para Ferm\u00edn Espinosa \u201cArmillita\u201d, que estuvo por encima de lo poco que ofreci\u00f3 el de G\u00f3mez Valle. Faena voluntariosa, buscando ambos pitones, y logrando pasajes de lucimiento. Se retir\u00f3 entre palmas.<\/p>\n\n\n\n<p class=\"MsoNormal\">El toro de regalo de Jos\u00e9 Mauricio llev\u00f3 por nombre \u201cEterno\u201d, de 621 kilos, de G\u00f3mez Valle. Tersura llev\u00f3 el capote de Jos\u00e9 Mauricio al recrearse por ver\u00f3nicas. Se solt\u00f3 la fuerte lluvia en la \u201cSilverio P\u00e9rez\u201d, y pese a ello, la afici\u00f3n esper\u00f3, acompa\u00f1ando al torero en una faena donde rein\u00f3 la clase y el temple ante un toro que pese a los kilos embisti\u00f3 con calidad, permitiendo lo mejor por el derecho. Asentando y con ritmo, llev\u00f3 la faena que lleg\u00f3 a lo m\u00e1s alto. La espada le priv\u00f3 del triunfo, quedando en una gran ovaci\u00f3n del respetable.<\/p>\n\n\n\n<p class=\"MsoNormal\">&nbsp;FICHA<\/p>\n\n\n\n<p class=\"MsoNormal\">S\u00c1BADO 14 DE MARZO DE 2026.<\/p>\n\n\n\n<p class=\"MsoNormal\">Texcoco, Estado de M\u00e9xico. Plaza de Toros \u201cSilverio P\u00e9rez\u201d. Tarde apacible pero que termin\u00f3 con lluvia intensa en el toro de regalo. Primera Corrida del Serial Taurino de la Feria del Caballo. Se lidiaron toros de G\u00f3mez Valle y uno de Real de Saltillo (quinto bis), bien presentados y de buen juego, destacando segundo y tercero, siendo aplaudidos en el arrastre. El quinto bis fue de Real de Saltillo, ya que el toro titular se despitorr\u00f3 al rematar con un burladero. Se regal\u00f3 un toro del hierro titular.&nbsp;<\/p>\n\n\n\n<p class=\"MsoNormal\"><strong>Jos\u00e9 Mauricio<\/strong>: Palmas en su lote y en el de regalo.&nbsp;<\/p>\n\n\n\n<p class=\"MsoNormal\">&nbsp;<strong>Arturo Sald\u00edvar<\/strong>:&nbsp; Oreja y palmas tras aviso.&nbsp;<\/p>\n\n\n\n<p class=\"MsoNormal\"><strong>&nbsp;Ferm\u00edn Espinosa \u201cArmillita IV\u201d<\/strong>Palmas tras aviso en ambos.<\/p>\n\n\n\n<p class=\"MsoNormal\">Incidencias: La corrida fue en honor al empresario y ganadero de toros de lidia, Carlos Peralta Quintero, quien se encuentra delicado de salud, por lo que los toros llevaron nombres alusivos a \u00e9l. <\/p>\n\n\n\n<p class=\"MsoNormal\">Cada uno de los toreros, le brindaron a la distancia, el primer toro de sus respectivos lotes.<\/p>\n","protected":false},"excerpt":{"rendered":"<p>Durante la primera corrida de la Feria del Caballo 2026 en la plaza Silverio P\u00e9rez se lidi\u00f3 un serio y buen encierro de la ganader\u00eda potosina G\u00f3mez Valle, los toros corridos en segundo y tercer lugar, fueron aplaudidos en el arrastre. En general los toros&#8230;<\/p>\n","protected":false},"author":13,"featured_media":55974,"comment_status":"open","ping_status":"open","sticky":false,"template":"","format":"standard","meta":{"ngg_post_thumbnail":0,"jetpack_post_was_ever_published":false,"_jetpack_newsletter_access":"","_jetpack_dont_email_post_to_subs":false,"_jetpack_newsletter_tier_id":0,"_jetpack_memberships_contains_paywalled_content":false,"_jetpack_memberships_contains_paid_content":false,"footnotes":""},"categories":[527,217],"tags":[],"class_list":["post-55975","post","type-post","status-publish","format-standard","has-post-thumbnail","hentry","category-527","category-texcoco"],"yoast_head":"<!-- This site is optimized with the Yoast SEO plugin v27.5 - https:\/\/yoast.com\/product\/yoast-seo-wordpress\/ -->\n<title>Oreja para Sald\u00edvar en la apertura de Texcoco - toroestoro<\/title>\n<meta name=\"robots\" content=\"index, follow, max-snippet:-1, max-image-preview:large, max-video-preview:-1\" \/>\n<link rel=\"canonical\" href=\"http:\/\/toroestoro.com\/?p=55975\" \/>\n<meta property=\"og:locale\" content=\"es_MX\" \/>\n<meta property=\"og:type\" content=\"article\" \/>\n<meta property=\"og:title\" content=\"Oreja para Sald\u00edvar en la apertura de Texcoco - toroestoro\" \/>\n<meta property=\"og:description\" content=\"Durante la primera corrida de la Feria del Caballo 2026 en la plaza Silverio P\u00e9rez se lidi\u00f3 un serio y buen encierro de la ganader\u00eda potosina G\u00f3mez Valle, los toros corridos en segundo y tercer lugar, fueron aplaudidos en el arrastre. En general los toros...\" \/>\n<meta property=\"og:url\" content=\"http:\/\/toroestoro.com\/?p=55975\" \/>\n<meta property=\"og:site_name\" content=\"toroestoro\" \/>\n<meta property=\"article:publisher\" content=\"https:\/\/www.facebook.com\/toroestoro\" \/>\n<meta property=\"article:published_time\" content=\"2026-03-15T03:22:15+00:00\" \/>\n<meta property=\"og:image\" content=\"https:\/\/i0.wp.com\/toroestoro.com\/wp-content\/uploads\/2026\/03\/saldivarorejatex11032026.jpg?fit=600%2C518\" \/>\n\t<meta property=\"og:image:width\" content=\"600\" \/>\n\t<meta property=\"og:image:height\" content=\"518\" \/>\n\t<meta property=\"og:image:type\" content=\"image\/jpeg\" \/>\n<meta name=\"author\" content=\"Marysol Fragoso\" \/>\n<meta name=\"twitter:card\" content=\"summary_large_image\" \/>\n<meta name=\"twitter:creator\" content=\"@toroestoro\" \/>\n<meta name=\"twitter:site\" content=\"@toroestoro\" \/>\n<meta name=\"twitter:label1\" content=\"Escrito por\" \/>\n\t<meta name=\"twitter:data1\" content=\"Marysol Fragoso\" \/>\n\t<meta name=\"twitter:label2\" content=\"Tiempo de lectura\" \/>\n\t<meta name=\"twitter:data2\" content=\"5 minutos\" \/>\n<script type=\"application\/ld+json\" class=\"yoast-schema-graph\">{\"@context\":\"https:\\\/\\\/schema.org\",\"@graph\":[{\"@type\":\"Article\",\"@id\":\"http:\\\/\\\/toroestoro.com\\\/?p=55975#article\",\"isPartOf\":{\"@id\":\"http:\\\/\\\/toroestoro.com\\\/?p=55975\"},\"author\":{\"name\":\"Marysol Fragoso\",\"@id\":\"http:\\\/\\\/toroestoro.com\\\/#\\\/schema\\\/person\\\/952c4f312b6d30220e730aec26092469\"},\"headline\":\"Oreja para Sald\u00edvar en la apertura de Texcoco\",\"datePublished\":\"2026-03-15T03:22:15+00:00\",\"mainEntityOfPage\":{\"@id\":\"http:\\\/\\\/toroestoro.com\\\/?p=55975\"},\"wordCount\":1029,\"commentCount\":0,\"publisher\":{\"@id\":\"http:\\\/\\\/toroestoro.com\\\/#organization\"},\"image\":{\"@id\":\"http:\\\/\\\/toroestoro.com\\\/?p=55975#primaryimage\"},\"thumbnailUrl\":\"https:\\\/\\\/i0.wp.com\\\/toroestoro.com\\\/wp-content\\\/uploads\\\/2026\\\/03\\\/saldivarorejatex11032026.jpg?fit=600%2C518\",\"articleSection\":[\"2026\",\"Texcoco\"],\"inLanguage\":\"es\",\"potentialAction\":[{\"@type\":\"CommentAction\",\"name\":\"Comment\",\"target\":[\"http:\\\/\\\/toroestoro.com\\\/?p=55975#respond\"]}]},{\"@type\":\"WebPage\",\"@id\":\"http:\\\/\\\/toroestoro.com\\\/?p=55975\",\"url\":\"http:\\\/\\\/toroestoro.com\\\/?p=55975\",\"name\":\"Oreja para Sald\u00edvar en la apertura de Texcoco - toroestoro\",\"isPartOf\":{\"@id\":\"http:\\\/\\\/toroestoro.com\\\/#website\"},\"primaryImageOfPage\":{\"@id\":\"http:\\\/\\\/toroestoro.com\\\/?p=55975#primaryimage\"},\"image\":{\"@id\":\"http:\\\/\\\/toroestoro.com\\\/?p=55975#primaryimage\"},\"thumbnailUrl\":\"https:\\\/\\\/i0.wp.com\\\/toroestoro.com\\\/wp-content\\\/uploads\\\/2026\\\/03\\\/saldivarorejatex11032026.jpg?fit=600%2C518\",\"datePublished\":\"2026-03-15T03:22:15+00:00\",\"breadcrumb\":{\"@id\":\"http:\\\/\\\/toroestoro.com\\\/?p=55975#breadcrumb\"},\"inLanguage\":\"es\",\"potentialAction\":[{\"@type\":\"ReadAction\",\"target\":[\"http:\\\/\\\/toroestoro.com\\\/?p=55975\"]}]},{\"@type\":\"ImageObject\",\"inLanguage\":\"es\",\"@id\":\"http:\\\/\\\/toroestoro.com\\\/?p=55975#primaryimage\",\"url\":\"https:\\\/\\\/i0.wp.com\\\/toroestoro.com\\\/wp-content\\\/uploads\\\/2026\\\/03\\\/saldivarorejatex11032026.jpg?fit=600%2C518\",\"contentUrl\":\"https:\\\/\\\/i0.wp.com\\\/toroestoro.com\\\/wp-content\\\/uploads\\\/2026\\\/03\\\/saldivarorejatex11032026.jpg?fit=600%2C518\",\"width\":600,\"height\":518},{\"@type\":\"BreadcrumbList\",\"@id\":\"http:\\\/\\\/toroestoro.com\\\/?p=55975#breadcrumb\",\"itemListElement\":[{\"@type\":\"ListItem\",\"position\":1,\"name\":\"Inicio\",\"item\":\"http:\\\/\\\/toroestoro.com\\\/\"},{\"@type\":\"ListItem\",\"position\":2,\"name\":\"Oreja para Sald\u00edvar en la apertura de Texcoco\"}]},{\"@type\":\"WebSite\",\"@id\":\"http:\\\/\\\/toroestoro.com\\\/#website\",\"url\":\"http:\\\/\\\/toroestoro.com\\\/\",\"name\":\"toroestoro\",\"description\":\"Por Amor al Arte\",\"publisher\":{\"@id\":\"http:\\\/\\\/toroestoro.com\\\/#organization\"},\"potentialAction\":[{\"@type\":\"SearchAction\",\"target\":{\"@type\":\"EntryPoint\",\"urlTemplate\":\"http:\\\/\\\/toroestoro.com\\\/?s={search_term_string}\"},\"query-input\":{\"@type\":\"PropertyValueSpecification\",\"valueRequired\":true,\"valueName\":\"search_term_string\"}}],\"inLanguage\":\"es\"},{\"@type\":\"Organization\",\"@id\":\"http:\\\/\\\/toroestoro.com\\\/#organization\",\"name\":\"toroestoro\",\"url\":\"http:\\\/\\\/toroestoro.com\\\/\",\"logo\":{\"@type\":\"ImageObject\",\"inLanguage\":\"es\",\"@id\":\"http:\\\/\\\/toroestoro.com\\\/#\\\/schema\\\/logo\\\/image\\\/\",\"url\":\"http:\\\/\\\/toroestoro.com\\\/wp-content\\\/uploads\\\/2021\\\/07\\\/favico.jpg\",\"contentUrl\":\"http:\\\/\\\/toroestoro.com\\\/wp-content\\\/uploads\\\/2021\\\/07\\\/favico.jpg\",\"width\":512,\"height\":512,\"caption\":\"toroestoro\"},\"image\":{\"@id\":\"http:\\\/\\\/toroestoro.com\\\/#\\\/schema\\\/logo\\\/image\\\/\"},\"sameAs\":[\"https:\\\/\\\/www.facebook.com\\\/toroestoro\",\"https:\\\/\\\/x.com\\\/toroestoro\",\"https:\\\/\\\/www.instagram.com\\\/todoestoro\"]},{\"@type\":\"Person\",\"@id\":\"http:\\\/\\\/toroestoro.com\\\/#\\\/schema\\\/person\\\/952c4f312b6d30220e730aec26092469\",\"name\":\"Marysol Fragoso\",\"image\":{\"@type\":\"ImageObject\",\"inLanguage\":\"es\",\"@id\":\"https:\\\/\\\/secure.gravatar.com\\\/avatar\\\/402726660a80a0019b37e7044b25a2937dda42f7796dbbe73a0017a8a26f2396?s=96&d=mm&r=g\",\"url\":\"https:\\\/\\\/secure.gravatar.com\\\/avatar\\\/402726660a80a0019b37e7044b25a2937dda42f7796dbbe73a0017a8a26f2396?s=96&d=mm&r=g\",\"contentUrl\":\"https:\\\/\\\/secure.gravatar.com\\\/avatar\\\/402726660a80a0019b37e7044b25a2937dda42f7796dbbe73a0017a8a26f2396?s=96&d=mm&r=g\",\"caption\":\"Marysol Fragoso\"},\"url\":\"http:\\\/\\\/toroestoro.com\\\/?author=13\"}]}<\/script>\n<!-- \/ Yoast SEO plugin. -->","yoast_head_json":{"title":"Oreja para Sald\u00edvar en la apertura de Texcoco - toroestoro","robots":{"index":"index","follow":"follow","max-snippet":"max-snippet:-1","max-image-preview":"max-image-preview:large","max-video-preview":"max-video-preview:-1"},"canonical":"http:\/\/toroestoro.com\/?p=55975","og_locale":"es_MX","og_type":"article","og_title":"Oreja para Sald\u00edvar en la apertura de Texcoco - toroestoro","og_description":"Durante la primera corrida de la Feria del Caballo 2026 en la plaza Silverio P\u00e9rez se lidi\u00f3 un serio y buen encierro de la ganader\u00eda potosina G\u00f3mez Valle, los toros corridos en segundo y tercer lugar, fueron aplaudidos en el arrastre. En general los toros...","og_url":"http:\/\/toroestoro.com\/?p=55975","og_site_name":"toroestoro","article_publisher":"https:\/\/www.facebook.com\/toroestoro","article_published_time":"2026-03-15T03:22:15+00:00","og_image":[{"width":600,"height":518,"url":"https:\/\/i0.wp.com\/toroestoro.com\/wp-content\/uploads\/2026\/03\/saldivarorejatex11032026.jpg?fit=600%2C518","type":"image\/jpeg"}],"author":"Marysol Fragoso","twitter_card":"summary_large_image","twitter_creator":"@toroestoro","twitter_site":"@toroestoro","twitter_misc":{"Escrito por":"Marysol Fragoso","Tiempo de lectura":"5 minutos"},"schema":{"@context":"https:\/\/schema.org","@graph":[{"@type":"Article","@id":"http:\/\/toroestoro.com\/?p=55975#article","isPartOf":{"@id":"http:\/\/toroestoro.com\/?p=55975"},"author":{"name":"Marysol Fragoso","@id":"http:\/\/toroestoro.com\/#\/schema\/person\/952c4f312b6d30220e730aec26092469"},"headline":"Oreja para Sald\u00edvar en la apertura de Texcoco","datePublished":"2026-03-15T03:22:15+00:00","mainEntityOfPage":{"@id":"http:\/\/toroestoro.com\/?p=55975"},"wordCount":1029,"commentCount":0,"publisher":{"@id":"http:\/\/toroestoro.com\/#organization"},"image":{"@id":"http:\/\/toroestoro.com\/?p=55975#primaryimage"},"thumbnailUrl":"https:\/\/i0.wp.com\/toroestoro.com\/wp-content\/uploads\/2026\/03\/saldivarorejatex11032026.jpg?fit=600%2C518","articleSection":["2026","Texcoco"],"inLanguage":"es","potentialAction":[{"@type":"CommentAction","name":"Comment","target":["http:\/\/toroestoro.com\/?p=55975#respond"]}]},{"@type":"WebPage","@id":"http:\/\/toroestoro.com\/?p=55975","url":"http:\/\/toroestoro.com\/?p=55975","name":"Oreja para Sald\u00edvar en la apertura de Texcoco - toroestoro","isPartOf":{"@id":"http:\/\/toroestoro.com\/#website"},"primaryImageOfPage":{"@id":"http:\/\/toroestoro.com\/?p=55975#primaryimage"},"image":{"@id":"http:\/\/toroestoro.com\/?p=55975#primaryimage"},"thumbnailUrl":"https:\/\/i0.wp.com\/toroestoro.com\/wp-content\/uploads\/2026\/03\/saldivarorejatex11032026.jpg?fit=600%2C518","datePublished":"2026-03-15T03:22:15+00:00","breadcrumb":{"@id":"http:\/\/toroestoro.com\/?p=55975#breadcrumb"},"inLanguage":"es","potentialAction":[{"@type":"ReadAction","target":["http:\/\/toroestoro.com\/?p=55975"]}]},{"@type":"ImageObject","inLanguage":"es","@id":"http:\/\/toroestoro.com\/?p=55975#primaryimage","url":"https:\/\/i0.wp.com\/toroestoro.com\/wp-content\/uploads\/2026\/03\/saldivarorejatex11032026.jpg?fit=600%2C518","contentUrl":"https:\/\/i0.wp.com\/toroestoro.com\/wp-content\/uploads\/2026\/03\/saldivarorejatex11032026.jpg?fit=600%2C518","width":600,"height":518},{"@type":"BreadcrumbList","@id":"http:\/\/toroestoro.com\/?p=55975#breadcrumb","itemListElement":[{"@type":"ListItem","position":1,"name":"Inicio","item":"http:\/\/toroestoro.com\/"},{"@type":"ListItem","position":2,"name":"Oreja para Sald\u00edvar en la apertura de Texcoco"}]},{"@type":"WebSite","@id":"http:\/\/toroestoro.com\/#website","url":"http:\/\/toroestoro.com\/","name":"toroestoro","description":"Por Amor al Arte","publisher":{"@id":"http:\/\/toroestoro.com\/#organization"},"potentialAction":[{"@type":"SearchAction","target":{"@type":"EntryPoint","urlTemplate":"http:\/\/toroestoro.com\/?s={search_term_string}"},"query-input":{"@type":"PropertyValueSpecification","valueRequired":true,"valueName":"search_term_string"}}],"inLanguage":"es"},{"@type":"Organization","@id":"http:\/\/toroestoro.com\/#organization","name":"toroestoro","url":"http:\/\/toroestoro.com\/","logo":{"@type":"ImageObject","inLanguage":"es","@id":"http:\/\/toroestoro.com\/#\/schema\/logo\/image\/","url":"http:\/\/toroestoro.com\/wp-content\/uploads\/2021\/07\/favico.jpg","contentUrl":"http:\/\/toroestoro.com\/wp-content\/uploads\/2021\/07\/favico.jpg","width":512,"height":512,"caption":"toroestoro"},"image":{"@id":"http:\/\/toroestoro.com\/#\/schema\/logo\/image\/"},"sameAs":["https:\/\/www.facebook.com\/toroestoro","https:\/\/x.com\/toroestoro","https:\/\/www.instagram.com\/todoestoro"]},{"@type":"Person","@id":"http:\/\/toroestoro.com\/#\/schema\/person\/952c4f312b6d30220e730aec26092469","name":"Marysol Fragoso","image":{"@type":"ImageObject","inLanguage":"es","@id":"https:\/\/secure.gravatar.com\/avatar\/402726660a80a0019b37e7044b25a2937dda42f7796dbbe73a0017a8a26f2396?s=96&d=mm&r=g","url":"https:\/\/secure.gravatar.com\/avatar\/402726660a80a0019b37e7044b25a2937dda42f7796dbbe73a0017a8a26f2396?s=96&d=mm&r=g","contentUrl":"https:\/\/secure.gravatar.com\/avatar\/402726660a80a0019b37e7044b25a2937dda42f7796dbbe73a0017a8a26f2396?s=96&d=mm&r=g","caption":"Marysol Fragoso"},"url":"http:\/\/toroestoro.com\/?author=13"}]}},"jetpack_featured_media_url":"https:\/\/i0.wp.com\/toroestoro.com\/wp-content\/uploads\/2026\/03\/saldivarorejatex11032026.jpg?fit=600%2C518","jetpack_likes_enabled":true,"jetpack_sharing_enabled":true,"_links":{"self":[{"href":"http:\/\/toroestoro.com\/index.php?rest_route=\/wp\/v2\/posts\/55975","targetHints":{"allow":["GET"]}}],"collection":[{"href":"http:\/\/toroestoro.com\/index.php?rest_route=\/wp\/v2\/posts"}],"about":[{"href":"http:\/\/toroestoro.com\/index.php?rest_route=\/wp\/v2\/types\/post"}],"author":[{"embeddable":true,"href":"http:\/\/toroestoro.com\/index.php?rest_route=\/wp\/v2\/users\/13"}],"replies":[{"embeddable":true,"href":"http:\/\/toroestoro.com\/index.php?rest_route=%2Fwp%2Fv2%2Fcomments&post=55975"}],"version-history":[{"count":0,"href":"http:\/\/toroestoro.com\/index.php?rest_route=\/wp\/v2\/posts\/55975\/revisions"}],"wp:featuredmedia":[{"embeddable":true,"href":"http:\/\/toroestoro.com\/index.php?rest_route=\/wp\/v2\/media\/55974"}],"wp:attachment":[{"href":"http:\/\/toroestoro.com\/index.php?rest_route=%2Fwp%2Fv2%2Fmedia&parent=55975"}],"wp:term":[{"taxonomy":"category","embeddable":true,"href":"http:\/\/toroestoro.com\/index.php?rest_route=%2Fwp%2Fv2%2Fcategories&post=55975"},{"taxonomy":"post_tag","embeddable":true,"href":"http:\/\/toroestoro.com\/index.php?rest_route=%2Fwp%2Fv2%2Ftags&post=55975"}],"curies":[{"name":"wp","href":"https:\/\/api.w.org\/{rel}","templated":true}]}}