{"id":56032,"date":"2026-09-02T10:45:15","date_gmt":"2026-09-02T15:45:15","guid":{"rendered":"https:\/\/toroestoro.com\/?p=56032"},"modified":"2026-09-02T10:45:15","modified_gmt":"2026-09-02T15:45:15","slug":"calita-san-roman-y-diego-sanchez-en-cinco-villas","status":"publish","type":"post","link":"http:\/\/toroestoro.com\/?p=56032","title":{"rendered":"Calita, San Rom\u00e1n y Diego S\u00e1nchez en Cinco Villas"},"content":{"rendered":"<h2 class=\"sub-title-primary\"><\/h2> \n<p class=\"wp-block-paragraph\">La Plaza de Toros Cinco Villas dar\u00e1 continuidad a su temporada 2026&nbsp;el pr\u00f3ximo domingo&nbsp;27 de septiembre, a la 1:00 de la tarde, con un cartel de marcado inter\u00e9s y un encierro que responde a una de las se\u00f1as de identidad de esta casa: el toro con presencia, seriedad y categor\u00eda.<\/p>\n\n\n\n<p class=\"wp-block-paragraph\">Para la ocasi\u00f3n se lidiar\u00e1n seis toros de Barralva, ganader\u00eda de reconocido prestigio en la caba\u00f1a brava mexicana. El encierro rese\u00f1ado para Cinco Villas destaca por su seriedad, cuajo y trap\u00edo: un aut\u00e9ntico corrid\u00f3n de toros, acorde con la importancia del cartel y con el respeto que merece la afici\u00f3n.<\/p>\n\n\n\n<p class=\"wp-block-paragraph\">La terna re\u00fane tres nombres y tres momentos de especial inter\u00e9s. <strong>Ernesto Javier \u201cEl Calita\u201d<\/strong>, matador mexicano de amplio oficio y entrega, quien recientementeha triunfado en muchas plazas de Per\u00fa, har\u00e1 el pase\u00edllo junto al valenciano <strong>Rom\u00e1n<\/strong>, quien llega a Cinco Villas despu\u00e9s de su sobresaliente paso por San Isidro, donde abri\u00f3 la Puerta Grande de la&nbsp;Plaza de Toros de Las Ventas, en Madrid. Su actualidad europea queda refrendada, adem\u00e1s, con su inclusi\u00f3n en la pr\u00f3xima Feria de Oto\u00f1o de Madrid. Completa el cartel <strong>Diego S\u00e1nchez<\/strong>, torero mexicano de concepto cl\u00e1sico y depurado, ante una corrida que exigir\u00e1 capacidad, firmeza y verdad.<\/p>\n\n\n\n<p class=\"wp-block-paragraph\"><strong>UN GESTO CON LA AFICI\u00d3N: DESCUENTO ESPECIAL, \u00daNICAMENTE PARA ESTA CORRIDA<\/strong><\/p>\n\n\n\n<p class=\"wp-block-paragraph\">Cinco Villas quiere que esta tarde sea tambi\u00e9n una forma de corresponder. En apoyo a la Fiesta Brava y, sobre todo, como agradecimiento al cari\u00f1o, la confianza y la extraordinaria respuesta de la afici\u00f3n en&nbsp;las cinco&nbsp;corridas anteriores, la empresa ha decidido aplicar, exclusivamente para este festejo, un descuento en pr\u00e1cticamente todas las localidades de la plaza.<\/p>\n\n\n\n<p class=\"wp-block-paragraph\">Se trata de una medida excepcional, v\u00e1lida \u00fanicamente para la corrida del&nbsp;27 de septiembre, con la que Cinco Villas busca facilitar que m\u00e1s aficionados puedan acudir a la plaza y vivir una tarde concebida desde la seriedad, la categor\u00eda del toro y el respeto a la Tauromaquia.<\/p>\n\n\n\n<p class=\"wp-block-paragraph\">Cinco Villas agradece profundamente la respuesta que el p\u00fablico ha brindado a los cinco festejos anteriores. Esa confianza obliga a seguir trabajando con responsabilidad: integrar carteles de inter\u00e9s y cuidar cada detalle de la experiencia en la plaza.<\/p>\n\n\n\n<p class=\"wp-block-paragraph\">Los boletos para el festejo se encuentran a la venta a trav\u00e9s de Superboletos. Se recomienda a la afici\u00f3n consultar las localidades y precios disponibles.<\/p>\n","protected":false},"excerpt":{"rendered":"<p>La Plaza de Toros Cinco Villas dar\u00e1 continuidad a su temporada 2026&nbsp;el pr\u00f3ximo domingo&nbsp;27 de septiembre, a la 1:00 de la tarde, con un cartel de marcado inter\u00e9s y un encierro que responde a una de las se\u00f1as de identidad de esta casa: el toro&#8230;<\/p>\n","protected":false},"author":9,"featured_media":56031,"comment_status":"open","ping_status":"open","sticky":false,"template":"","format":"standard","meta":{"ngg_post_thumbnail":0,"_jetpack_newsletter_access":"","_jetpack_dont_email_post_to_subs":false,"_jetpack_newsletter_tier_id":0,"_jetpack_memberships_contains_paywalled_content":false,"_jetpack_feature_clip_id":0,"_jetpack_memberships_contains_paid_content":false,"footnotes":"","jetpack_post_was_ever_published":false},"categories":[527,311],"tags":[],"class_list":["post-56032","post","type-post","status-publish","format-standard","has-post-thumbnail","hentry","category-527","category-cinco-villas"],"yoast_head":"<!-- This site is optimized with the Yoast SEO plugin v28.4 - https:\/\/yoast.com\/product\/yoast-seo-wordpress\/ -->\n<title>Calita, San Rom\u00e1n y Diego S\u00e1nchez en Cinco Villas - toroestoro<\/title>\n<meta name=\"robots\" content=\"index, follow, max-snippet:-1, max-image-preview:large, max-video-preview:-1\" \/>\n<link rel=\"canonical\" href=\"https:\/\/toroestoro.com\/?p=56032\" \/>\n<meta property=\"og:locale\" content=\"es_MX\" \/>\n<meta property=\"og:type\" content=\"article\" \/>\n<meta property=\"og:title\" content=\"Calita, San Rom\u00e1n y Diego S\u00e1nchez en Cinco Villas - toroestoro\" \/>\n<meta property=\"og:description\" content=\"La Plaza de Toros Cinco Villas dar\u00e1 continuidad a su temporada 2026&nbsp;el pr\u00f3ximo domingo&nbsp;27 de septiembre, a la 1:00 de la tarde, con un cartel de marcado inter\u00e9s y un encierro que responde a una de las se\u00f1as de identidad de esta casa: el toro...\" \/>\n<meta property=\"og:url\" content=\"https:\/\/toroestoro.com\/?p=56032\" \/>\n<meta property=\"og:site_name\" content=\"toroestoro\" \/>\n<meta property=\"article:publisher\" content=\"https:\/\/www.facebook.com\/toroestoro\" \/>\n<meta property=\"article:published_time\" content=\"2026-09-02T15:45:15+00:00\" \/>\n<meta property=\"og:image\" content=\"https:\/\/i0.wp.com\/toroestoro.com\/wp-content\/uploads\/2026\/09\/pendcv27092026.jpg?fit=600%2C665&ssl=1\" \/>\n\t<meta property=\"og:image:width\" content=\"600\" \/>\n\t<meta property=\"og:image:height\" content=\"665\" \/>\n\t<meta property=\"og:image:type\" content=\"image\/jpeg\" \/>\n<meta name=\"author\" content=\"Comunicado\" \/>\n<meta name=\"twitter:card\" content=\"summary_large_image\" \/>\n<meta name=\"twitter:creator\" content=\"@toroestoro\" \/>\n<meta name=\"twitter:site\" content=\"@toroestoro\" \/>\n<meta name=\"twitter:label1\" content=\"Escrito por\" \/>\n\t<meta name=\"twitter:data1\" content=\"Comunicado\" \/>\n\t<meta name=\"twitter:label2\" content=\"Tiempo de lectura\" \/>\n\t<meta name=\"twitter:data2\" content=\"2 minutos\" \/>\n<script type=\"application\/ld+json\" class=\"yoast-schema-graph\">{\"@context\":\"https:\\\/\\\/schema.org\",\"@graph\":[{\"@type\":\"Article\",\"@id\":\"https:\\\/\\\/toroestoro.com\\\/?p=56032#article\",\"isPartOf\":{\"@id\":\"https:\\\/\\\/toroestoro.com\\\/?p=56032\"},\"author\":{\"name\":\"Comunicado\",\"@id\":\"http:\\\/\\\/toroestoro.com\\\/#\\\/schema\\\/person\\\/624c24746a7d3f17e92f34ff5708ff14\"},\"headline\":\"Calita, San Rom\u00e1n y Diego S\u00e1nchez en Cinco Villas\",\"datePublished\":\"2026-09-02T15:45:15+00:00\",\"mainEntityOfPage\":{\"@id\":\"https:\\\/\\\/toroestoro.com\\\/?p=56032\"},\"wordCount\":434,\"commentCount\":0,\"publisher\":{\"@id\":\"http:\\\/\\\/toroestoro.com\\\/#organization\"},\"image\":{\"@id\":\"https:\\\/\\\/toroestoro.com\\\/?p=56032#primaryimage\"},\"thumbnailUrl\":\"https:\\\/\\\/i0.wp.com\\\/toroestoro.com\\\/wp-content\\\/uploads\\\/2026\\\/09\\\/pendcv27092026.jpg?fit=600%2C665\",\"articleSection\":[\"2026\",\"Cinco Villas\"],\"inLanguage\":\"es\",\"potentialAction\":[{\"@type\":\"CommentAction\",\"name\":\"Comment\",\"target\":[\"https:\\\/\\\/toroestoro.com\\\/?p=56032#respond\"]}]},{\"@type\":\"WebPage\",\"@id\":\"https:\\\/\\\/toroestoro.com\\\/?p=56032\",\"url\":\"https:\\\/\\\/toroestoro.com\\\/?p=56032\",\"name\":\"Calita, San Rom\u00e1n y Diego S\u00e1nchez en Cinco Villas - toroestoro\",\"isPartOf\":{\"@id\":\"http:\\\/\\\/toroestoro.com\\\/#website\"},\"primaryImageOfPage\":{\"@id\":\"https:\\\/\\\/toroestoro.com\\\/?p=56032#primaryimage\"},\"image\":{\"@id\":\"https:\\\/\\\/toroestoro.com\\\/?p=56032#primaryimage\"},\"thumbnailUrl\":\"https:\\\/\\\/i0.wp.com\\\/toroestoro.com\\\/wp-content\\\/uploads\\\/2026\\\/09\\\/pendcv27092026.jpg?fit=600%2C665\",\"datePublished\":\"2026-09-02T15:45:15+00:00\",\"breadcrumb\":{\"@id\":\"https:\\\/\\\/toroestoro.com\\\/?p=56032#breadcrumb\"},\"inLanguage\":\"es\",\"potentialAction\":[{\"@type\":\"ReadAction\",\"target\":[\"https:\\\/\\\/toroestoro.com\\\/?p=56032\"]}]},{\"@type\":\"ImageObject\",\"inLanguage\":\"es\",\"@id\":\"https:\\\/\\\/toroestoro.com\\\/?p=56032#primaryimage\",\"url\":\"https:\\\/\\\/i0.wp.com\\\/toroestoro.com\\\/wp-content\\\/uploads\\\/2026\\\/09\\\/pendcv27092026.jpg?fit=600%2C665\",\"contentUrl\":\"https:\\\/\\\/i0.wp.com\\\/toroestoro.com\\\/wp-content\\\/uploads\\\/2026\\\/09\\\/pendcv27092026.jpg?fit=600%2C665\",\"width\":600,\"height\":665},{\"@type\":\"BreadcrumbList\",\"@id\":\"https:\\\/\\\/toroestoro.com\\\/?p=56032#breadcrumb\",\"itemListElement\":[{\"@type\":\"ListItem\",\"position\":1,\"name\":\"Inicio\",\"item\":\"http:\\\/\\\/toroestoro.com\\\/\"},{\"@type\":\"ListItem\",\"position\":2,\"name\":\"Calita, San Rom\u00e1n y Diego S\u00e1nchez en Cinco Villas\"}]},{\"@type\":\"WebSite\",\"@id\":\"http:\\\/\\\/toroestoro.com\\\/#website\",\"url\":\"http:\\\/\\\/toroestoro.com\\\/\",\"name\":\"toroestoro\",\"description\":\"Por Amor al Arte\",\"publisher\":{\"@id\":\"http:\\\/\\\/toroestoro.com\\\/#organization\"},\"potentialAction\":[{\"@type\":\"SearchAction\",\"target\":{\"@type\":\"EntryPoint\",\"urlTemplate\":\"http:\\\/\\\/toroestoro.com\\\/?s={search_term_string}\"},\"query-input\":{\"@type\":\"PropertyValueSpecification\",\"valueRequired\":true,\"valueName\":\"search_term_string\"}}],\"inLanguage\":\"es\"},{\"@type\":\"Organization\",\"@id\":\"http:\\\/\\\/toroestoro.com\\\/#organization\",\"name\":\"toroestoro\",\"url\":\"http:\\\/\\\/toroestoro.com\\\/\",\"logo\":{\"@type\":\"ImageObject\",\"inLanguage\":\"es\",\"@id\":\"http:\\\/\\\/toroestoro.com\\\/#\\\/schema\\\/logo\\\/image\\\/\",\"url\":\"http:\\\/\\\/toroestoro.com\\\/wp-content\\\/uploads\\\/2021\\\/07\\\/favico.jpg\",\"contentUrl\":\"http:\\\/\\\/toroestoro.com\\\/wp-content\\\/uploads\\\/2021\\\/07\\\/favico.jpg\",\"width\":512,\"height\":512,\"caption\":\"toroestoro\"},\"image\":{\"@id\":\"http:\\\/\\\/toroestoro.com\\\/#\\\/schema\\\/logo\\\/image\\\/\"},\"sameAs\":[\"https:\\\/\\\/www.facebook.com\\\/toroestoro\",\"https:\\\/\\\/x.com\\\/toroestoro\",\"https:\\\/\\\/www.instagram.com\\\/todoestoro\"]},{\"@type\":\"Person\",\"@id\":\"http:\\\/\\\/toroestoro.com\\\/#\\\/schema\\\/person\\\/624c24746a7d3f17e92f34ff5708ff14\",\"name\":\"Comunicado\",\"image\":{\"@type\":\"ImageObject\",\"inLanguage\":\"es\",\"@id\":\"https:\\\/\\\/secure.gravatar.com\\\/avatar\\\/8a95837464d6783a44b98ed73c0b9211897cc3e73fa68b003620b702a13e4096?s=96&d=mm&r=g\",\"url\":\"https:\\\/\\\/secure.gravatar.com\\\/avatar\\\/8a95837464d6783a44b98ed73c0b9211897cc3e73fa68b003620b702a13e4096?s=96&d=mm&r=g\",\"contentUrl\":\"https:\\\/\\\/secure.gravatar.com\\\/avatar\\\/8a95837464d6783a44b98ed73c0b9211897cc3e73fa68b003620b702a13e4096?s=96&d=mm&r=g\",\"caption\":\"Comunicado\"},\"url\":\"http:\\\/\\\/toroestoro.com\\\/?author=9\"}]}<\/script>\n<!-- \/ Yoast SEO plugin. -->","yoast_head_json":{"title":"Calita, San Rom\u00e1n y Diego S\u00e1nchez en Cinco Villas - toroestoro","robots":{"index":"index","follow":"follow","max-snippet":"max-snippet:-1","max-image-preview":"max-image-preview:large","max-video-preview":"max-video-preview:-1"},"canonical":"https:\/\/toroestoro.com\/?p=56032","og_locale":"es_MX","og_type":"article","og_title":"Calita, San Rom\u00e1n y Diego S\u00e1nchez en Cinco Villas - toroestoro","og_description":"La Plaza de Toros Cinco Villas dar\u00e1 continuidad a su temporada 2026&nbsp;el pr\u00f3ximo domingo&nbsp;27 de septiembre, a la 1:00 de la tarde, con un cartel de marcado inter\u00e9s y un encierro que responde a una de las se\u00f1as de identidad de esta casa: el toro...","og_url":"https:\/\/toroestoro.com\/?p=56032","og_site_name":"toroestoro","article_publisher":"https:\/\/www.facebook.com\/toroestoro","article_published_time":"2026-09-02T15:45:15+00:00","og_image":[{"width":600,"height":665,"url":"https:\/\/i0.wp.com\/toroestoro.com\/wp-content\/uploads\/2026\/09\/pendcv27092026.jpg?fit=600%2C665&ssl=1","type":"image\/jpeg"}],"author":"Comunicado","twitter_card":"summary_large_image","twitter_creator":"@toroestoro","twitter_site":"@toroestoro","twitter_misc":{"Escrito por":"Comunicado","Tiempo de lectura":"2 minutos"},"schema":{"@context":"https:\/\/schema.org","@graph":[{"@type":"Article","@id":"https:\/\/toroestoro.com\/?p=56032#article","isPartOf":{"@id":"https:\/\/toroestoro.com\/?p=56032"},"author":{"name":"Comunicado","@id":"http:\/\/toroestoro.com\/#\/schema\/person\/624c24746a7d3f17e92f34ff5708ff14"},"headline":"Calita, San Rom\u00e1n y Diego S\u00e1nchez en Cinco Villas","datePublished":"2026-09-02T15:45:15+00:00","mainEntityOfPage":{"@id":"https:\/\/toroestoro.com\/?p=56032"},"wordCount":434,"commentCount":0,"publisher":{"@id":"http:\/\/toroestoro.com\/#organization"},"image":{"@id":"https:\/\/toroestoro.com\/?p=56032#primaryimage"},"thumbnailUrl":"https:\/\/i0.wp.com\/toroestoro.com\/wp-content\/uploads\/2026\/09\/pendcv27092026.jpg?fit=600%2C665","articleSection":["2026","Cinco Villas"],"inLanguage":"es","potentialAction":[{"@type":"CommentAction","name":"Comment","target":["https:\/\/toroestoro.com\/?p=56032#respond"]}]},{"@type":"WebPage","@id":"https:\/\/toroestoro.com\/?p=56032","url":"https:\/\/toroestoro.com\/?p=56032","name":"Calita, San Rom\u00e1n y Diego S\u00e1nchez en Cinco Villas - toroestoro","isPartOf":{"@id":"http:\/\/toroestoro.com\/#website"},"primaryImageOfPage":{"@id":"https:\/\/toroestoro.com\/?p=56032#primaryimage"},"image":{"@id":"https:\/\/toroestoro.com\/?p=56032#primaryimage"},"thumbnailUrl":"https:\/\/i0.wp.com\/toroestoro.com\/wp-content\/uploads\/2026\/09\/pendcv27092026.jpg?fit=600%2C665","datePublished":"2026-09-02T15:45:15+00:00","breadcrumb":{"@id":"https:\/\/toroestoro.com\/?p=56032#breadcrumb"},"inLanguage":"es","potentialAction":[{"@type":"ReadAction","target":["https:\/\/toroestoro.com\/?p=56032"]}]},{"@type":"ImageObject","inLanguage":"es","@id":"https:\/\/toroestoro.com\/?p=56032#primaryimage","url":"https:\/\/i0.wp.com\/toroestoro.com\/wp-content\/uploads\/2026\/09\/pendcv27092026.jpg?fit=600%2C665","contentUrl":"https:\/\/i0.wp.com\/toroestoro.com\/wp-content\/uploads\/2026\/09\/pendcv27092026.jpg?fit=600%2C665","width":600,"height":665},{"@type":"BreadcrumbList","@id":"https:\/\/toroestoro.com\/?p=56032#breadcrumb","itemListElement":[{"@type":"ListItem","position":1,"name":"Inicio","item":"http:\/\/toroestoro.com\/"},{"@type":"ListItem","position":2,"name":"Calita, San Rom\u00e1n y Diego S\u00e1nchez en Cinco Villas"}]},{"@type":"WebSite","@id":"http:\/\/toroestoro.com\/#website","url":"http:\/\/toroestoro.com\/","name":"toroestoro","description":"Por Amor al Arte","publisher":{"@id":"http:\/\/toroestoro.com\/#organization"},"potentialAction":[{"@type":"SearchAction","target":{"@type":"EntryPoint","urlTemplate":"http:\/\/toroestoro.com\/?s={search_term_string}"},"query-input":{"@type":"PropertyValueSpecification","valueRequired":true,"valueName":"search_term_string"}}],"inLanguage":"es"},{"@type":"Organization","@id":"http:\/\/toroestoro.com\/#organization","name":"toroestoro","url":"http:\/\/toroestoro.com\/","logo":{"@type":"ImageObject","inLanguage":"es","@id":"http:\/\/toroestoro.com\/#\/schema\/logo\/image\/","url":"http:\/\/toroestoro.com\/wp-content\/uploads\/2021\/07\/favico.jpg","contentUrl":"http:\/\/toroestoro.com\/wp-content\/uploads\/2021\/07\/favico.jpg","width":512,"height":512,"caption":"toroestoro"},"image":{"@id":"http:\/\/toroestoro.com\/#\/schema\/logo\/image\/"},"sameAs":["https:\/\/www.facebook.com\/toroestoro","https:\/\/x.com\/toroestoro","https:\/\/www.instagram.com\/todoestoro"]},{"@type":"Person","@id":"http:\/\/toroestoro.com\/#\/schema\/person\/624c24746a7d3f17e92f34ff5708ff14","name":"Comunicado","image":{"@type":"ImageObject","inLanguage":"es","@id":"https:\/\/secure.gravatar.com\/avatar\/8a95837464d6783a44b98ed73c0b9211897cc3e73fa68b003620b702a13e4096?s=96&d=mm&r=g","url":"https:\/\/secure.gravatar.com\/avatar\/8a95837464d6783a44b98ed73c0b9211897cc3e73fa68b003620b702a13e4096?s=96&d=mm&r=g","contentUrl":"https:\/\/secure.gravatar.com\/avatar\/8a95837464d6783a44b98ed73c0b9211897cc3e73fa68b003620b702a13e4096?s=96&d=mm&r=g","caption":"Comunicado"},"url":"http:\/\/toroestoro.com\/?author=9"}]}},"jetpack_likes_enabled":true,"jetpack_sharing_enabled":true,"jetpack_featured_media_url":"https:\/\/i0.wp.com\/toroestoro.com\/wp-content\/uploads\/2026\/09\/pendcv27092026.jpg?fit=600%2C665","_links":{"self":[{"href":"http:\/\/toroestoro.com\/index.php?rest_route=\/wp\/v2\/posts\/56032","targetHints":{"allow":["GET"]}}],"collection":[{"href":"http:\/\/toroestoro.com\/index.php?rest_route=\/wp\/v2\/posts"}],"about":[{"href":"http:\/\/toroestoro.com\/index.php?rest_route=\/wp\/v2\/types\/post"}],"author":[{"embeddable":true,"href":"http:\/\/toroestoro.com\/index.php?rest_route=\/wp\/v2\/users\/9"}],"replies":[{"embeddable":true,"href":"http:\/\/toroestoro.com\/index.php?rest_route=%2Fwp%2Fv2%2Fcomments&post=56032"}],"version-history":[{"count":0,"href":"http:\/\/toroestoro.com\/index.php?rest_route=\/wp\/v2\/posts\/56032\/revisions"}],"wp:featuredmedia":[{"embeddable":true,"href":"http:\/\/toroestoro.com\/index.php?rest_route=\/wp\/v2\/media\/56031"}],"wp:attachment":[{"href":"http:\/\/toroestoro.com\/index.php?rest_route=%2Fwp%2Fv2%2Fmedia&parent=56032"}],"wp:term":[{"taxonomy":"category","embeddable":true,"href":"http:\/\/toroestoro.com\/index.php?rest_route=%2Fwp%2Fv2%2Fcategories&post=56032"},{"taxonomy":"post_tag","embeddable":true,"href":"http:\/\/toroestoro.com\/index.php?rest_route=%2Fwp%2Fv2%2Ftags&post=56032"}],"curies":[{"name":"wp","href":"https:\/\/api.w.org\/{rel}","templated":true}]}}