{"id":53269,"date":"2022-08-26T23:49:00","date_gmt":"2022-08-27T04:49:00","guid":{"rendered":"http:\/\/toroestoro.com\/?p=53269"},"modified":"2022-08-27T13:49:36","modified_gmt":"2022-08-27T18:49:36","slug":"a-hombros-macias-y-flores-de-san-luis-potosi","status":"publish","type":"post","link":"https:\/\/toroestoro.com\/?p=53269","title":{"rendered":"A hombros Mac\u00edas y Flores de San Luis Potos\u00ed"},"content":{"rendered":"<h2 class=\"sub-title-primary\"><\/h2> <p>Se dio la \u00faltima corrida de feria en la aplaza de Toros Ferm\u00edn Rivera-El Paseo que registr\u00f3 una buena entrada con lleno en sol y tres cuartos en sombra. Se lidi\u00f3 un encierro de Marr\u00f3n noble pero descastado.<\/p>\n<p>EL FESTEJO<\/p>\n<p>Abri\u00f3 plaza el rejoneador Fauro Aloi quien ante \u201cPillo\u201d de 475 kilos, un toro de complicado de Marr\u00f3n, realiz\u00f3 una faena completa. Solo coloc\u00f3, con las banderillas luci\u00f3 poniendo pares al quiebro, exponiendo mucho. Coloc\u00f3 dos banderillas cortas mat\u00f3 de dos pinchazos y estocada trasera para dar la vuelta en compa\u00f1\u00eda de los forcados potosinos que realizaron una buena pega en su segundo intento, aunque al final la cala no haya resultado.<\/p>\n<p>Arturo Mac\u00edas el Cejas recibi\u00f3 con cinco faroles de rodillas y remat\u00f3 con una media tambi\u00e9n de hinojos al primero de la lidia ordinaria, \u201cPiconero\u201d de 452 kilos. Llev\u00f3 al toro al caballo con chicuelinas, y quit\u00f3 por gaoneras. Inici\u00f3 la faena de nueva cuenta de rodillas con dos cambios por la espalda; ya de pie cuaj\u00f3 tres tandas por el lado derecho, antes de volver a hincarse y realizar la mayor parte de la faena as\u00ed, impresionando a la afici\u00f3n al culminar con un desplante sin muleta. Mat\u00f3 de estocada ligeramente ca\u00edda. El juez le concedi\u00f3 las dos orejas.<\/p>\n<p>En el segundo de su lote, \u201cPastor\u201d de 472 kilos, el torero de Aguascalientes realiz\u00f3 una faena muy a su estilo, valiente, conectando con los tendidos. Mat\u00f3 de pinchazo y estocada, saludo desde el tercio.<\/p>\n<p>Ernesto Javier Calita inici\u00f3 tambi\u00e9n de rodillas la faena del tercero de la noche de la lidia de a pie, \u201cPagador\u201d de 468 kilos, quit\u00f3 por chicuelinas. Al concluir el tercio de varas el subalterno Pascual Navarro recibi\u00f3 una cornada siendo valorado al momento de redactar esta informaci\u00f3n. Calita Realiz\u00f3 una faena de valor en donde destac\u00f3 el cite psicod\u00e9lico y las tandas viendo a los tendidos, mat\u00f3 de estocada y se le concedi\u00f3 la oreja.<\/p>\n<p>El quinto de la noche de la lidia de a pie fue \u201cPaisano\u201d de 468 kilos y paso in\u00e9dito con la capa. En varas a penas si recibi\u00f3 un ligero puyazo trasero. Realiz\u00f3 una faena que conect\u00f3 con la gente ante un toro que sal\u00eda suelto y buscaba las tablas, al final Ernesto Javier llev\u00f3 al toro a los medios en donde tore\u00f3 por alto, se tir\u00f3 a matar pinch\u00f3 antes de dejar una estocada abajo. Se retir\u00f3 entre ligeras palmas.<\/p>\n<p>\u201cPotosino\u201d con 450 kilos fue el cuarto de la noche Sergio Flores tore\u00f3 con arte a la ver\u00f3nica. La faena de muleta fue en el mismo tener con arte y valor, mat\u00f3 de estocada ligeramente trasera. Se le concedi\u00f3 una oreja y por petici\u00f3n popular se le otorg\u00f3 la segunda.<\/p>\n<p>Con el que cerr\u00f3 plaza, \u201cPianista\u201d de 464 kilos, Sergio Flores toro bien a la ver\u00f3nica, el toro apenas si fue picado. El Tlaxcala tore\u00f3 con clase a un toro que poco transmit\u00eda, lo despach\u00f3 de estocada ligeramente trasera y ca\u00edda, a petici\u00f3n popular el juez le entreg\u00f3 una oreja.<\/p>\n","protected":false},"excerpt":{"rendered":"<p>Se dio la \u00faltima corrida de feria en la aplaza de Toros Ferm\u00edn Rivera-El Paseo que registr\u00f3 una buena entrada con lleno en sol y tres cuartos en sombra. Se lidi\u00f3 un encierro de Marr\u00f3n noble pero descastado. EL FESTEJO Abri\u00f3 plaza el rejoneador Fauro&#8230;<\/p>\n","protected":false},"author":17,"featured_media":53270,"comment_status":"open","ping_status":"open","sticky":false,"template":"","format":"standard","meta":{"ngg_post_thumbnail":0,"jetpack_post_was_ever_published":false,"_jetpack_newsletter_access":"","_jetpack_dont_email_post_to_subs":false,"_jetpack_newsletter_tier_id":0,"_jetpack_memberships_contains_paywalled_content":false,"_jetpack_memberships_contains_paid_content":false,"footnotes":""},"categories":[27,102],"tags":[],"class_list":["post-53269","post","type-post","status-publish","format-standard","has-post-thumbnail","hentry","category-27","category-san-luis-potosi"],"yoast_head":"<!-- This site is optimized with the Yoast SEO plugin v27.5 - https:\/\/yoast.com\/product\/yoast-seo-wordpress\/ -->\n<title>A hombros Mac\u00edas y Flores de San Luis Potos\u00ed - toroestoro<\/title>\n<meta name=\"robots\" content=\"index, follow, max-snippet:-1, max-image-preview:large, max-video-preview:-1\" \/>\n<link rel=\"canonical\" href=\"https:\/\/toroestoro.com\/?p=53269\" \/>\n<meta property=\"og:locale\" content=\"es_MX\" \/>\n<meta property=\"og:type\" content=\"article\" \/>\n<meta property=\"og:title\" content=\"A hombros Mac\u00edas y Flores de San Luis Potos\u00ed - toroestoro\" \/>\n<meta property=\"og:description\" content=\"Se dio la \u00faltima corrida de feria en la aplaza de Toros Ferm\u00edn Rivera-El Paseo que registr\u00f3 una buena entrada con lleno en sol y tres cuartos en sombra. Se lidi\u00f3 un encierro de Marr\u00f3n noble pero descastado. EL FESTEJO Abri\u00f3 plaza el rejoneador Fauro...\" \/>\n<meta property=\"og:url\" content=\"https:\/\/toroestoro.com\/?p=53269\" \/>\n<meta property=\"og:site_name\" content=\"toroestoro\" \/>\n<meta property=\"article:publisher\" content=\"https:\/\/www.facebook.com\/toroestoro\" \/>\n<meta property=\"article:published_time\" content=\"2022-08-27T04:49:00+00:00\" \/>\n<meta property=\"article:modified_time\" content=\"2022-08-27T18:49:36+00:00\" \/>\n<meta property=\"og:image\" content=\"https:\/\/i0.wp.com\/toroestoro.com\/wp-content\/uploads\/2022\/08\/maciasfloresslp26082022.jpg?fit=700%2C560&ssl=1\" \/>\n\t<meta property=\"og:image:width\" content=\"700\" \/>\n\t<meta property=\"og:image:height\" content=\"560\" \/>\n\t<meta property=\"og:image:type\" content=\"image\/jpeg\" \/>\n<meta name=\"author\" content=\"Everardo Gonz\u00e1lez\" \/>\n<meta name=\"twitter:card\" content=\"summary_large_image\" \/>\n<meta name=\"twitter:creator\" content=\"@toroestoro\" \/>\n<meta name=\"twitter:site\" content=\"@toroestoro\" \/>\n<meta name=\"twitter:label1\" content=\"Escrito por\" \/>\n\t<meta name=\"twitter:data1\" content=\"Everardo Gonz\u00e1lez\" \/>\n\t<meta name=\"twitter:label2\" content=\"Tiempo de lectura\" \/>\n\t<meta name=\"twitter:data2\" content=\"3 minutos\" \/>\n<script type=\"application\/ld+json\" class=\"yoast-schema-graph\">{\"@context\":\"https:\\\/\\\/schema.org\",\"@graph\":[{\"@type\":\"Article\",\"@id\":\"https:\\\/\\\/toroestoro.com\\\/?p=53269#article\",\"isPartOf\":{\"@id\":\"https:\\\/\\\/toroestoro.com\\\/?p=53269\"},\"author\":{\"name\":\"Everardo Gonz\u00e1lez\",\"@id\":\"https:\\\/\\\/toroestoro.com\\\/#\\\/schema\\\/person\\\/a30ad50f30024e3a7c53103f2d7d0ec0\"},\"headline\":\"A hombros Mac\u00edas y Flores de San Luis Potos\u00ed\",\"datePublished\":\"2022-08-27T04:49:00+00:00\",\"dateModified\":\"2022-08-27T18:49:36+00:00\",\"mainEntityOfPage\":{\"@id\":\"https:\\\/\\\/toroestoro.com\\\/?p=53269\"},\"wordCount\":526,\"commentCount\":0,\"publisher\":{\"@id\":\"https:\\\/\\\/toroestoro.com\\\/#organization\"},\"image\":{\"@id\":\"https:\\\/\\\/toroestoro.com\\\/?p=53269#primaryimage\"},\"thumbnailUrl\":\"https:\\\/\\\/i0.wp.com\\\/toroestoro.com\\\/wp-content\\\/uploads\\\/2022\\\/08\\\/maciasfloresslp26082022.jpg?fit=700%2C560&ssl=1\",\"articleSection\":[\"2022\",\"San Luis Potos\u00ed\"],\"inLanguage\":\"es\",\"potentialAction\":[{\"@type\":\"CommentAction\",\"name\":\"Comment\",\"target\":[\"https:\\\/\\\/toroestoro.com\\\/?p=53269#respond\"]}]},{\"@type\":\"WebPage\",\"@id\":\"https:\\\/\\\/toroestoro.com\\\/?p=53269\",\"url\":\"https:\\\/\\\/toroestoro.com\\\/?p=53269\",\"name\":\"A hombros Mac\u00edas y Flores de San Luis Potos\u00ed - toroestoro\",\"isPartOf\":{\"@id\":\"https:\\\/\\\/toroestoro.com\\\/#website\"},\"primaryImageOfPage\":{\"@id\":\"https:\\\/\\\/toroestoro.com\\\/?p=53269#primaryimage\"},\"image\":{\"@id\":\"https:\\\/\\\/toroestoro.com\\\/?p=53269#primaryimage\"},\"thumbnailUrl\":\"https:\\\/\\\/i0.wp.com\\\/toroestoro.com\\\/wp-content\\\/uploads\\\/2022\\\/08\\\/maciasfloresslp26082022.jpg?fit=700%2C560&ssl=1\",\"datePublished\":\"2022-08-27T04:49:00+00:00\",\"dateModified\":\"2022-08-27T18:49:36+00:00\",\"breadcrumb\":{\"@id\":\"https:\\\/\\\/toroestoro.com\\\/?p=53269#breadcrumb\"},\"inLanguage\":\"es\",\"potentialAction\":[{\"@type\":\"ReadAction\",\"target\":[\"https:\\\/\\\/toroestoro.com\\\/?p=53269\"]}]},{\"@type\":\"ImageObject\",\"inLanguage\":\"es\",\"@id\":\"https:\\\/\\\/toroestoro.com\\\/?p=53269#primaryimage\",\"url\":\"https:\\\/\\\/i0.wp.com\\\/toroestoro.com\\\/wp-content\\\/uploads\\\/2022\\\/08\\\/maciasfloresslp26082022.jpg?fit=700%2C560&ssl=1\",\"contentUrl\":\"https:\\\/\\\/i0.wp.com\\\/toroestoro.com\\\/wp-content\\\/uploads\\\/2022\\\/08\\\/maciasfloresslp26082022.jpg?fit=700%2C560&ssl=1\",\"width\":700,\"height\":560},{\"@type\":\"BreadcrumbList\",\"@id\":\"https:\\\/\\\/toroestoro.com\\\/?p=53269#breadcrumb\",\"itemListElement\":[{\"@type\":\"ListItem\",\"position\":1,\"name\":\"Inicio\",\"item\":\"https:\\\/\\\/toroestoro.com\\\/\"},{\"@type\":\"ListItem\",\"position\":2,\"name\":\"A hombros Mac\u00edas y Flores de San Luis Potos\u00ed\"}]},{\"@type\":\"WebSite\",\"@id\":\"https:\\\/\\\/toroestoro.com\\\/#website\",\"url\":\"https:\\\/\\\/toroestoro.com\\\/\",\"name\":\"toroestoro\",\"description\":\"Por Amor al Arte\",\"publisher\":{\"@id\":\"https:\\\/\\\/toroestoro.com\\\/#organization\"},\"potentialAction\":[{\"@type\":\"SearchAction\",\"target\":{\"@type\":\"EntryPoint\",\"urlTemplate\":\"https:\\\/\\\/toroestoro.com\\\/?s={search_term_string}\"},\"query-input\":{\"@type\":\"PropertyValueSpecification\",\"valueRequired\":true,\"valueName\":\"search_term_string\"}}],\"inLanguage\":\"es\"},{\"@type\":\"Organization\",\"@id\":\"https:\\\/\\\/toroestoro.com\\\/#organization\",\"name\":\"toroestoro\",\"url\":\"https:\\\/\\\/toroestoro.com\\\/\",\"logo\":{\"@type\":\"ImageObject\",\"inLanguage\":\"es\",\"@id\":\"https:\\\/\\\/toroestoro.com\\\/#\\\/schema\\\/logo\\\/image\\\/\",\"url\":\"http:\\\/\\\/toroestoro.com\\\/wp-content\\\/uploads\\\/2021\\\/07\\\/favico.jpg\",\"contentUrl\":\"http:\\\/\\\/toroestoro.com\\\/wp-content\\\/uploads\\\/2021\\\/07\\\/favico.jpg\",\"width\":512,\"height\":512,\"caption\":\"toroestoro\"},\"image\":{\"@id\":\"https:\\\/\\\/toroestoro.com\\\/#\\\/schema\\\/logo\\\/image\\\/\"},\"sameAs\":[\"https:\\\/\\\/www.facebook.com\\\/toroestoro\",\"https:\\\/\\\/x.com\\\/toroestoro\",\"https:\\\/\\\/www.instagram.com\\\/todoestoro\"]},{\"@type\":\"Person\",\"@id\":\"https:\\\/\\\/toroestoro.com\\\/#\\\/schema\\\/person\\\/a30ad50f30024e3a7c53103f2d7d0ec0\",\"name\":\"Everardo Gonz\u00e1lez\",\"image\":{\"@type\":\"ImageObject\",\"inLanguage\":\"es\",\"@id\":\"https:\\\/\\\/secure.gravatar.com\\\/avatar\\\/3d76880d5661e40e5ab6a34adbdcd59c7e63e924d2cf6c39a18015679474a4b4?s=96&d=mm&r=g\",\"url\":\"https:\\\/\\\/secure.gravatar.com\\\/avatar\\\/3d76880d5661e40e5ab6a34adbdcd59c7e63e924d2cf6c39a18015679474a4b4?s=96&d=mm&r=g\",\"contentUrl\":\"https:\\\/\\\/secure.gravatar.com\\\/avatar\\\/3d76880d5661e40e5ab6a34adbdcd59c7e63e924d2cf6c39a18015679474a4b4?s=96&d=mm&r=g\",\"caption\":\"Everardo Gonz\u00e1lez\"},\"url\":\"https:\\\/\\\/toroestoro.com\\\/?author=17\"}]}<\/script>\n<!-- \/ Yoast SEO plugin. -->","yoast_head_json":{"title":"A hombros Mac\u00edas y Flores de San Luis Potos\u00ed - toroestoro","robots":{"index":"index","follow":"follow","max-snippet":"max-snippet:-1","max-image-preview":"max-image-preview:large","max-video-preview":"max-video-preview:-1"},"canonical":"https:\/\/toroestoro.com\/?p=53269","og_locale":"es_MX","og_type":"article","og_title":"A hombros Mac\u00edas y Flores de San Luis Potos\u00ed - toroestoro","og_description":"Se dio la \u00faltima corrida de feria en la aplaza de Toros Ferm\u00edn Rivera-El Paseo que registr\u00f3 una buena entrada con lleno en sol y tres cuartos en sombra. Se lidi\u00f3 un encierro de Marr\u00f3n noble pero descastado. EL FESTEJO Abri\u00f3 plaza el rejoneador Fauro...","og_url":"https:\/\/toroestoro.com\/?p=53269","og_site_name":"toroestoro","article_publisher":"https:\/\/www.facebook.com\/toroestoro","article_published_time":"2022-08-27T04:49:00+00:00","article_modified_time":"2022-08-27T18:49:36+00:00","og_image":[{"width":700,"height":560,"url":"https:\/\/i0.wp.com\/toroestoro.com\/wp-content\/uploads\/2022\/08\/maciasfloresslp26082022.jpg?fit=700%2C560&ssl=1","type":"image\/jpeg"}],"author":"Everardo Gonz\u00e1lez","twitter_card":"summary_large_image","twitter_creator":"@toroestoro","twitter_site":"@toroestoro","twitter_misc":{"Escrito por":"Everardo Gonz\u00e1lez","Tiempo de lectura":"3 minutos"},"schema":{"@context":"https:\/\/schema.org","@graph":[{"@type":"Article","@id":"https:\/\/toroestoro.com\/?p=53269#article","isPartOf":{"@id":"https:\/\/toroestoro.com\/?p=53269"},"author":{"name":"Everardo Gonz\u00e1lez","@id":"https:\/\/toroestoro.com\/#\/schema\/person\/a30ad50f30024e3a7c53103f2d7d0ec0"},"headline":"A hombros Mac\u00edas y Flores de San Luis Potos\u00ed","datePublished":"2022-08-27T04:49:00+00:00","dateModified":"2022-08-27T18:49:36+00:00","mainEntityOfPage":{"@id":"https:\/\/toroestoro.com\/?p=53269"},"wordCount":526,"commentCount":0,"publisher":{"@id":"https:\/\/toroestoro.com\/#organization"},"image":{"@id":"https:\/\/toroestoro.com\/?p=53269#primaryimage"},"thumbnailUrl":"https:\/\/i0.wp.com\/toroestoro.com\/wp-content\/uploads\/2022\/08\/maciasfloresslp26082022.jpg?fit=700%2C560&ssl=1","articleSection":["2022","San Luis Potos\u00ed"],"inLanguage":"es","potentialAction":[{"@type":"CommentAction","name":"Comment","target":["https:\/\/toroestoro.com\/?p=53269#respond"]}]},{"@type":"WebPage","@id":"https:\/\/toroestoro.com\/?p=53269","url":"https:\/\/toroestoro.com\/?p=53269","name":"A hombros Mac\u00edas y Flores de San Luis Potos\u00ed - toroestoro","isPartOf":{"@id":"https:\/\/toroestoro.com\/#website"},"primaryImageOfPage":{"@id":"https:\/\/toroestoro.com\/?p=53269#primaryimage"},"image":{"@id":"https:\/\/toroestoro.com\/?p=53269#primaryimage"},"thumbnailUrl":"https:\/\/i0.wp.com\/toroestoro.com\/wp-content\/uploads\/2022\/08\/maciasfloresslp26082022.jpg?fit=700%2C560&ssl=1","datePublished":"2022-08-27T04:49:00+00:00","dateModified":"2022-08-27T18:49:36+00:00","breadcrumb":{"@id":"https:\/\/toroestoro.com\/?p=53269#breadcrumb"},"inLanguage":"es","potentialAction":[{"@type":"ReadAction","target":["https:\/\/toroestoro.com\/?p=53269"]}]},{"@type":"ImageObject","inLanguage":"es","@id":"https:\/\/toroestoro.com\/?p=53269#primaryimage","url":"https:\/\/i0.wp.com\/toroestoro.com\/wp-content\/uploads\/2022\/08\/maciasfloresslp26082022.jpg?fit=700%2C560&ssl=1","contentUrl":"https:\/\/i0.wp.com\/toroestoro.com\/wp-content\/uploads\/2022\/08\/maciasfloresslp26082022.jpg?fit=700%2C560&ssl=1","width":700,"height":560},{"@type":"BreadcrumbList","@id":"https:\/\/toroestoro.com\/?p=53269#breadcrumb","itemListElement":[{"@type":"ListItem","position":1,"name":"Inicio","item":"https:\/\/toroestoro.com\/"},{"@type":"ListItem","position":2,"name":"A hombros Mac\u00edas y Flores de San Luis Potos\u00ed"}]},{"@type":"WebSite","@id":"https:\/\/toroestoro.com\/#website","url":"https:\/\/toroestoro.com\/","name":"toroestoro","description":"Por Amor al Arte","publisher":{"@id":"https:\/\/toroestoro.com\/#organization"},"potentialAction":[{"@type":"SearchAction","target":{"@type":"EntryPoint","urlTemplate":"https:\/\/toroestoro.com\/?s={search_term_string}"},"query-input":{"@type":"PropertyValueSpecification","valueRequired":true,"valueName":"search_term_string"}}],"inLanguage":"es"},{"@type":"Organization","@id":"https:\/\/toroestoro.com\/#organization","name":"toroestoro","url":"https:\/\/toroestoro.com\/","logo":{"@type":"ImageObject","inLanguage":"es","@id":"https:\/\/toroestoro.com\/#\/schema\/logo\/image\/","url":"http:\/\/toroestoro.com\/wp-content\/uploads\/2021\/07\/favico.jpg","contentUrl":"http:\/\/toroestoro.com\/wp-content\/uploads\/2021\/07\/favico.jpg","width":512,"height":512,"caption":"toroestoro"},"image":{"@id":"https:\/\/toroestoro.com\/#\/schema\/logo\/image\/"},"sameAs":["https:\/\/www.facebook.com\/toroestoro","https:\/\/x.com\/toroestoro","https:\/\/www.instagram.com\/todoestoro"]},{"@type":"Person","@id":"https:\/\/toroestoro.com\/#\/schema\/person\/a30ad50f30024e3a7c53103f2d7d0ec0","name":"Everardo Gonz\u00e1lez","image":{"@type":"ImageObject","inLanguage":"es","@id":"https:\/\/secure.gravatar.com\/avatar\/3d76880d5661e40e5ab6a34adbdcd59c7e63e924d2cf6c39a18015679474a4b4?s=96&d=mm&r=g","url":"https:\/\/secure.gravatar.com\/avatar\/3d76880d5661e40e5ab6a34adbdcd59c7e63e924d2cf6c39a18015679474a4b4?s=96&d=mm&r=g","contentUrl":"https:\/\/secure.gravatar.com\/avatar\/3d76880d5661e40e5ab6a34adbdcd59c7e63e924d2cf6c39a18015679474a4b4?s=96&d=mm&r=g","caption":"Everardo Gonz\u00e1lez"},"url":"https:\/\/toroestoro.com\/?author=17"}]}},"jetpack_featured_media_url":"https:\/\/i0.wp.com\/toroestoro.com\/wp-content\/uploads\/2022\/08\/maciasfloresslp26082022.jpg?fit=700%2C560&ssl=1","jetpack_likes_enabled":true,"jetpack_sharing_enabled":true,"_links":{"self":[{"href":"https:\/\/toroestoro.com\/index.php?rest_route=\/wp\/v2\/posts\/53269","targetHints":{"allow":["GET"]}}],"collection":[{"href":"https:\/\/toroestoro.com\/index.php?rest_route=\/wp\/v2\/posts"}],"about":[{"href":"https:\/\/toroestoro.com\/index.php?rest_route=\/wp\/v2\/types\/post"}],"author":[{"embeddable":true,"href":"https:\/\/toroestoro.com\/index.php?rest_route=\/wp\/v2\/users\/17"}],"replies":[{"embeddable":true,"href":"https:\/\/toroestoro.com\/index.php?rest_route=%2Fwp%2Fv2%2Fcomments&post=53269"}],"version-history":[{"count":0,"href":"https:\/\/toroestoro.com\/index.php?rest_route=\/wp\/v2\/posts\/53269\/revisions"}],"wp:featuredmedia":[{"embeddable":true,"href":"https:\/\/toroestoro.com\/index.php?rest_route=\/wp\/v2\/media\/53270"}],"wp:attachment":[{"href":"https:\/\/toroestoro.com\/index.php?rest_route=%2Fwp%2Fv2%2Fmedia&parent=53269"}],"wp:term":[{"taxonomy":"category","embeddable":true,"href":"https:\/\/toroestoro.com\/index.php?rest_route=%2Fwp%2Fv2%2Fcategories&post=53269"},{"taxonomy":"post_tag","embeddable":true,"href":"https:\/\/toroestoro.com\/index.php?rest_route=%2Fwp%2Fv2%2Ftags&post=53269"}],"curies":[{"name":"wp","href":"https:\/\/api.w.org\/{rel}","templated":true}]}}