{"id":55778,"date":"2025-07-05T08:13:52","date_gmt":"2025-07-05T13:13:52","guid":{"rendered":"https:\/\/toroestoro.com\/?p=55778"},"modified":"2025-07-05T08:13:52","modified_gmt":"2025-07-05T13:13:52","slug":"carteles-para-la-feria-de-huamantla-2025","status":"publish","type":"post","link":"https:\/\/toroestoro.com\/?p=55778","title":{"rendered":"Carteles para la Feria de Huamantla 2025"},"content":{"rendered":"<h2 class=\"sub-title-primary\"><\/h2> \n<p>La noche de este viernes 4 de julio en el marco de la Presentaci\u00f3n de &#8220;La Feria&nbsp;del Arte Ef\u00edmero y la Dalia&#8221; en Huamantla, Tlaxcala, se dieron a conocer los Carteles Taurinos.&nbsp;<\/p>\n\n\n\n<p>El Presidente Municipal Juan Salvador Santos Cedillo di\u00f3 la bienvenida al p\u00fablico asistente que desbord\u00f3 el atrio de la Bas\u00edlica de Nuestra Se\u00f1ora de la Caridad, en breve discurso expres\u00f3 la importancia de esta Feria que se celebra en agosto y di\u00f3 los pormenores de lo que ser\u00e1 una gran muestra de las Costumbres, la Gastronom\u00eda, la Cultura y la Espiritualidad de este bello Pueblo M\u00e1gico.<\/p>\n\n\n\n<p>Como parte esencial de la Feria se develaron los Carteles Taurinos que este a\u00f1o cuentan con presencia internacional y tienen un fuerte sabor tlaxcalteca.<\/p>\n\n\n\n<p>Acompa\u00f1aron al Presidente el Director General de Feria Toro Jos\u00e9 Luis Alatorre y el Director Operativo Oth\u00f3n Ortega, tambi\u00e9n destac\u00f3 la presencia del titular del Instituto Tlaxcalteca de Desarrollo Taurino Matador Jos\u00e9 Luis Angelino que como detalle curioso aparece en el cartel del s\u00e1bado 9 de agosto en su Corrida de Despedida y que es la primera de este serial que contin\u00faa el 14 con la Corrida de las Luces y cierra el 23 con la Corrida de Huamantlada.<\/p>\n\n\n\n<p><strong>S\u00e1bado 9 de agosto <\/strong><\/p>\n\n\n\n<p>Toros de <em>De Haro<\/em> para la despedida de esta plaza de <strong>Jos\u00e9 Luis Angelino<\/strong>, quien estar\u00e1 acompa\u00f1ado por <strong>Israel T\u00e9llez<\/strong> y <strong>Sebasti\u00e1n Palomo<\/strong>.<\/p>\n\n\n\n<p><strong>Jueves 14 se agosto<\/strong>, corrida de Las Luces <\/p>\n\n\n\n<p>Toros de <em>Bego\u00f1a<\/em> para <strong><em>Calita<\/em>, Jos\u00e9 Mar\u00eda Mac\u00edas e Isaac Fonseca.<\/strong><\/p>\n\n\n\n<p><strong>S\u00e1bado 23 de agosto<\/strong>, d\u00eda de la huamantlada<\/p>\n\n\n\n<p>Toros de <em>Zacatepec<\/em> para <strong><em>El Zapata<\/em>, Juan Pablo S\u00e1nchez<\/strong> y el espa\u00f1ol <strong>Rom\u00e1n Collado<\/strong><\/p>\n\n\n\n<p><\/p>\n","protected":false},"excerpt":{"rendered":"<p>La noche de este viernes 4 de julio en el marco de la Presentaci\u00f3n de &#8220;La Feria&nbsp;del Arte Ef\u00edmero y la Dalia&#8221; en Huamantla, Tlaxcala, se dieron a conocer los Carteles Taurinos.&nbsp; El Presidente Municipal Juan Salvador Santos Cedillo di\u00f3 la bienvenida al p\u00fablico asistente&#8230;<\/p>\n","protected":false},"author":8,"featured_media":55777,"comment_status":"open","ping_status":"open","sticky":false,"template":"","format":"standard","meta":{"ngg_post_thumbnail":0,"jetpack_post_was_ever_published":false,"_jetpack_newsletter_access":"","_jetpack_dont_email_post_to_subs":false,"_jetpack_newsletter_tier_id":0,"_jetpack_memberships_contains_paywalled_content":false,"_jetpack_memberships_contains_paid_content":false,"footnotes":""},"categories":[520,103],"tags":[],"class_list":["post-55778","post","type-post","status-publish","format-standard","has-post-thumbnail","hentry","category-520","category-huamantla"],"yoast_head":"<!-- This site is optimized with the Yoast SEO plugin v27.5 - https:\/\/yoast.com\/product\/yoast-seo-wordpress\/ -->\n<title>Carteles para la Feria de Huamantla 2025 - toroestoro<\/title>\n<meta name=\"robots\" content=\"index, follow, max-snippet:-1, max-image-preview:large, max-video-preview:-1\" \/>\n<link rel=\"canonical\" href=\"http:\/\/toroestoro.com\/?p=55778\" \/>\n<meta property=\"og:locale\" content=\"es_MX\" \/>\n<meta property=\"og:type\" content=\"article\" \/>\n<meta property=\"og:title\" content=\"Carteles para la Feria de Huamantla 2025 - toroestoro\" \/>\n<meta property=\"og:description\" content=\"La noche de este viernes 4 de julio en el marco de la Presentaci\u00f3n de &#8220;La Feria&nbsp;del Arte Ef\u00edmero y la Dalia&#8221; en Huamantla, Tlaxcala, se dieron a conocer los Carteles Taurinos.&nbsp; El Presidente Municipal Juan Salvador Santos Cedillo di\u00f3 la bienvenida al p\u00fablico asistente...\" \/>\n<meta property=\"og:url\" content=\"http:\/\/toroestoro.com\/?p=55778\" \/>\n<meta property=\"og:site_name\" content=\"toroestoro\" \/>\n<meta property=\"article:publisher\" content=\"https:\/\/www.facebook.com\/toroestoro\" \/>\n<meta property=\"article:published_time\" content=\"2025-07-05T13:13:52+00:00\" \/>\n<meta property=\"og:image\" content=\"https:\/\/i0.wp.com\/toroestoro.com\/wp-content\/uploads\/2025\/07\/5fb043b4-a407-4e38-812f-c35747069940-1.jpg?fit=600%2C631\" \/>\n\t<meta property=\"og:image:width\" content=\"600\" \/>\n\t<meta property=\"og:image:height\" content=\"631\" \/>\n\t<meta property=\"og:image:type\" content=\"image\/jpeg\" \/>\n<meta name=\"author\" content=\"\u00c1ngel Sainos\" \/>\n<meta name=\"twitter:card\" content=\"summary_large_image\" \/>\n<meta name=\"twitter:creator\" content=\"@toroestoro\" \/>\n<meta name=\"twitter:site\" content=\"@toroestoro\" \/>\n<meta name=\"twitter:label1\" content=\"Escrito por\" \/>\n\t<meta name=\"twitter:data1\" content=\"\u00c1ngel Sainos\" \/>\n\t<meta name=\"twitter:label2\" content=\"Tiempo de lectura\" \/>\n\t<meta name=\"twitter:data2\" content=\"1 minuto\" \/>\n<script type=\"application\/ld+json\" class=\"yoast-schema-graph\">{\"@context\":\"https:\\\/\\\/schema.org\",\"@graph\":[{\"@type\":\"Article\",\"@id\":\"http:\\\/\\\/toroestoro.com\\\/?p=55778#article\",\"isPartOf\":{\"@id\":\"http:\\\/\\\/toroestoro.com\\\/?p=55778\"},\"author\":{\"name\":\"\u00c1ngel Sainos\",\"@id\":\"https:\\\/\\\/toroestoro.com\\\/#\\\/schema\\\/person\\\/bbc83d38fed1a6cf4b26de35c53286e8\"},\"headline\":\"Carteles para la Feria de Huamantla 2025\",\"datePublished\":\"2025-07-05T13:13:52+00:00\",\"mainEntityOfPage\":{\"@id\":\"http:\\\/\\\/toroestoro.com\\\/?p=55778\"},\"wordCount\":296,\"commentCount\":0,\"publisher\":{\"@id\":\"https:\\\/\\\/toroestoro.com\\\/#organization\"},\"image\":{\"@id\":\"http:\\\/\\\/toroestoro.com\\\/?p=55778#primaryimage\"},\"thumbnailUrl\":\"https:\\\/\\\/i0.wp.com\\\/toroestoro.com\\\/wp-content\\\/uploads\\\/2025\\\/07\\\/5fb043b4-a407-4e38-812f-c35747069940-1.jpg?fit=600%2C631&ssl=1\",\"articleSection\":[\"2025\",\"Huamantla\"],\"inLanguage\":\"es\",\"potentialAction\":[{\"@type\":\"CommentAction\",\"name\":\"Comment\",\"target\":[\"http:\\\/\\\/toroestoro.com\\\/?p=55778#respond\"]}]},{\"@type\":\"WebPage\",\"@id\":\"http:\\\/\\\/toroestoro.com\\\/?p=55778\",\"url\":\"http:\\\/\\\/toroestoro.com\\\/?p=55778\",\"name\":\"Carteles para la Feria de Huamantla 2025 - toroestoro\",\"isPartOf\":{\"@id\":\"https:\\\/\\\/toroestoro.com\\\/#website\"},\"primaryImageOfPage\":{\"@id\":\"http:\\\/\\\/toroestoro.com\\\/?p=55778#primaryimage\"},\"image\":{\"@id\":\"http:\\\/\\\/toroestoro.com\\\/?p=55778#primaryimage\"},\"thumbnailUrl\":\"https:\\\/\\\/i0.wp.com\\\/toroestoro.com\\\/wp-content\\\/uploads\\\/2025\\\/07\\\/5fb043b4-a407-4e38-812f-c35747069940-1.jpg?fit=600%2C631&ssl=1\",\"datePublished\":\"2025-07-05T13:13:52+00:00\",\"breadcrumb\":{\"@id\":\"http:\\\/\\\/toroestoro.com\\\/?p=55778#breadcrumb\"},\"inLanguage\":\"es\",\"potentialAction\":[{\"@type\":\"ReadAction\",\"target\":[\"http:\\\/\\\/toroestoro.com\\\/?p=55778\"]}]},{\"@type\":\"ImageObject\",\"inLanguage\":\"es\",\"@id\":\"http:\\\/\\\/toroestoro.com\\\/?p=55778#primaryimage\",\"url\":\"https:\\\/\\\/i0.wp.com\\\/toroestoro.com\\\/wp-content\\\/uploads\\\/2025\\\/07\\\/5fb043b4-a407-4e38-812f-c35747069940-1.jpg?fit=600%2C631&ssl=1\",\"contentUrl\":\"https:\\\/\\\/i0.wp.com\\\/toroestoro.com\\\/wp-content\\\/uploads\\\/2025\\\/07\\\/5fb043b4-a407-4e38-812f-c35747069940-1.jpg?fit=600%2C631&ssl=1\",\"width\":600,\"height\":631},{\"@type\":\"BreadcrumbList\",\"@id\":\"http:\\\/\\\/toroestoro.com\\\/?p=55778#breadcrumb\",\"itemListElement\":[{\"@type\":\"ListItem\",\"position\":1,\"name\":\"Inicio\",\"item\":\"https:\\\/\\\/toroestoro.com\\\/\"},{\"@type\":\"ListItem\",\"position\":2,\"name\":\"Carteles para la Feria de Huamantla 2025\"}]},{\"@type\":\"WebSite\",\"@id\":\"https:\\\/\\\/toroestoro.com\\\/#website\",\"url\":\"https:\\\/\\\/toroestoro.com\\\/\",\"name\":\"toroestoro\",\"description\":\"Por Amor al Arte\",\"publisher\":{\"@id\":\"https:\\\/\\\/toroestoro.com\\\/#organization\"},\"potentialAction\":[{\"@type\":\"SearchAction\",\"target\":{\"@type\":\"EntryPoint\",\"urlTemplate\":\"https:\\\/\\\/toroestoro.com\\\/?s={search_term_string}\"},\"query-input\":{\"@type\":\"PropertyValueSpecification\",\"valueRequired\":true,\"valueName\":\"search_term_string\"}}],\"inLanguage\":\"es\"},{\"@type\":\"Organization\",\"@id\":\"https:\\\/\\\/toroestoro.com\\\/#organization\",\"name\":\"toroestoro\",\"url\":\"https:\\\/\\\/toroestoro.com\\\/\",\"logo\":{\"@type\":\"ImageObject\",\"inLanguage\":\"es\",\"@id\":\"https:\\\/\\\/toroestoro.com\\\/#\\\/schema\\\/logo\\\/image\\\/\",\"url\":\"http:\\\/\\\/toroestoro.com\\\/wp-content\\\/uploads\\\/2021\\\/07\\\/favico.jpg\",\"contentUrl\":\"http:\\\/\\\/toroestoro.com\\\/wp-content\\\/uploads\\\/2021\\\/07\\\/favico.jpg\",\"width\":512,\"height\":512,\"caption\":\"toroestoro\"},\"image\":{\"@id\":\"https:\\\/\\\/toroestoro.com\\\/#\\\/schema\\\/logo\\\/image\\\/\"},\"sameAs\":[\"https:\\\/\\\/www.facebook.com\\\/toroestoro\",\"https:\\\/\\\/x.com\\\/toroestoro\",\"https:\\\/\\\/www.instagram.com\\\/todoestoro\"]},{\"@type\":\"Person\",\"@id\":\"https:\\\/\\\/toroestoro.com\\\/#\\\/schema\\\/person\\\/bbc83d38fed1a6cf4b26de35c53286e8\",\"name\":\"\u00c1ngel Sainos\",\"image\":{\"@type\":\"ImageObject\",\"inLanguage\":\"es\",\"@id\":\"https:\\\/\\\/secure.gravatar.com\\\/avatar\\\/d9d3a5072190d035e6a69afd52bbc4d4a6836fbf1db9b08f52d5cb4bf0bc9219?s=96&d=mm&r=g\",\"url\":\"https:\\\/\\\/secure.gravatar.com\\\/avatar\\\/d9d3a5072190d035e6a69afd52bbc4d4a6836fbf1db9b08f52d5cb4bf0bc9219?s=96&d=mm&r=g\",\"contentUrl\":\"https:\\\/\\\/secure.gravatar.com\\\/avatar\\\/d9d3a5072190d035e6a69afd52bbc4d4a6836fbf1db9b08f52d5cb4bf0bc9219?s=96&d=mm&r=g\",\"caption\":\"\u00c1ngel Sainos\"},\"url\":\"https:\\\/\\\/toroestoro.com\\\/?author=8\"}]}<\/script>\n<!-- \/ Yoast SEO plugin. -->","yoast_head_json":{"title":"Carteles para la Feria de Huamantla 2025 - toroestoro","robots":{"index":"index","follow":"follow","max-snippet":"max-snippet:-1","max-image-preview":"max-image-preview:large","max-video-preview":"max-video-preview:-1"},"canonical":"http:\/\/toroestoro.com\/?p=55778","og_locale":"es_MX","og_type":"article","og_title":"Carteles para la Feria de Huamantla 2025 - toroestoro","og_description":"La noche de este viernes 4 de julio en el marco de la Presentaci\u00f3n de &#8220;La Feria&nbsp;del Arte Ef\u00edmero y la Dalia&#8221; en Huamantla, Tlaxcala, se dieron a conocer los Carteles Taurinos.&nbsp; El Presidente Municipal Juan Salvador Santos Cedillo di\u00f3 la bienvenida al p\u00fablico asistente...","og_url":"http:\/\/toroestoro.com\/?p=55778","og_site_name":"toroestoro","article_publisher":"https:\/\/www.facebook.com\/toroestoro","article_published_time":"2025-07-05T13:13:52+00:00","og_image":[{"width":600,"height":631,"url":"https:\/\/i0.wp.com\/toroestoro.com\/wp-content\/uploads\/2025\/07\/5fb043b4-a407-4e38-812f-c35747069940-1.jpg?fit=600%2C631","type":"image\/jpeg"}],"author":"\u00c1ngel Sainos","twitter_card":"summary_large_image","twitter_creator":"@toroestoro","twitter_site":"@toroestoro","twitter_misc":{"Escrito por":"\u00c1ngel Sainos","Tiempo de lectura":"1 minuto"},"schema":{"@context":"https:\/\/schema.org","@graph":[{"@type":"Article","@id":"http:\/\/toroestoro.com\/?p=55778#article","isPartOf":{"@id":"http:\/\/toroestoro.com\/?p=55778"},"author":{"name":"\u00c1ngel Sainos","@id":"https:\/\/toroestoro.com\/#\/schema\/person\/bbc83d38fed1a6cf4b26de35c53286e8"},"headline":"Carteles para la Feria de Huamantla 2025","datePublished":"2025-07-05T13:13:52+00:00","mainEntityOfPage":{"@id":"http:\/\/toroestoro.com\/?p=55778"},"wordCount":296,"commentCount":0,"publisher":{"@id":"https:\/\/toroestoro.com\/#organization"},"image":{"@id":"http:\/\/toroestoro.com\/?p=55778#primaryimage"},"thumbnailUrl":"https:\/\/i0.wp.com\/toroestoro.com\/wp-content\/uploads\/2025\/07\/5fb043b4-a407-4e38-812f-c35747069940-1.jpg?fit=600%2C631&ssl=1","articleSection":["2025","Huamantla"],"inLanguage":"es","potentialAction":[{"@type":"CommentAction","name":"Comment","target":["http:\/\/toroestoro.com\/?p=55778#respond"]}]},{"@type":"WebPage","@id":"http:\/\/toroestoro.com\/?p=55778","url":"http:\/\/toroestoro.com\/?p=55778","name":"Carteles para la Feria de Huamantla 2025 - toroestoro","isPartOf":{"@id":"https:\/\/toroestoro.com\/#website"},"primaryImageOfPage":{"@id":"http:\/\/toroestoro.com\/?p=55778#primaryimage"},"image":{"@id":"http:\/\/toroestoro.com\/?p=55778#primaryimage"},"thumbnailUrl":"https:\/\/i0.wp.com\/toroestoro.com\/wp-content\/uploads\/2025\/07\/5fb043b4-a407-4e38-812f-c35747069940-1.jpg?fit=600%2C631&ssl=1","datePublished":"2025-07-05T13:13:52+00:00","breadcrumb":{"@id":"http:\/\/toroestoro.com\/?p=55778#breadcrumb"},"inLanguage":"es","potentialAction":[{"@type":"ReadAction","target":["http:\/\/toroestoro.com\/?p=55778"]}]},{"@type":"ImageObject","inLanguage":"es","@id":"http:\/\/toroestoro.com\/?p=55778#primaryimage","url":"https:\/\/i0.wp.com\/toroestoro.com\/wp-content\/uploads\/2025\/07\/5fb043b4-a407-4e38-812f-c35747069940-1.jpg?fit=600%2C631&ssl=1","contentUrl":"https:\/\/i0.wp.com\/toroestoro.com\/wp-content\/uploads\/2025\/07\/5fb043b4-a407-4e38-812f-c35747069940-1.jpg?fit=600%2C631&ssl=1","width":600,"height":631},{"@type":"BreadcrumbList","@id":"http:\/\/toroestoro.com\/?p=55778#breadcrumb","itemListElement":[{"@type":"ListItem","position":1,"name":"Inicio","item":"https:\/\/toroestoro.com\/"},{"@type":"ListItem","position":2,"name":"Carteles para la Feria de Huamantla 2025"}]},{"@type":"WebSite","@id":"https:\/\/toroestoro.com\/#website","url":"https:\/\/toroestoro.com\/","name":"toroestoro","description":"Por Amor al Arte","publisher":{"@id":"https:\/\/toroestoro.com\/#organization"},"potentialAction":[{"@type":"SearchAction","target":{"@type":"EntryPoint","urlTemplate":"https:\/\/toroestoro.com\/?s={search_term_string}"},"query-input":{"@type":"PropertyValueSpecification","valueRequired":true,"valueName":"search_term_string"}}],"inLanguage":"es"},{"@type":"Organization","@id":"https:\/\/toroestoro.com\/#organization","name":"toroestoro","url":"https:\/\/toroestoro.com\/","logo":{"@type":"ImageObject","inLanguage":"es","@id":"https:\/\/toroestoro.com\/#\/schema\/logo\/image\/","url":"http:\/\/toroestoro.com\/wp-content\/uploads\/2021\/07\/favico.jpg","contentUrl":"http:\/\/toroestoro.com\/wp-content\/uploads\/2021\/07\/favico.jpg","width":512,"height":512,"caption":"toroestoro"},"image":{"@id":"https:\/\/toroestoro.com\/#\/schema\/logo\/image\/"},"sameAs":["https:\/\/www.facebook.com\/toroestoro","https:\/\/x.com\/toroestoro","https:\/\/www.instagram.com\/todoestoro"]},{"@type":"Person","@id":"https:\/\/toroestoro.com\/#\/schema\/person\/bbc83d38fed1a6cf4b26de35c53286e8","name":"\u00c1ngel Sainos","image":{"@type":"ImageObject","inLanguage":"es","@id":"https:\/\/secure.gravatar.com\/avatar\/d9d3a5072190d035e6a69afd52bbc4d4a6836fbf1db9b08f52d5cb4bf0bc9219?s=96&d=mm&r=g","url":"https:\/\/secure.gravatar.com\/avatar\/d9d3a5072190d035e6a69afd52bbc4d4a6836fbf1db9b08f52d5cb4bf0bc9219?s=96&d=mm&r=g","contentUrl":"https:\/\/secure.gravatar.com\/avatar\/d9d3a5072190d035e6a69afd52bbc4d4a6836fbf1db9b08f52d5cb4bf0bc9219?s=96&d=mm&r=g","caption":"\u00c1ngel Sainos"},"url":"https:\/\/toroestoro.com\/?author=8"}]}},"jetpack_featured_media_url":"https:\/\/i0.wp.com\/toroestoro.com\/wp-content\/uploads\/2025\/07\/5fb043b4-a407-4e38-812f-c35747069940-1.jpg?fit=600%2C631&ssl=1","jetpack_likes_enabled":true,"jetpack_sharing_enabled":true,"_links":{"self":[{"href":"https:\/\/toroestoro.com\/index.php?rest_route=\/wp\/v2\/posts\/55778","targetHints":{"allow":["GET"]}}],"collection":[{"href":"https:\/\/toroestoro.com\/index.php?rest_route=\/wp\/v2\/posts"}],"about":[{"href":"https:\/\/toroestoro.com\/index.php?rest_route=\/wp\/v2\/types\/post"}],"author":[{"embeddable":true,"href":"https:\/\/toroestoro.com\/index.php?rest_route=\/wp\/v2\/users\/8"}],"replies":[{"embeddable":true,"href":"https:\/\/toroestoro.com\/index.php?rest_route=%2Fwp%2Fv2%2Fcomments&post=55778"}],"version-history":[{"count":0,"href":"https:\/\/toroestoro.com\/index.php?rest_route=\/wp\/v2\/posts\/55778\/revisions"}],"wp:featuredmedia":[{"embeddable":true,"href":"https:\/\/toroestoro.com\/index.php?rest_route=\/wp\/v2\/media\/55777"}],"wp:attachment":[{"href":"https:\/\/toroestoro.com\/index.php?rest_route=%2Fwp%2Fv2%2Fmedia&parent=55778"}],"wp:term":[{"taxonomy":"category","embeddable":true,"href":"https:\/\/toroestoro.com\/index.php?rest_route=%2Fwp%2Fv2%2Fcategories&post=55778"},{"taxonomy":"post_tag","embeddable":true,"href":"https:\/\/toroestoro.com\/index.php?rest_route=%2Fwp%2Fv2%2Ftags&post=55778"}],"curies":[{"name":"wp","href":"https:\/\/api.w.org\/{rel}","templated":true}]}}