{"id":55789,"date":"2025-07-22T22:20:00","date_gmt":"2025-07-23T03:20:00","guid":{"rendered":"https:\/\/toroestoro.com\/?p=55789"},"modified":"2025-07-22T22:20:00","modified_gmt":"2025-07-23T03:20:00","slug":"juan-pablo-sanchez-corta-dos-orejas-en-xico","status":"publish","type":"post","link":"https:\/\/toroestoro.com\/?p=55789","title":{"rendered":"Juan Pablo S\u00e1nchez corta dos orejas en Xico"},"content":{"rendered":"<h2 class=\"sub-title-primary\"><\/h2> \n<p class=\"MsoNormal\"><strong><em>Juan Pablo S\u00e1nchez, tarde triunfal en Xico, dos orejas, consolida su liderazgo en el escalaf\u00f3n<\/em><\/strong><\/p>\n\n\n\n<p class=\"MsoNormal\">Con el sello de la elegancia, la firmeza y el temple que lo caracterizan, el matador Juan Pablo S\u00e1nchez firm\u00f3 una tarde de triunfo rotundo en la tradicional&nbsp;plaza de toros de Xico, Veracruz, ante ejemplares de la ganader\u00eda Vistahermosa, ratificando por qu\u00e9 es el l\u00edder actual del escalaf\u00f3n taurino.<\/p>\n\n\n\n<p class=\"MsoNormal\">El primero de su lote, \u201cHuizache\u201d, n\u00famero 183, con 533 kilos, fue un toro noble que fue de m\u00e1s a menos. Juan Pablo lo llev\u00f3 con suavidad y buen trazo, logrando extraer tandas de calidad pese a la condici\u00f3n menguante del astado. Escuch\u00f3 palmas tras su entrega y oficio.<\/p>\n\n\n\n<p class=\"MsoNormal\">Pero ser\u00eda con el segundo, \u201cMezquite\u201d, n\u00famero 173, de 510 kilos, donde el diestro hidroc\u00e1lido cuajar\u00eda una gran faena que gust\u00f3 mucho al tendido. Desde la salida del toro, mostr\u00f3 seguridad y claridad de ideas, estructurando una labor profunda, ligada y con pasajes de gran expresi\u00f3n art\u00edstica. La estocada, en todo lo alto y al primer intento, desat\u00f3 la entrega del p\u00fablico, que pidi\u00f3 con fuerza los trofeos. El juez concedi\u00f3 dos orejas.<\/p>\n\n\n\n<p class=\"MsoNormal\">\ud835\udda3\ud835\uddc2\ud835\uddbe\ud835\uddc0\ud835\uddc8&nbsp;\ud835\uddb2\u00e1\ud835\uddc7\ud835\uddbc\ud835\uddc1\ud835\uddbe\ud835\uddd3&nbsp;\ud835\uddc8\ud835\uddbb\ud835\uddcd\ud835\uddce\ud835\uddcf\ud835\uddc8&nbsp;\ud835\uddce\ud835\uddc7\ud835\uddba&nbsp;\ud835\uddc8\ud835\uddcb\ud835\uddbe\ud835\uddc3\ud835\uddba&nbsp;\ud835\uddcd\ud835\uddcb\ud835\uddba\ud835\uddcc&nbsp;\ud835\uddce\ud835\uddc7\ud835\uddba&nbsp;\ud835\uddc5\ud835\uddba\ud835\uddbb\ud835\uddc8\ud835\uddcb&nbsp;\ud835\uddbe\ud835\uddcc\ud835\uddbf\ud835\uddc8\ud835\uddcb\ud835\uddd3\ud835\uddba\ud835\uddbd\ud835\uddba&nbsp;\ud835\uddba\ud835\uddc7\ud835\uddcd\ud835\uddbe&nbsp;\ud835\uddce\ud835\uddc7&nbsp;\ud835\uddcd\ud835\uddc8\ud835\uddcb\ud835\uddc8&nbsp;\ud835\uddca\ud835\uddce\ud835\uddbe&nbsp;\ud835\uddcc\ud835\uddbe&nbsp;\ud835\uddcf\ud835\uddc2\ud835\uddc7\ud835\uddc8&nbsp;\ud835\uddba&nbsp;\ud835\uddc6\ud835\uddbe\ud835\uddc7\ud835\uddc8\ud835\uddcc.&nbsp;\ud835\udda2\ud835\uddc8\ud835\uddc7&nbsp;\ud835\uddcc\ud835\uddce&nbsp;\ud835\uddcc\ud835\uddbe\ud835\uddc0\ud835\uddce\ud835\uddc7\ud835\uddbd\ud835\uddc8,&nbsp;\ud835\uddc5\ud835\uddc8\ud835\uddc0\ud835\uddcb\u00f3\ud835\uddc6\ud835\uddc8\ud835\uddc6\ud835\uddbe\ud835\uddc7\ud835\uddcd\ud835\uddc8\ud835\uddcc&nbsp;\ud835\uddc2\ud835\uddc7\ud835\uddcd\ud835\uddbe\ud835\uddcb\ud835\uddbe\ud835\uddcc\ud835\uddba\ud835\uddc7\ud835\uddcd\ud835\uddbe\ud835\uddcc&nbsp;\ud835\uddba\ud835\uddce\ud835\uddc7\ud835\uddca\ud835\uddce\ud835\uddbe&nbsp;\ud835\uddbf\ud835\uddba\ud835\uddc5\ud835\uddc5\u00f3&nbsp;\ud835\uddbc\ud835\uddc8\ud835\uddc7&nbsp;\ud835\uddc5\ud835\uddba&nbsp;\ud835\uddbe\ud835\uddcc\ud835\uddc9\ud835\uddba\ud835\uddbd\ud835\uddba,&nbsp;\ud835\uddcb\ud835\uddbe\ud835\uddcd\ud835\uddc2\ud835\uddcb\u00e1\ud835\uddc7\ud835\uddbd\ud835\uddc8\ud835\uddcc\ud835\uddbe&nbsp;\ud835\uddbe\ud835\uddc7\ud835\uddcd\ud835\uddcb\ud835\uddbe&nbsp;\ud835\uddc9\ud835\uddba\ud835\uddc5\ud835\uddc6\ud835\uddba\ud835\uddcc.&nbsp;\ud835\udda9\ud835\uddce\ud835\uddc5\ud835\uddc2\u00e1\ud835\uddc7&nbsp;\ud835\udda6\ud835\uddba\ud835\uddcb\ud835\uddc2\ud835\uddbb\ud835\uddba\ud835\uddd2,&nbsp;\ud835\uddbc\ud835\uddc8\ud835\uddcc\ud835\uddbe\ud835\uddbc\ud835\uddc1\u00f3&nbsp;\ud835\uddc9\ud835\uddba\ud835\uddc5\ud835\uddc6\ud835\uddba\ud835\uddcc&nbsp;\ud835\uddbe\ud835\uddc7&nbsp;\ud835\uddcc\ud835\uddce\ud835\uddcc\ud835\uddbd\ud835\uddc8\ud835\uddcc&nbsp;\ud835\uddcd\ud835\uddce\ud835\uddcb\ud835\uddc7\ud835\uddc8\ud835\uddcc.&nbsp;\ud835\uddac\ud835\uddc8\ud835\uddcc\ud835\uddcd\ud835\uddcb\u00f3&nbsp;\ud835\uddbe\ud835\uddd1\ud835\uddc9\ud835\uddcb\ud835\uddbe\ud835\uddcc\ud835\uddc2\u00f3\ud835\uddc7&nbsp;\ud835\uddd2&nbsp;\ud835\uddbf\ud835\uddc2\ud835\uddcb\ud835\uddc6\ud835\uddbe\ud835\uddd3\ud835\uddba&nbsp;\ud835\uddba\ud835\uddc7\ud835\uddcd\ud835\uddbe&nbsp;\ud835\uddbe\ud835\uddc3\ud835\uddbe\ud835\uddc6\ud835\uddc9\ud835\uddc5\ud835\uddba\ud835\uddcb\ud835\uddbe\ud835\uddcc&nbsp;\ud835\uddca\ud835\uddce\ud835\uddbe&nbsp;\ud835\uddcc\ud835\uddbe&nbsp;\ud835\uddba\ud835\uddc9\ud835\uddba\ud835\uddc0\ud835\uddba\ud835\uddcb\ud835\uddc8\ud835\uddc7&nbsp;\ud835\uddc9\ud835\uddcb\ud835\uddc8\ud835\uddc7\ud835\uddcd\ud835\uddc8&nbsp;\ud835\uddd2&nbsp;\ud835\uddbe\ud835\uddd1\ud835\uddc2\ud835\uddc0\ud835\uddc2\ud835\uddbe\ud835\uddcb\ud835\uddc8\ud835\uddc7&nbsp;\ud835\uddc6\ud835\uddce\ud835\uddbc\ud835\uddc1\ud835\uddc8&nbsp;\ud835\uddc8\ud835\uddbf\ud835\uddc2\ud835\uddbc\ud835\uddc2\ud835\uddc8.<\/p>\n\n\n\n<p class=\"MsoNormal\"><em>Ficha: <\/em><\/p>\n\n\n\n<p class=\"MsoNormal\"><em>Corrida de Feria en la&nbsp;plaza de toros de Xico, Veracruz. Tres cuartos de entrada en tarde agradable. Se lidiaron ejemplares de Vistahermosa, de juego variado, destacando el cuarto, aplaudido en el arrastre. <\/em><\/p>\n\n\n\n<p class=\"MsoNormal\"><em><strong>Juan Pablo S\u00e1nchez<\/strong>, palmas y dos orejas. <\/em><\/p>\n\n\n\n<p class=\"MsoNormal\"><em><strong>Diego S\u00e1nchez<\/strong>, oreja y palmas. <\/em><\/p>\n\n\n\n<p class=\"MsoNormal\"><em><strong>Juli\u00e1n Garibay<\/strong>, silencio en su lote.&nbsp;<\/em><\/p>\n","protected":false},"excerpt":{"rendered":"<p>Juan Pablo S\u00e1nchez, tarde triunfal en Xico, dos orejas, consolida su liderazgo en el escalaf\u00f3n Con el sello de la elegancia, la firmeza y el temple que lo caracterizan, el matador Juan Pablo S\u00e1nchez firm\u00f3 una tarde de triunfo rotundo en la tradicional&nbsp;plaza de toros&#8230;<\/p>\n","protected":false},"author":9,"featured_media":55788,"comment_status":"open","ping_status":"open","sticky":false,"template":"","format":"standard","meta":{"ngg_post_thumbnail":0,"jetpack_post_was_ever_published":false,"_jetpack_newsletter_access":"","_jetpack_dont_email_post_to_subs":false,"_jetpack_newsletter_tier_id":0,"_jetpack_memberships_contains_paywalled_content":false,"_jetpack_memberships_contains_paid_content":false,"footnotes":""},"categories":[520,10],"tags":[],"class_list":["post-55789","post","type-post","status-publish","format-standard","has-post-thumbnail","hentry","category-520","category-resultados"],"yoast_head":"<!-- This site is optimized with the Yoast SEO plugin v27.5 - https:\/\/yoast.com\/product\/yoast-seo-wordpress\/ -->\n<title>Juan Pablo S\u00e1nchez corta dos orejas en Xico - toroestoro<\/title>\n<meta name=\"robots\" content=\"index, follow, max-snippet:-1, max-image-preview:large, max-video-preview:-1\" \/>\n<link rel=\"canonical\" href=\"https:\/\/toroestoro.com\/?p=55789\" \/>\n<meta property=\"og:locale\" content=\"es_MX\" \/>\n<meta property=\"og:type\" content=\"article\" \/>\n<meta property=\"og:title\" content=\"Juan Pablo S\u00e1nchez corta dos orejas en Xico - toroestoro\" \/>\n<meta property=\"og:description\" content=\"Juan Pablo S\u00e1nchez, tarde triunfal en Xico, dos orejas, consolida su liderazgo en el escalaf\u00f3n Con el sello de la elegancia, la firmeza y el temple que lo caracterizan, el matador Juan Pablo S\u00e1nchez firm\u00f3 una tarde de triunfo rotundo en la tradicional&nbsp;plaza de toros...\" \/>\n<meta property=\"og:url\" content=\"https:\/\/toroestoro.com\/?p=55789\" \/>\n<meta property=\"og:site_name\" content=\"toroestoro\" \/>\n<meta property=\"article:publisher\" content=\"https:\/\/www.facebook.com\/toroestoro\" \/>\n<meta property=\"article:published_time\" content=\"2025-07-23T03:20:00+00:00\" \/>\n<meta property=\"og:image\" content=\"https:\/\/i0.wp.com\/toroestoro.com\/wp-content\/uploads\/2025\/07\/2f111fd6-1314-4bf4-80b9-d032497004b1.jpg?fit=400%2C333&ssl=1\" \/>\n\t<meta property=\"og:image:width\" content=\"400\" \/>\n\t<meta property=\"og:image:height\" content=\"333\" \/>\n\t<meta property=\"og:image:type\" content=\"image\/jpeg\" \/>\n<meta name=\"author\" content=\"Comunicado\" \/>\n<meta name=\"twitter:card\" content=\"summary_large_image\" \/>\n<meta name=\"twitter:creator\" content=\"@toroestoro\" \/>\n<meta name=\"twitter:site\" content=\"@toroestoro\" \/>\n<meta name=\"twitter:label1\" content=\"Escrito por\" \/>\n\t<meta name=\"twitter:data1\" content=\"Comunicado\" \/>\n\t<meta name=\"twitter:label2\" content=\"Tiempo de lectura\" \/>\n\t<meta name=\"twitter:data2\" content=\"2 minutos\" \/>\n<script type=\"application\/ld+json\" class=\"yoast-schema-graph\">{\"@context\":\"https:\\\/\\\/schema.org\",\"@graph\":[{\"@type\":\"Article\",\"@id\":\"https:\\\/\\\/toroestoro.com\\\/?p=55789#article\",\"isPartOf\":{\"@id\":\"https:\\\/\\\/toroestoro.com\\\/?p=55789\"},\"author\":{\"name\":\"Comunicado\",\"@id\":\"https:\\\/\\\/toroestoro.com\\\/#\\\/schema\\\/person\\\/624c24746a7d3f17e92f34ff5708ff14\"},\"headline\":\"Juan Pablo S\u00e1nchez corta dos orejas en Xico\",\"datePublished\":\"2025-07-23T03:20:00+00:00\",\"mainEntityOfPage\":{\"@id\":\"https:\\\/\\\/toroestoro.com\\\/?p=55789\"},\"wordCount\":316,\"commentCount\":0,\"publisher\":{\"@id\":\"https:\\\/\\\/toroestoro.com\\\/#organization\"},\"image\":{\"@id\":\"https:\\\/\\\/toroestoro.com\\\/?p=55789#primaryimage\"},\"thumbnailUrl\":\"https:\\\/\\\/i0.wp.com\\\/toroestoro.com\\\/wp-content\\\/uploads\\\/2025\\\/07\\\/2f111fd6-1314-4bf4-80b9-d032497004b1.jpg?fit=400%2C333&ssl=1\",\"articleSection\":[\"2025\",\"Resultados\"],\"inLanguage\":\"es\",\"potentialAction\":[{\"@type\":\"CommentAction\",\"name\":\"Comment\",\"target\":[\"https:\\\/\\\/toroestoro.com\\\/?p=55789#respond\"]}]},{\"@type\":\"WebPage\",\"@id\":\"https:\\\/\\\/toroestoro.com\\\/?p=55789\",\"url\":\"https:\\\/\\\/toroestoro.com\\\/?p=55789\",\"name\":\"Juan Pablo S\u00e1nchez corta dos orejas en Xico - toroestoro\",\"isPartOf\":{\"@id\":\"https:\\\/\\\/toroestoro.com\\\/#website\"},\"primaryImageOfPage\":{\"@id\":\"https:\\\/\\\/toroestoro.com\\\/?p=55789#primaryimage\"},\"image\":{\"@id\":\"https:\\\/\\\/toroestoro.com\\\/?p=55789#primaryimage\"},\"thumbnailUrl\":\"https:\\\/\\\/i0.wp.com\\\/toroestoro.com\\\/wp-content\\\/uploads\\\/2025\\\/07\\\/2f111fd6-1314-4bf4-80b9-d032497004b1.jpg?fit=400%2C333&ssl=1\",\"datePublished\":\"2025-07-23T03:20:00+00:00\",\"breadcrumb\":{\"@id\":\"https:\\\/\\\/toroestoro.com\\\/?p=55789#breadcrumb\"},\"inLanguage\":\"es\",\"potentialAction\":[{\"@type\":\"ReadAction\",\"target\":[\"https:\\\/\\\/toroestoro.com\\\/?p=55789\"]}]},{\"@type\":\"ImageObject\",\"inLanguage\":\"es\",\"@id\":\"https:\\\/\\\/toroestoro.com\\\/?p=55789#primaryimage\",\"url\":\"https:\\\/\\\/i0.wp.com\\\/toroestoro.com\\\/wp-content\\\/uploads\\\/2025\\\/07\\\/2f111fd6-1314-4bf4-80b9-d032497004b1.jpg?fit=400%2C333&ssl=1\",\"contentUrl\":\"https:\\\/\\\/i0.wp.com\\\/toroestoro.com\\\/wp-content\\\/uploads\\\/2025\\\/07\\\/2f111fd6-1314-4bf4-80b9-d032497004b1.jpg?fit=400%2C333&ssl=1\",\"width\":400,\"height\":333},{\"@type\":\"BreadcrumbList\",\"@id\":\"https:\\\/\\\/toroestoro.com\\\/?p=55789#breadcrumb\",\"itemListElement\":[{\"@type\":\"ListItem\",\"position\":1,\"name\":\"Inicio\",\"item\":\"https:\\\/\\\/toroestoro.com\\\/\"},{\"@type\":\"ListItem\",\"position\":2,\"name\":\"Juan Pablo S\u00e1nchez corta dos orejas en Xico\"}]},{\"@type\":\"WebSite\",\"@id\":\"https:\\\/\\\/toroestoro.com\\\/#website\",\"url\":\"https:\\\/\\\/toroestoro.com\\\/\",\"name\":\"toroestoro\",\"description\":\"Por Amor al Arte\",\"publisher\":{\"@id\":\"https:\\\/\\\/toroestoro.com\\\/#organization\"},\"potentialAction\":[{\"@type\":\"SearchAction\",\"target\":{\"@type\":\"EntryPoint\",\"urlTemplate\":\"https:\\\/\\\/toroestoro.com\\\/?s={search_term_string}\"},\"query-input\":{\"@type\":\"PropertyValueSpecification\",\"valueRequired\":true,\"valueName\":\"search_term_string\"}}],\"inLanguage\":\"es\"},{\"@type\":\"Organization\",\"@id\":\"https:\\\/\\\/toroestoro.com\\\/#organization\",\"name\":\"toroestoro\",\"url\":\"https:\\\/\\\/toroestoro.com\\\/\",\"logo\":{\"@type\":\"ImageObject\",\"inLanguage\":\"es\",\"@id\":\"https:\\\/\\\/toroestoro.com\\\/#\\\/schema\\\/logo\\\/image\\\/\",\"url\":\"http:\\\/\\\/toroestoro.com\\\/wp-content\\\/uploads\\\/2021\\\/07\\\/favico.jpg\",\"contentUrl\":\"http:\\\/\\\/toroestoro.com\\\/wp-content\\\/uploads\\\/2021\\\/07\\\/favico.jpg\",\"width\":512,\"height\":512,\"caption\":\"toroestoro\"},\"image\":{\"@id\":\"https:\\\/\\\/toroestoro.com\\\/#\\\/schema\\\/logo\\\/image\\\/\"},\"sameAs\":[\"https:\\\/\\\/www.facebook.com\\\/toroestoro\",\"https:\\\/\\\/x.com\\\/toroestoro\",\"https:\\\/\\\/www.instagram.com\\\/todoestoro\"]},{\"@type\":\"Person\",\"@id\":\"https:\\\/\\\/toroestoro.com\\\/#\\\/schema\\\/person\\\/624c24746a7d3f17e92f34ff5708ff14\",\"name\":\"Comunicado\",\"image\":{\"@type\":\"ImageObject\",\"inLanguage\":\"es\",\"@id\":\"https:\\\/\\\/secure.gravatar.com\\\/avatar\\\/8a95837464d6783a44b98ed73c0b9211897cc3e73fa68b003620b702a13e4096?s=96&d=mm&r=g\",\"url\":\"https:\\\/\\\/secure.gravatar.com\\\/avatar\\\/8a95837464d6783a44b98ed73c0b9211897cc3e73fa68b003620b702a13e4096?s=96&d=mm&r=g\",\"contentUrl\":\"https:\\\/\\\/secure.gravatar.com\\\/avatar\\\/8a95837464d6783a44b98ed73c0b9211897cc3e73fa68b003620b702a13e4096?s=96&d=mm&r=g\",\"caption\":\"Comunicado\"},\"url\":\"https:\\\/\\\/toroestoro.com\\\/?author=9\"}]}<\/script>\n<!-- \/ Yoast SEO plugin. -->","yoast_head_json":{"title":"Juan Pablo S\u00e1nchez corta dos orejas en Xico - toroestoro","robots":{"index":"index","follow":"follow","max-snippet":"max-snippet:-1","max-image-preview":"max-image-preview:large","max-video-preview":"max-video-preview:-1"},"canonical":"https:\/\/toroestoro.com\/?p=55789","og_locale":"es_MX","og_type":"article","og_title":"Juan Pablo S\u00e1nchez corta dos orejas en Xico - toroestoro","og_description":"Juan Pablo S\u00e1nchez, tarde triunfal en Xico, dos orejas, consolida su liderazgo en el escalaf\u00f3n Con el sello de la elegancia, la firmeza y el temple que lo caracterizan, el matador Juan Pablo S\u00e1nchez firm\u00f3 una tarde de triunfo rotundo en la tradicional&nbsp;plaza de toros...","og_url":"https:\/\/toroestoro.com\/?p=55789","og_site_name":"toroestoro","article_publisher":"https:\/\/www.facebook.com\/toroestoro","article_published_time":"2025-07-23T03:20:00+00:00","og_image":[{"width":400,"height":333,"url":"https:\/\/i0.wp.com\/toroestoro.com\/wp-content\/uploads\/2025\/07\/2f111fd6-1314-4bf4-80b9-d032497004b1.jpg?fit=400%2C333&ssl=1","type":"image\/jpeg"}],"author":"Comunicado","twitter_card":"summary_large_image","twitter_creator":"@toroestoro","twitter_site":"@toroestoro","twitter_misc":{"Escrito por":"Comunicado","Tiempo de lectura":"2 minutos"},"schema":{"@context":"https:\/\/schema.org","@graph":[{"@type":"Article","@id":"https:\/\/toroestoro.com\/?p=55789#article","isPartOf":{"@id":"https:\/\/toroestoro.com\/?p=55789"},"author":{"name":"Comunicado","@id":"https:\/\/toroestoro.com\/#\/schema\/person\/624c24746a7d3f17e92f34ff5708ff14"},"headline":"Juan Pablo S\u00e1nchez corta dos orejas en Xico","datePublished":"2025-07-23T03:20:00+00:00","mainEntityOfPage":{"@id":"https:\/\/toroestoro.com\/?p=55789"},"wordCount":316,"commentCount":0,"publisher":{"@id":"https:\/\/toroestoro.com\/#organization"},"image":{"@id":"https:\/\/toroestoro.com\/?p=55789#primaryimage"},"thumbnailUrl":"https:\/\/i0.wp.com\/toroestoro.com\/wp-content\/uploads\/2025\/07\/2f111fd6-1314-4bf4-80b9-d032497004b1.jpg?fit=400%2C333&ssl=1","articleSection":["2025","Resultados"],"inLanguage":"es","potentialAction":[{"@type":"CommentAction","name":"Comment","target":["https:\/\/toroestoro.com\/?p=55789#respond"]}]},{"@type":"WebPage","@id":"https:\/\/toroestoro.com\/?p=55789","url":"https:\/\/toroestoro.com\/?p=55789","name":"Juan Pablo S\u00e1nchez corta dos orejas en Xico - toroestoro","isPartOf":{"@id":"https:\/\/toroestoro.com\/#website"},"primaryImageOfPage":{"@id":"https:\/\/toroestoro.com\/?p=55789#primaryimage"},"image":{"@id":"https:\/\/toroestoro.com\/?p=55789#primaryimage"},"thumbnailUrl":"https:\/\/i0.wp.com\/toroestoro.com\/wp-content\/uploads\/2025\/07\/2f111fd6-1314-4bf4-80b9-d032497004b1.jpg?fit=400%2C333&ssl=1","datePublished":"2025-07-23T03:20:00+00:00","breadcrumb":{"@id":"https:\/\/toroestoro.com\/?p=55789#breadcrumb"},"inLanguage":"es","potentialAction":[{"@type":"ReadAction","target":["https:\/\/toroestoro.com\/?p=55789"]}]},{"@type":"ImageObject","inLanguage":"es","@id":"https:\/\/toroestoro.com\/?p=55789#primaryimage","url":"https:\/\/i0.wp.com\/toroestoro.com\/wp-content\/uploads\/2025\/07\/2f111fd6-1314-4bf4-80b9-d032497004b1.jpg?fit=400%2C333&ssl=1","contentUrl":"https:\/\/i0.wp.com\/toroestoro.com\/wp-content\/uploads\/2025\/07\/2f111fd6-1314-4bf4-80b9-d032497004b1.jpg?fit=400%2C333&ssl=1","width":400,"height":333},{"@type":"BreadcrumbList","@id":"https:\/\/toroestoro.com\/?p=55789#breadcrumb","itemListElement":[{"@type":"ListItem","position":1,"name":"Inicio","item":"https:\/\/toroestoro.com\/"},{"@type":"ListItem","position":2,"name":"Juan Pablo S\u00e1nchez corta dos orejas en Xico"}]},{"@type":"WebSite","@id":"https:\/\/toroestoro.com\/#website","url":"https:\/\/toroestoro.com\/","name":"toroestoro","description":"Por Amor al Arte","publisher":{"@id":"https:\/\/toroestoro.com\/#organization"},"potentialAction":[{"@type":"SearchAction","target":{"@type":"EntryPoint","urlTemplate":"https:\/\/toroestoro.com\/?s={search_term_string}"},"query-input":{"@type":"PropertyValueSpecification","valueRequired":true,"valueName":"search_term_string"}}],"inLanguage":"es"},{"@type":"Organization","@id":"https:\/\/toroestoro.com\/#organization","name":"toroestoro","url":"https:\/\/toroestoro.com\/","logo":{"@type":"ImageObject","inLanguage":"es","@id":"https:\/\/toroestoro.com\/#\/schema\/logo\/image\/","url":"http:\/\/toroestoro.com\/wp-content\/uploads\/2021\/07\/favico.jpg","contentUrl":"http:\/\/toroestoro.com\/wp-content\/uploads\/2021\/07\/favico.jpg","width":512,"height":512,"caption":"toroestoro"},"image":{"@id":"https:\/\/toroestoro.com\/#\/schema\/logo\/image\/"},"sameAs":["https:\/\/www.facebook.com\/toroestoro","https:\/\/x.com\/toroestoro","https:\/\/www.instagram.com\/todoestoro"]},{"@type":"Person","@id":"https:\/\/toroestoro.com\/#\/schema\/person\/624c24746a7d3f17e92f34ff5708ff14","name":"Comunicado","image":{"@type":"ImageObject","inLanguage":"es","@id":"https:\/\/secure.gravatar.com\/avatar\/8a95837464d6783a44b98ed73c0b9211897cc3e73fa68b003620b702a13e4096?s=96&d=mm&r=g","url":"https:\/\/secure.gravatar.com\/avatar\/8a95837464d6783a44b98ed73c0b9211897cc3e73fa68b003620b702a13e4096?s=96&d=mm&r=g","contentUrl":"https:\/\/secure.gravatar.com\/avatar\/8a95837464d6783a44b98ed73c0b9211897cc3e73fa68b003620b702a13e4096?s=96&d=mm&r=g","caption":"Comunicado"},"url":"https:\/\/toroestoro.com\/?author=9"}]}},"jetpack_featured_media_url":"https:\/\/i0.wp.com\/toroestoro.com\/wp-content\/uploads\/2025\/07\/2f111fd6-1314-4bf4-80b9-d032497004b1.jpg?fit=400%2C333&ssl=1","jetpack_likes_enabled":true,"jetpack_sharing_enabled":true,"_links":{"self":[{"href":"https:\/\/toroestoro.com\/index.php?rest_route=\/wp\/v2\/posts\/55789","targetHints":{"allow":["GET"]}}],"collection":[{"href":"https:\/\/toroestoro.com\/index.php?rest_route=\/wp\/v2\/posts"}],"about":[{"href":"https:\/\/toroestoro.com\/index.php?rest_route=\/wp\/v2\/types\/post"}],"author":[{"embeddable":true,"href":"https:\/\/toroestoro.com\/index.php?rest_route=\/wp\/v2\/users\/9"}],"replies":[{"embeddable":true,"href":"https:\/\/toroestoro.com\/index.php?rest_route=%2Fwp%2Fv2%2Fcomments&post=55789"}],"version-history":[{"count":0,"href":"https:\/\/toroestoro.com\/index.php?rest_route=\/wp\/v2\/posts\/55789\/revisions"}],"wp:featuredmedia":[{"embeddable":true,"href":"https:\/\/toroestoro.com\/index.php?rest_route=\/wp\/v2\/media\/55788"}],"wp:attachment":[{"href":"https:\/\/toroestoro.com\/index.php?rest_route=%2Fwp%2Fv2%2Fmedia&parent=55789"}],"wp:term":[{"taxonomy":"category","embeddable":true,"href":"https:\/\/toroestoro.com\/index.php?rest_route=%2Fwp%2Fv2%2Fcategories&post=55789"},{"taxonomy":"post_tag","embeddable":true,"href":"https:\/\/toroestoro.com\/index.php?rest_route=%2Fwp%2Fv2%2Ftags&post=55789"}],"curies":[{"name":"wp","href":"https:\/\/api.w.org\/{rel}","templated":true}]}}