{"id":55808,"date":"2025-08-15T21:12:00","date_gmt":"2025-08-16T02:12:00","guid":{"rendered":"https:\/\/toroestoro.com\/?p=55808"},"modified":"2025-08-15T21:12:00","modified_gmt":"2025-08-16T02:12:00","slug":"glison-jr-corta-oreja-en-cedral","status":"publish","type":"post","link":"https:\/\/toroestoro.com\/?p=55808","title":{"rendered":"Glison Jr. corta oreja en Cedral"},"content":{"rendered":"<h2 class=\"sub-title-primary\"><\/h2> \n<p>Con el corte de una oreja Jorge de Jes\u00fas \u2018Glison\u2019 (hijo) se alz\u00f3 como el triunfador de la novillada de feria celebrada en la plaza de toros \u2018Frascuelo\u2019 de Cedral San Luis Potos\u00ed; lo m\u00e1s torero del festejo lo hizo Gustavo Garc\u00eda \u2018El Solito\u2019.<br \/>EL FESTEJO<br \/>Abri\u00f3 plaza C\u00e9sar Ruiz enfrentando a un novillo de la ganader\u00eda de \u2018El Greco\u2019 con 500 kilos, al que recibi\u00f3 con una larga de rodillas en el centro del ruedo, para despu\u00e9s pegar a la ver\u00f3nica. Con la muleta tuvo buenos momentos por el lado derecha, mientras que por el izquierdo el novillo sal\u00eda con la cabeza arriba. Con la espada en el primer intento la dej\u00f3 tendida, tomando la espada corta. Sali\u00f3 al tercio.<br \/>C\u00e9sar Pacheco enfrent\u00f3 a \u2018Tocayo\u2019 de la vacada de Fernando Lomel\u00ed, con 390 kilos quien se esforz\u00f3 a la ver\u00f3nica. Con la muleta estuvo muy firme ante un novillo al que hab\u00eda que ganarle la intenci\u00f3n y que sal\u00eda de cada muletazo con la cabeza arriba.<br \/>En tercer lugar salt\u00f3 a la arena un novillo de Dos R\u00edos que llev\u00f3 por nombre \u2018Huevo Querido\u2019 con 520 kilos para Jorge de Jes\u00fas \u2018El Glison\u2019 quien se esforz\u00f3 a la ver\u00f3nica. Le puso empe\u00f1o en las banderillas. Con la muleta su novillo le exig\u00eda un toque firme, mismo que con el pasar de la faena lo logr\u00f3, cuajando pases al natural con calidad. Con la espada en el primer viaje, para cortar una oreja.<br \/>Sigui\u00f3 \u2018Tomatero\u2019 de la ganader\u00eda de San Marcos con 460 kilos para Gustavo Garc\u00eda \u2018El Solito\u2019, quien estuvo bien a la ver\u00f3nica, rematando con el Manguerazo de Villalba. Con la muleta \u2018El Solito\u2019 mostr\u00f3 estar muy puesto, se gust\u00f3 y gust\u00f3 al torear por ambos lados con temple y largo, calando entre los espectadores, incluso en momento se abandon\u00f3 al correr la mano, ante un bien novillo. Con la espada en la primer viaje la atraves\u00f3, poni\u00e9ndose pesado con el acero. Di\u00f3 una merecida vuelta al ruedo<br \/>El lugar de honor fue para \u2018T\u00edo Pepe\u2019 procedente de las Huertas, que fue lidiado por Vladimir D\u00edaz, quien estuvo bien con el capote. Con la muleta pases de calidad por ambos lados, ante un toro pegajoso. Se puso pesado con la espada, retir\u00e1ndose entre aplausos.<br \/>Cerr\u00f3 plaza Julio Ventura \u2018Venturita\u2019 ante \u2018Dedo Gordo\u2019 de la vacada de Garabato, con el que estuvo esforzado ante un toro que no le paraban las patas, sin embargo el diestro estuvo firme. Con la espada se puso pesado<\/p>\n\n\n\n<p>FICHA DEL FESTEJO<\/p>\n\n\n\n<p>C\u00e9sar Ruiz: al tercio<br>C\u00e9sar Pacheco: Silencio<br>Jorge de Jes\u00fas \u2018Glison\u2019: Oreja<br>Gustavo Garc\u00eda \u2018El Solito\u2019: vuelta al ruedo<br>Vladimir D\u00edaz: Palmas<br>Julio Ventura \u2018Venturita\u2019: Palmas<\/p>\n","protected":false},"excerpt":{"rendered":"<p>Con el corte de una oreja Jorge de Jes\u00fas \u2018Glison\u2019 (hijo) se alz\u00f3 como el triunfador de la novillada de feria celebrada en la plaza de toros \u2018Frascuelo\u2019 de Cedral San Luis Potos\u00ed; lo m\u00e1s torero del festejo lo hizo Gustavo Garc\u00eda \u2018El Solito\u2019.EL FESTEJOAbri\u00f3&#8230;<\/p>\n","protected":false},"author":17,"featured_media":55807,"comment_status":"open","ping_status":"open","sticky":false,"template":"","format":"standard","meta":{"ngg_post_thumbnail":0,"jetpack_post_was_ever_published":false,"_jetpack_newsletter_access":"","_jetpack_dont_email_post_to_subs":false,"_jetpack_newsletter_tier_id":0,"_jetpack_memberships_contains_paywalled_content":false,"_jetpack_memberships_contains_paid_content":false,"footnotes":""},"categories":[520,102],"tags":[],"class_list":["post-55808","post","type-post","status-publish","format-standard","has-post-thumbnail","hentry","category-520","category-san-luis-potosi"],"yoast_head":"<!-- This site is optimized with the Yoast SEO plugin v27.5 - https:\/\/yoast.com\/product\/yoast-seo-wordpress\/ -->\n<title>Glison Jr. corta oreja en Cedral - toroestoro<\/title>\n<meta name=\"robots\" content=\"index, follow, max-snippet:-1, max-image-preview:large, max-video-preview:-1\" \/>\n<link rel=\"canonical\" href=\"https:\/\/toroestoro.com\/?p=55808\" \/>\n<meta property=\"og:locale\" content=\"es_MX\" \/>\n<meta property=\"og:type\" content=\"article\" \/>\n<meta property=\"og:title\" content=\"Glison Jr. corta oreja en Cedral - toroestoro\" \/>\n<meta property=\"og:description\" content=\"Con el corte de una oreja Jorge de Jes\u00fas \u2018Glison\u2019 (hijo) se alz\u00f3 como el triunfador de la novillada de feria celebrada en la plaza de toros \u2018Frascuelo\u2019 de Cedral San Luis Potos\u00ed; lo m\u00e1s torero del festejo lo hizo Gustavo Garc\u00eda \u2018El Solito\u2019.EL FESTEJOAbri\u00f3...\" \/>\n<meta property=\"og:url\" content=\"https:\/\/toroestoro.com\/?p=55808\" \/>\n<meta property=\"og:site_name\" content=\"toroestoro\" \/>\n<meta property=\"article:publisher\" content=\"https:\/\/www.facebook.com\/toroestoro\" \/>\n<meta property=\"article:published_time\" content=\"2025-08-16T02:12:00+00:00\" \/>\n<meta property=\"og:image\" content=\"https:\/\/i0.wp.com\/toroestoro.com\/wp-content\/uploads\/2025\/08\/50108c45-2ad0-44d7-ad63-b9a5ac9c360a.jpg?fit=400%2C335&ssl=1\" \/>\n\t<meta property=\"og:image:width\" content=\"400\" \/>\n\t<meta property=\"og:image:height\" content=\"335\" \/>\n\t<meta property=\"og:image:type\" content=\"image\/jpeg\" \/>\n<meta name=\"author\" content=\"Everardo Gonz\u00e1lez\" \/>\n<meta name=\"twitter:card\" content=\"summary_large_image\" \/>\n<meta name=\"twitter:creator\" content=\"@toroestoro\" \/>\n<meta name=\"twitter:site\" content=\"@toroestoro\" \/>\n<meta name=\"twitter:label1\" content=\"Escrito por\" \/>\n\t<meta name=\"twitter:data1\" content=\"Everardo Gonz\u00e1lez\" \/>\n\t<meta name=\"twitter:label2\" content=\"Tiempo de lectura\" \/>\n\t<meta name=\"twitter:data2\" content=\"2 minutos\" \/>\n<script type=\"application\/ld+json\" class=\"yoast-schema-graph\">{\"@context\":\"https:\\\/\\\/schema.org\",\"@graph\":[{\"@type\":\"Article\",\"@id\":\"https:\\\/\\\/toroestoro.com\\\/?p=55808#article\",\"isPartOf\":{\"@id\":\"https:\\\/\\\/toroestoro.com\\\/?p=55808\"},\"author\":{\"name\":\"Everardo Gonz\u00e1lez\",\"@id\":\"https:\\\/\\\/toroestoro.com\\\/#\\\/schema\\\/person\\\/a30ad50f30024e3a7c53103f2d7d0ec0\"},\"headline\":\"Glison Jr. corta oreja en Cedral\",\"datePublished\":\"2025-08-16T02:12:00+00:00\",\"mainEntityOfPage\":{\"@id\":\"https:\\\/\\\/toroestoro.com\\\/?p=55808\"},\"wordCount\":469,\"commentCount\":0,\"publisher\":{\"@id\":\"https:\\\/\\\/toroestoro.com\\\/#organization\"},\"image\":{\"@id\":\"https:\\\/\\\/toroestoro.com\\\/?p=55808#primaryimage\"},\"thumbnailUrl\":\"https:\\\/\\\/i0.wp.com\\\/toroestoro.com\\\/wp-content\\\/uploads\\\/2025\\\/08\\\/50108c45-2ad0-44d7-ad63-b9a5ac9c360a.jpg?fit=400%2C335&ssl=1\",\"articleSection\":[\"2025\",\"San Luis Potos\u00ed\"],\"inLanguage\":\"es\",\"potentialAction\":[{\"@type\":\"CommentAction\",\"name\":\"Comment\",\"target\":[\"https:\\\/\\\/toroestoro.com\\\/?p=55808#respond\"]}]},{\"@type\":\"WebPage\",\"@id\":\"https:\\\/\\\/toroestoro.com\\\/?p=55808\",\"url\":\"https:\\\/\\\/toroestoro.com\\\/?p=55808\",\"name\":\"Glison Jr. corta oreja en Cedral - toroestoro\",\"isPartOf\":{\"@id\":\"https:\\\/\\\/toroestoro.com\\\/#website\"},\"primaryImageOfPage\":{\"@id\":\"https:\\\/\\\/toroestoro.com\\\/?p=55808#primaryimage\"},\"image\":{\"@id\":\"https:\\\/\\\/toroestoro.com\\\/?p=55808#primaryimage\"},\"thumbnailUrl\":\"https:\\\/\\\/i0.wp.com\\\/toroestoro.com\\\/wp-content\\\/uploads\\\/2025\\\/08\\\/50108c45-2ad0-44d7-ad63-b9a5ac9c360a.jpg?fit=400%2C335&ssl=1\",\"datePublished\":\"2025-08-16T02:12:00+00:00\",\"breadcrumb\":{\"@id\":\"https:\\\/\\\/toroestoro.com\\\/?p=55808#breadcrumb\"},\"inLanguage\":\"es\",\"potentialAction\":[{\"@type\":\"ReadAction\",\"target\":[\"https:\\\/\\\/toroestoro.com\\\/?p=55808\"]}]},{\"@type\":\"ImageObject\",\"inLanguage\":\"es\",\"@id\":\"https:\\\/\\\/toroestoro.com\\\/?p=55808#primaryimage\",\"url\":\"https:\\\/\\\/i0.wp.com\\\/toroestoro.com\\\/wp-content\\\/uploads\\\/2025\\\/08\\\/50108c45-2ad0-44d7-ad63-b9a5ac9c360a.jpg?fit=400%2C335&ssl=1\",\"contentUrl\":\"https:\\\/\\\/i0.wp.com\\\/toroestoro.com\\\/wp-content\\\/uploads\\\/2025\\\/08\\\/50108c45-2ad0-44d7-ad63-b9a5ac9c360a.jpg?fit=400%2C335&ssl=1\",\"width\":400,\"height\":335},{\"@type\":\"BreadcrumbList\",\"@id\":\"https:\\\/\\\/toroestoro.com\\\/?p=55808#breadcrumb\",\"itemListElement\":[{\"@type\":\"ListItem\",\"position\":1,\"name\":\"Inicio\",\"item\":\"https:\\\/\\\/toroestoro.com\\\/\"},{\"@type\":\"ListItem\",\"position\":2,\"name\":\"Glison Jr. corta oreja en Cedral\"}]},{\"@type\":\"WebSite\",\"@id\":\"https:\\\/\\\/toroestoro.com\\\/#website\",\"url\":\"https:\\\/\\\/toroestoro.com\\\/\",\"name\":\"toroestoro\",\"description\":\"Por Amor al Arte\",\"publisher\":{\"@id\":\"https:\\\/\\\/toroestoro.com\\\/#organization\"},\"potentialAction\":[{\"@type\":\"SearchAction\",\"target\":{\"@type\":\"EntryPoint\",\"urlTemplate\":\"https:\\\/\\\/toroestoro.com\\\/?s={search_term_string}\"},\"query-input\":{\"@type\":\"PropertyValueSpecification\",\"valueRequired\":true,\"valueName\":\"search_term_string\"}}],\"inLanguage\":\"es\"},{\"@type\":\"Organization\",\"@id\":\"https:\\\/\\\/toroestoro.com\\\/#organization\",\"name\":\"toroestoro\",\"url\":\"https:\\\/\\\/toroestoro.com\\\/\",\"logo\":{\"@type\":\"ImageObject\",\"inLanguage\":\"es\",\"@id\":\"https:\\\/\\\/toroestoro.com\\\/#\\\/schema\\\/logo\\\/image\\\/\",\"url\":\"http:\\\/\\\/toroestoro.com\\\/wp-content\\\/uploads\\\/2021\\\/07\\\/favico.jpg\",\"contentUrl\":\"http:\\\/\\\/toroestoro.com\\\/wp-content\\\/uploads\\\/2021\\\/07\\\/favico.jpg\",\"width\":512,\"height\":512,\"caption\":\"toroestoro\"},\"image\":{\"@id\":\"https:\\\/\\\/toroestoro.com\\\/#\\\/schema\\\/logo\\\/image\\\/\"},\"sameAs\":[\"https:\\\/\\\/www.facebook.com\\\/toroestoro\",\"https:\\\/\\\/x.com\\\/toroestoro\",\"https:\\\/\\\/www.instagram.com\\\/todoestoro\"]},{\"@type\":\"Person\",\"@id\":\"https:\\\/\\\/toroestoro.com\\\/#\\\/schema\\\/person\\\/a30ad50f30024e3a7c53103f2d7d0ec0\",\"name\":\"Everardo Gonz\u00e1lez\",\"image\":{\"@type\":\"ImageObject\",\"inLanguage\":\"es\",\"@id\":\"https:\\\/\\\/secure.gravatar.com\\\/avatar\\\/3d76880d5661e40e5ab6a34adbdcd59c7e63e924d2cf6c39a18015679474a4b4?s=96&d=mm&r=g\",\"url\":\"https:\\\/\\\/secure.gravatar.com\\\/avatar\\\/3d76880d5661e40e5ab6a34adbdcd59c7e63e924d2cf6c39a18015679474a4b4?s=96&d=mm&r=g\",\"contentUrl\":\"https:\\\/\\\/secure.gravatar.com\\\/avatar\\\/3d76880d5661e40e5ab6a34adbdcd59c7e63e924d2cf6c39a18015679474a4b4?s=96&d=mm&r=g\",\"caption\":\"Everardo Gonz\u00e1lez\"},\"url\":\"https:\\\/\\\/toroestoro.com\\\/?author=17\"}]}<\/script>\n<!-- \/ Yoast SEO plugin. -->","yoast_head_json":{"title":"Glison Jr. corta oreja en Cedral - toroestoro","robots":{"index":"index","follow":"follow","max-snippet":"max-snippet:-1","max-image-preview":"max-image-preview:large","max-video-preview":"max-video-preview:-1"},"canonical":"https:\/\/toroestoro.com\/?p=55808","og_locale":"es_MX","og_type":"article","og_title":"Glison Jr. corta oreja en Cedral - toroestoro","og_description":"Con el corte de una oreja Jorge de Jes\u00fas \u2018Glison\u2019 (hijo) se alz\u00f3 como el triunfador de la novillada de feria celebrada en la plaza de toros \u2018Frascuelo\u2019 de Cedral San Luis Potos\u00ed; lo m\u00e1s torero del festejo lo hizo Gustavo Garc\u00eda \u2018El Solito\u2019.EL FESTEJOAbri\u00f3...","og_url":"https:\/\/toroestoro.com\/?p=55808","og_site_name":"toroestoro","article_publisher":"https:\/\/www.facebook.com\/toroestoro","article_published_time":"2025-08-16T02:12:00+00:00","og_image":[{"width":400,"height":335,"url":"https:\/\/i0.wp.com\/toroestoro.com\/wp-content\/uploads\/2025\/08\/50108c45-2ad0-44d7-ad63-b9a5ac9c360a.jpg?fit=400%2C335&ssl=1","type":"image\/jpeg"}],"author":"Everardo Gonz\u00e1lez","twitter_card":"summary_large_image","twitter_creator":"@toroestoro","twitter_site":"@toroestoro","twitter_misc":{"Escrito por":"Everardo Gonz\u00e1lez","Tiempo de lectura":"2 minutos"},"schema":{"@context":"https:\/\/schema.org","@graph":[{"@type":"Article","@id":"https:\/\/toroestoro.com\/?p=55808#article","isPartOf":{"@id":"https:\/\/toroestoro.com\/?p=55808"},"author":{"name":"Everardo Gonz\u00e1lez","@id":"https:\/\/toroestoro.com\/#\/schema\/person\/a30ad50f30024e3a7c53103f2d7d0ec0"},"headline":"Glison Jr. corta oreja en Cedral","datePublished":"2025-08-16T02:12:00+00:00","mainEntityOfPage":{"@id":"https:\/\/toroestoro.com\/?p=55808"},"wordCount":469,"commentCount":0,"publisher":{"@id":"https:\/\/toroestoro.com\/#organization"},"image":{"@id":"https:\/\/toroestoro.com\/?p=55808#primaryimage"},"thumbnailUrl":"https:\/\/i0.wp.com\/toroestoro.com\/wp-content\/uploads\/2025\/08\/50108c45-2ad0-44d7-ad63-b9a5ac9c360a.jpg?fit=400%2C335&ssl=1","articleSection":["2025","San Luis Potos\u00ed"],"inLanguage":"es","potentialAction":[{"@type":"CommentAction","name":"Comment","target":["https:\/\/toroestoro.com\/?p=55808#respond"]}]},{"@type":"WebPage","@id":"https:\/\/toroestoro.com\/?p=55808","url":"https:\/\/toroestoro.com\/?p=55808","name":"Glison Jr. corta oreja en Cedral - toroestoro","isPartOf":{"@id":"https:\/\/toroestoro.com\/#website"},"primaryImageOfPage":{"@id":"https:\/\/toroestoro.com\/?p=55808#primaryimage"},"image":{"@id":"https:\/\/toroestoro.com\/?p=55808#primaryimage"},"thumbnailUrl":"https:\/\/i0.wp.com\/toroestoro.com\/wp-content\/uploads\/2025\/08\/50108c45-2ad0-44d7-ad63-b9a5ac9c360a.jpg?fit=400%2C335&ssl=1","datePublished":"2025-08-16T02:12:00+00:00","breadcrumb":{"@id":"https:\/\/toroestoro.com\/?p=55808#breadcrumb"},"inLanguage":"es","potentialAction":[{"@type":"ReadAction","target":["https:\/\/toroestoro.com\/?p=55808"]}]},{"@type":"ImageObject","inLanguage":"es","@id":"https:\/\/toroestoro.com\/?p=55808#primaryimage","url":"https:\/\/i0.wp.com\/toroestoro.com\/wp-content\/uploads\/2025\/08\/50108c45-2ad0-44d7-ad63-b9a5ac9c360a.jpg?fit=400%2C335&ssl=1","contentUrl":"https:\/\/i0.wp.com\/toroestoro.com\/wp-content\/uploads\/2025\/08\/50108c45-2ad0-44d7-ad63-b9a5ac9c360a.jpg?fit=400%2C335&ssl=1","width":400,"height":335},{"@type":"BreadcrumbList","@id":"https:\/\/toroestoro.com\/?p=55808#breadcrumb","itemListElement":[{"@type":"ListItem","position":1,"name":"Inicio","item":"https:\/\/toroestoro.com\/"},{"@type":"ListItem","position":2,"name":"Glison Jr. corta oreja en Cedral"}]},{"@type":"WebSite","@id":"https:\/\/toroestoro.com\/#website","url":"https:\/\/toroestoro.com\/","name":"toroestoro","description":"Por Amor al Arte","publisher":{"@id":"https:\/\/toroestoro.com\/#organization"},"potentialAction":[{"@type":"SearchAction","target":{"@type":"EntryPoint","urlTemplate":"https:\/\/toroestoro.com\/?s={search_term_string}"},"query-input":{"@type":"PropertyValueSpecification","valueRequired":true,"valueName":"search_term_string"}}],"inLanguage":"es"},{"@type":"Organization","@id":"https:\/\/toroestoro.com\/#organization","name":"toroestoro","url":"https:\/\/toroestoro.com\/","logo":{"@type":"ImageObject","inLanguage":"es","@id":"https:\/\/toroestoro.com\/#\/schema\/logo\/image\/","url":"http:\/\/toroestoro.com\/wp-content\/uploads\/2021\/07\/favico.jpg","contentUrl":"http:\/\/toroestoro.com\/wp-content\/uploads\/2021\/07\/favico.jpg","width":512,"height":512,"caption":"toroestoro"},"image":{"@id":"https:\/\/toroestoro.com\/#\/schema\/logo\/image\/"},"sameAs":["https:\/\/www.facebook.com\/toroestoro","https:\/\/x.com\/toroestoro","https:\/\/www.instagram.com\/todoestoro"]},{"@type":"Person","@id":"https:\/\/toroestoro.com\/#\/schema\/person\/a30ad50f30024e3a7c53103f2d7d0ec0","name":"Everardo Gonz\u00e1lez","image":{"@type":"ImageObject","inLanguage":"es","@id":"https:\/\/secure.gravatar.com\/avatar\/3d76880d5661e40e5ab6a34adbdcd59c7e63e924d2cf6c39a18015679474a4b4?s=96&d=mm&r=g","url":"https:\/\/secure.gravatar.com\/avatar\/3d76880d5661e40e5ab6a34adbdcd59c7e63e924d2cf6c39a18015679474a4b4?s=96&d=mm&r=g","contentUrl":"https:\/\/secure.gravatar.com\/avatar\/3d76880d5661e40e5ab6a34adbdcd59c7e63e924d2cf6c39a18015679474a4b4?s=96&d=mm&r=g","caption":"Everardo Gonz\u00e1lez"},"url":"https:\/\/toroestoro.com\/?author=17"}]}},"jetpack_featured_media_url":"https:\/\/i0.wp.com\/toroestoro.com\/wp-content\/uploads\/2025\/08\/50108c45-2ad0-44d7-ad63-b9a5ac9c360a.jpg?fit=400%2C335&ssl=1","jetpack_likes_enabled":true,"jetpack_sharing_enabled":true,"_links":{"self":[{"href":"https:\/\/toroestoro.com\/index.php?rest_route=\/wp\/v2\/posts\/55808","targetHints":{"allow":["GET"]}}],"collection":[{"href":"https:\/\/toroestoro.com\/index.php?rest_route=\/wp\/v2\/posts"}],"about":[{"href":"https:\/\/toroestoro.com\/index.php?rest_route=\/wp\/v2\/types\/post"}],"author":[{"embeddable":true,"href":"https:\/\/toroestoro.com\/index.php?rest_route=\/wp\/v2\/users\/17"}],"replies":[{"embeddable":true,"href":"https:\/\/toroestoro.com\/index.php?rest_route=%2Fwp%2Fv2%2Fcomments&post=55808"}],"version-history":[{"count":0,"href":"https:\/\/toroestoro.com\/index.php?rest_route=\/wp\/v2\/posts\/55808\/revisions"}],"wp:featuredmedia":[{"embeddable":true,"href":"https:\/\/toroestoro.com\/index.php?rest_route=\/wp\/v2\/media\/55807"}],"wp:attachment":[{"href":"https:\/\/toroestoro.com\/index.php?rest_route=%2Fwp%2Fv2%2Fmedia&parent=55808"}],"wp:term":[{"taxonomy":"category","embeddable":true,"href":"https:\/\/toroestoro.com\/index.php?rest_route=%2Fwp%2Fv2%2Fcategories&post=55808"},{"taxonomy":"post_tag","embeddable":true,"href":"https:\/\/toroestoro.com\/index.php?rest_route=%2Fwp%2Fv2%2Ftags&post=55808"}],"curies":[{"name":"wp","href":"https:\/\/api.w.org\/{rel}","templated":true}]}}