{"id":55898,"date":"2025-11-22T21:01:00","date_gmt":"2025-11-23T03:01:00","guid":{"rendered":"https:\/\/toroestoro.com\/?p=55898"},"modified":"2025-11-22T21:01:00","modified_gmt":"2025-11-23T03:01:00","slug":"gilio-es-profeta-en-su-tierra","status":"publish","type":"post","link":"https:\/\/toroestoro.com\/?p=55898","title":{"rendered":"Gilio es profeta en su tierra"},"content":{"rendered":"<h2 class=\"sub-title-primary\"><\/h2> \n<p>El matador lagunero Arturo Gilio result\u00f3 profeta en su tierra, al igual que su padre, matador en retiro y propietario de la Ganader\u00eda con el mismo nombre al obtener un apote\u00f3sico triunfo en la Primera Corrida Villista en la Plaza de Toros \u201cAlberto Balderas\u201d de Ciudad Lerdo, el espada lagunero indult\u00f3 un toro de la casa y cort\u00f3 dos orejas en su primero.<\/p>\n\n\n\n<p>Su alternante Octavio Garc\u00eda El Payo, que actu\u00f3 de primer espada, se fue con las manos vac\u00edas por las fallas con la espada.<\/p>\n\n\n\n<p>De gran calado, su primer toro, bueno, de la ganader\u00eda D\u2019 Guadiana, al que recibi\u00f3 con ver\u00f3nicas de hinojos, con la pa\u00f1osa, tambi\u00e9n rodillas en tierra en su inicio, hizo una buena y aseada faena predominante por el lado derecho, adorna con dosantinas y tras buena estocada, cobra dos orejas. En su segundo, se vaci\u00f3 por completo y revent\u00f3 los tendidos, ante un gran toro de la ganader\u00eda de la casa, se nombre Villista, al que tore\u00f3 por ambos pitones en faena variada y templada, destacando el pit\u00f3n izquierdo con largos, sentidos y templados naturales ante la locura de la afici\u00f3n, el Juez concede el indulto.<\/p>\n\n\n\n<p>Quien abri\u00f3 plaza fue el queretano Octavio Garc\u00eda \u201cEl Payo\u201d, que ante el abreplaza saluda con bonitos delantales, ya con la muleta logra una faena derechista con clase, falla con la espada para perder un trofeo. El que sali\u00f3 en tercero colabor\u00f3 m\u00e1s para el buen toreo del Payo, faena m\u00e1s variada, predomina tambi\u00e9n el lado derecho y el pase de la firma, otra vez el acero le juega mala pasada para dejar ir importante triunfo en suelo lagunero.<\/p>\n\n\n\n<p>Ficha t\u00e9cnica:<\/p>\n\n\n\n<p>Plaza de Toros Alberto Balderas de Ciudad Lerdo, la cual luci\u00f3 un casi lleno en el tendido, en donde con agradable clima se lidiaron toros de diferentes ganader\u00edas, los cuales fueron buenos, destacando segundo de D\u2019 Guadiana y cuarto de la Ganader\u00eda Arturo Gilio que le correspondieron a Arturo Gilio. El lote de El Payo se dej\u00f3 meter mano y permiti\u00f3 algo de lucimiento al queretano, el primero de Boquilla del Carmen y el tercero de Bernaldo de Quir\u00f3s.<\/p>\n\n\n\n<p><strong>Octavio Garc\u00eda <em>El Payo<\/em><\/strong>: silencio, silencio.<\/p>\n\n\n\n<p><strong>Arturo Gilio<\/strong>: dos orejas, indulto.<\/p>\n\n\n\n<p>Incidencias.- el primero toro de la ganader\u00eda Boquilla del Carmen provoc\u00f3 un tumbo al picador.<\/p>\n\n\n\n<p>El cuarto toro de la ganader\u00eda Arturo Gilio de nombre Villista, 502 kilos de peso, herrado al fuego con el n\u00famero 140 y gran presencia, fue indultado por el matador Arturo Gilio.<\/p>\n","protected":false},"excerpt":{"rendered":"<p>El matador lagunero Arturo Gilio result\u00f3 profeta en su tierra, al igual que su padre, matador en retiro y propietario de la Ganader\u00eda con el mismo nombre al obtener un apote\u00f3sico triunfo en la Primera Corrida Villista en la Plaza de Toros \u201cAlberto Balderas\u201d de&#8230;<\/p>\n","protected":false},"author":12,"featured_media":55897,"comment_status":"open","ping_status":"open","sticky":false,"template":"","format":"standard","meta":{"ngg_post_thumbnail":0,"jetpack_post_was_ever_published":false,"_jetpack_newsletter_access":"","_jetpack_dont_email_post_to_subs":false,"_jetpack_newsletter_tier_id":0,"_jetpack_memberships_contains_paywalled_content":false,"_jetpack_memberships_contains_paid_content":false,"footnotes":""},"categories":[520,517],"tags":[],"class_list":["post-55898","post","type-post","status-publish","format-standard","has-post-thumbnail","hentry","category-520","category-ciudad-lerdo"],"yoast_head":"<!-- This site is optimized with the Yoast SEO plugin v27.5 - https:\/\/yoast.com\/product\/yoast-seo-wordpress\/ -->\n<title>Gilio es profeta en su tierra - toroestoro<\/title>\n<meta name=\"robots\" content=\"index, follow, max-snippet:-1, max-image-preview:large, max-video-preview:-1\" \/>\n<link rel=\"canonical\" href=\"http:\/\/toroestoro.com\/?p=55898\" \/>\n<meta property=\"og:locale\" content=\"es_MX\" \/>\n<meta property=\"og:type\" content=\"article\" \/>\n<meta property=\"og:title\" content=\"Gilio es profeta en su tierra - toroestoro\" \/>\n<meta property=\"og:description\" content=\"El matador lagunero Arturo Gilio result\u00f3 profeta en su tierra, al igual que su padre, matador en retiro y propietario de la Ganader\u00eda con el mismo nombre al obtener un apote\u00f3sico triunfo en la Primera Corrida Villista en la Plaza de Toros \u201cAlberto Balderas\u201d de...\" \/>\n<meta property=\"og:url\" content=\"http:\/\/toroestoro.com\/?p=55898\" \/>\n<meta property=\"og:site_name\" content=\"toroestoro\" \/>\n<meta property=\"article:publisher\" content=\"https:\/\/www.facebook.com\/toroestoro\" \/>\n<meta property=\"article:published_time\" content=\"2025-11-23T03:01:00+00:00\" \/>\n<meta property=\"og:image\" content=\"https:\/\/i0.wp.com\/toroestoro.com\/wp-content\/uploads\/2025\/11\/giliorabo21112025.jpg?fit=600%2C499\" \/>\n\t<meta property=\"og:image:width\" content=\"600\" \/>\n\t<meta property=\"og:image:height\" content=\"499\" \/>\n\t<meta property=\"og:image:type\" content=\"image\/jpeg\" \/>\n<meta name=\"author\" content=\"Edher Vargas\" \/>\n<meta name=\"twitter:card\" content=\"summary_large_image\" \/>\n<meta name=\"twitter:creator\" content=\"@toroestoro\" \/>\n<meta name=\"twitter:site\" content=\"@toroestoro\" \/>\n<meta name=\"twitter:label1\" content=\"Escrito por\" \/>\n\t<meta name=\"twitter:data1\" content=\"Edher Vargas\" \/>\n\t<meta name=\"twitter:label2\" content=\"Tiempo de lectura\" \/>\n\t<meta name=\"twitter:data2\" content=\"2 minutos\" \/>\n<script type=\"application\/ld+json\" class=\"yoast-schema-graph\">{\"@context\":\"https:\\\/\\\/schema.org\",\"@graph\":[{\"@type\":\"Article\",\"@id\":\"http:\\\/\\\/toroestoro.com\\\/?p=55898#article\",\"isPartOf\":{\"@id\":\"http:\\\/\\\/toroestoro.com\\\/?p=55898\"},\"author\":{\"name\":\"Edher Vargas\",\"@id\":\"http:\\\/\\\/toroestoro.com\\\/#\\\/schema\\\/person\\\/0490580a32d4b91111d701ae806f930c\"},\"headline\":\"Gilio es profeta en su tierra\",\"datePublished\":\"2025-11-23T03:01:00+00:00\",\"mainEntityOfPage\":{\"@id\":\"http:\\\/\\\/toroestoro.com\\\/?p=55898\"},\"wordCount\":438,\"commentCount\":0,\"publisher\":{\"@id\":\"http:\\\/\\\/toroestoro.com\\\/#organization\"},\"image\":{\"@id\":\"http:\\\/\\\/toroestoro.com\\\/?p=55898#primaryimage\"},\"thumbnailUrl\":\"https:\\\/\\\/i0.wp.com\\\/toroestoro.com\\\/wp-content\\\/uploads\\\/2025\\\/11\\\/giliorabo21112025.jpg?fit=600%2C499&ssl=1\",\"articleSection\":[\"2025\",\"Ciudad Lerdo\"],\"inLanguage\":\"es\",\"potentialAction\":[{\"@type\":\"CommentAction\",\"name\":\"Comment\",\"target\":[\"http:\\\/\\\/toroestoro.com\\\/?p=55898#respond\"]}]},{\"@type\":\"WebPage\",\"@id\":\"http:\\\/\\\/toroestoro.com\\\/?p=55898\",\"url\":\"http:\\\/\\\/toroestoro.com\\\/?p=55898\",\"name\":\"Gilio es profeta en su tierra - toroestoro\",\"isPartOf\":{\"@id\":\"http:\\\/\\\/toroestoro.com\\\/#website\"},\"primaryImageOfPage\":{\"@id\":\"http:\\\/\\\/toroestoro.com\\\/?p=55898#primaryimage\"},\"image\":{\"@id\":\"http:\\\/\\\/toroestoro.com\\\/?p=55898#primaryimage\"},\"thumbnailUrl\":\"https:\\\/\\\/i0.wp.com\\\/toroestoro.com\\\/wp-content\\\/uploads\\\/2025\\\/11\\\/giliorabo21112025.jpg?fit=600%2C499&ssl=1\",\"datePublished\":\"2025-11-23T03:01:00+00:00\",\"breadcrumb\":{\"@id\":\"http:\\\/\\\/toroestoro.com\\\/?p=55898#breadcrumb\"},\"inLanguage\":\"es\",\"potentialAction\":[{\"@type\":\"ReadAction\",\"target\":[\"http:\\\/\\\/toroestoro.com\\\/?p=55898\"]}]},{\"@type\":\"ImageObject\",\"inLanguage\":\"es\",\"@id\":\"http:\\\/\\\/toroestoro.com\\\/?p=55898#primaryimage\",\"url\":\"https:\\\/\\\/i0.wp.com\\\/toroestoro.com\\\/wp-content\\\/uploads\\\/2025\\\/11\\\/giliorabo21112025.jpg?fit=600%2C499&ssl=1\",\"contentUrl\":\"https:\\\/\\\/i0.wp.com\\\/toroestoro.com\\\/wp-content\\\/uploads\\\/2025\\\/11\\\/giliorabo21112025.jpg?fit=600%2C499&ssl=1\",\"width\":600,\"height\":499},{\"@type\":\"BreadcrumbList\",\"@id\":\"http:\\\/\\\/toroestoro.com\\\/?p=55898#breadcrumb\",\"itemListElement\":[{\"@type\":\"ListItem\",\"position\":1,\"name\":\"Inicio\",\"item\":\"http:\\\/\\\/toroestoro.com\\\/\"},{\"@type\":\"ListItem\",\"position\":2,\"name\":\"Gilio es profeta en su tierra\"}]},{\"@type\":\"WebSite\",\"@id\":\"http:\\\/\\\/toroestoro.com\\\/#website\",\"url\":\"http:\\\/\\\/toroestoro.com\\\/\",\"name\":\"toroestoro\",\"description\":\"Por Amor al Arte\",\"publisher\":{\"@id\":\"http:\\\/\\\/toroestoro.com\\\/#organization\"},\"potentialAction\":[{\"@type\":\"SearchAction\",\"target\":{\"@type\":\"EntryPoint\",\"urlTemplate\":\"http:\\\/\\\/toroestoro.com\\\/?s={search_term_string}\"},\"query-input\":{\"@type\":\"PropertyValueSpecification\",\"valueRequired\":true,\"valueName\":\"search_term_string\"}}],\"inLanguage\":\"es\"},{\"@type\":\"Organization\",\"@id\":\"http:\\\/\\\/toroestoro.com\\\/#organization\",\"name\":\"toroestoro\",\"url\":\"http:\\\/\\\/toroestoro.com\\\/\",\"logo\":{\"@type\":\"ImageObject\",\"inLanguage\":\"es\",\"@id\":\"http:\\\/\\\/toroestoro.com\\\/#\\\/schema\\\/logo\\\/image\\\/\",\"url\":\"http:\\\/\\\/toroestoro.com\\\/wp-content\\\/uploads\\\/2021\\\/07\\\/favico.jpg\",\"contentUrl\":\"http:\\\/\\\/toroestoro.com\\\/wp-content\\\/uploads\\\/2021\\\/07\\\/favico.jpg\",\"width\":512,\"height\":512,\"caption\":\"toroestoro\"},\"image\":{\"@id\":\"http:\\\/\\\/toroestoro.com\\\/#\\\/schema\\\/logo\\\/image\\\/\"},\"sameAs\":[\"https:\\\/\\\/www.facebook.com\\\/toroestoro\",\"https:\\\/\\\/x.com\\\/toroestoro\",\"https:\\\/\\\/www.instagram.com\\\/todoestoro\"]},{\"@type\":\"Person\",\"@id\":\"http:\\\/\\\/toroestoro.com\\\/#\\\/schema\\\/person\\\/0490580a32d4b91111d701ae806f930c\",\"name\":\"Edher Vargas\",\"image\":{\"@type\":\"ImageObject\",\"inLanguage\":\"es\",\"@id\":\"https:\\\/\\\/secure.gravatar.com\\\/avatar\\\/d3bab8e055beb5fb12a5e695816b1371f02ad983ba2c5cb555e3d0314ede4189?s=96&d=mm&r=g\",\"url\":\"https:\\\/\\\/secure.gravatar.com\\\/avatar\\\/d3bab8e055beb5fb12a5e695816b1371f02ad983ba2c5cb555e3d0314ede4189?s=96&d=mm&r=g\",\"contentUrl\":\"https:\\\/\\\/secure.gravatar.com\\\/avatar\\\/d3bab8e055beb5fb12a5e695816b1371f02ad983ba2c5cb555e3d0314ede4189?s=96&d=mm&r=g\",\"caption\":\"Edher Vargas\"},\"url\":\"https:\\\/\\\/toroestoro.com\\\/?author=12\"}]}<\/script>\n<!-- \/ Yoast SEO plugin. -->","yoast_head_json":{"title":"Gilio es profeta en su tierra - toroestoro","robots":{"index":"index","follow":"follow","max-snippet":"max-snippet:-1","max-image-preview":"max-image-preview:large","max-video-preview":"max-video-preview:-1"},"canonical":"http:\/\/toroestoro.com\/?p=55898","og_locale":"es_MX","og_type":"article","og_title":"Gilio es profeta en su tierra - toroestoro","og_description":"El matador lagunero Arturo Gilio result\u00f3 profeta en su tierra, al igual que su padre, matador en retiro y propietario de la Ganader\u00eda con el mismo nombre al obtener un apote\u00f3sico triunfo en la Primera Corrida Villista en la Plaza de Toros \u201cAlberto Balderas\u201d de...","og_url":"http:\/\/toroestoro.com\/?p=55898","og_site_name":"toroestoro","article_publisher":"https:\/\/www.facebook.com\/toroestoro","article_published_time":"2025-11-23T03:01:00+00:00","og_image":[{"width":600,"height":499,"url":"https:\/\/i0.wp.com\/toroestoro.com\/wp-content\/uploads\/2025\/11\/giliorabo21112025.jpg?fit=600%2C499","type":"image\/jpeg"}],"author":"Edher Vargas","twitter_card":"summary_large_image","twitter_creator":"@toroestoro","twitter_site":"@toroestoro","twitter_misc":{"Escrito por":"Edher Vargas","Tiempo de lectura":"2 minutos"},"schema":{"@context":"https:\/\/schema.org","@graph":[{"@type":"Article","@id":"http:\/\/toroestoro.com\/?p=55898#article","isPartOf":{"@id":"http:\/\/toroestoro.com\/?p=55898"},"author":{"name":"Edher Vargas","@id":"http:\/\/toroestoro.com\/#\/schema\/person\/0490580a32d4b91111d701ae806f930c"},"headline":"Gilio es profeta en su tierra","datePublished":"2025-11-23T03:01:00+00:00","mainEntityOfPage":{"@id":"http:\/\/toroestoro.com\/?p=55898"},"wordCount":438,"commentCount":0,"publisher":{"@id":"http:\/\/toroestoro.com\/#organization"},"image":{"@id":"http:\/\/toroestoro.com\/?p=55898#primaryimage"},"thumbnailUrl":"https:\/\/i0.wp.com\/toroestoro.com\/wp-content\/uploads\/2025\/11\/giliorabo21112025.jpg?fit=600%2C499&ssl=1","articleSection":["2025","Ciudad Lerdo"],"inLanguage":"es","potentialAction":[{"@type":"CommentAction","name":"Comment","target":["http:\/\/toroestoro.com\/?p=55898#respond"]}]},{"@type":"WebPage","@id":"http:\/\/toroestoro.com\/?p=55898","url":"http:\/\/toroestoro.com\/?p=55898","name":"Gilio es profeta en su tierra - toroestoro","isPartOf":{"@id":"http:\/\/toroestoro.com\/#website"},"primaryImageOfPage":{"@id":"http:\/\/toroestoro.com\/?p=55898#primaryimage"},"image":{"@id":"http:\/\/toroestoro.com\/?p=55898#primaryimage"},"thumbnailUrl":"https:\/\/i0.wp.com\/toroestoro.com\/wp-content\/uploads\/2025\/11\/giliorabo21112025.jpg?fit=600%2C499&ssl=1","datePublished":"2025-11-23T03:01:00+00:00","breadcrumb":{"@id":"http:\/\/toroestoro.com\/?p=55898#breadcrumb"},"inLanguage":"es","potentialAction":[{"@type":"ReadAction","target":["http:\/\/toroestoro.com\/?p=55898"]}]},{"@type":"ImageObject","inLanguage":"es","@id":"http:\/\/toroestoro.com\/?p=55898#primaryimage","url":"https:\/\/i0.wp.com\/toroestoro.com\/wp-content\/uploads\/2025\/11\/giliorabo21112025.jpg?fit=600%2C499&ssl=1","contentUrl":"https:\/\/i0.wp.com\/toroestoro.com\/wp-content\/uploads\/2025\/11\/giliorabo21112025.jpg?fit=600%2C499&ssl=1","width":600,"height":499},{"@type":"BreadcrumbList","@id":"http:\/\/toroestoro.com\/?p=55898#breadcrumb","itemListElement":[{"@type":"ListItem","position":1,"name":"Inicio","item":"http:\/\/toroestoro.com\/"},{"@type":"ListItem","position":2,"name":"Gilio es profeta en su tierra"}]},{"@type":"WebSite","@id":"http:\/\/toroestoro.com\/#website","url":"http:\/\/toroestoro.com\/","name":"toroestoro","description":"Por Amor al Arte","publisher":{"@id":"http:\/\/toroestoro.com\/#organization"},"potentialAction":[{"@type":"SearchAction","target":{"@type":"EntryPoint","urlTemplate":"http:\/\/toroestoro.com\/?s={search_term_string}"},"query-input":{"@type":"PropertyValueSpecification","valueRequired":true,"valueName":"search_term_string"}}],"inLanguage":"es"},{"@type":"Organization","@id":"http:\/\/toroestoro.com\/#organization","name":"toroestoro","url":"http:\/\/toroestoro.com\/","logo":{"@type":"ImageObject","inLanguage":"es","@id":"http:\/\/toroestoro.com\/#\/schema\/logo\/image\/","url":"http:\/\/toroestoro.com\/wp-content\/uploads\/2021\/07\/favico.jpg","contentUrl":"http:\/\/toroestoro.com\/wp-content\/uploads\/2021\/07\/favico.jpg","width":512,"height":512,"caption":"toroestoro"},"image":{"@id":"http:\/\/toroestoro.com\/#\/schema\/logo\/image\/"},"sameAs":["https:\/\/www.facebook.com\/toroestoro","https:\/\/x.com\/toroestoro","https:\/\/www.instagram.com\/todoestoro"]},{"@type":"Person","@id":"http:\/\/toroestoro.com\/#\/schema\/person\/0490580a32d4b91111d701ae806f930c","name":"Edher Vargas","image":{"@type":"ImageObject","inLanguage":"es","@id":"https:\/\/secure.gravatar.com\/avatar\/d3bab8e055beb5fb12a5e695816b1371f02ad983ba2c5cb555e3d0314ede4189?s=96&d=mm&r=g","url":"https:\/\/secure.gravatar.com\/avatar\/d3bab8e055beb5fb12a5e695816b1371f02ad983ba2c5cb555e3d0314ede4189?s=96&d=mm&r=g","contentUrl":"https:\/\/secure.gravatar.com\/avatar\/d3bab8e055beb5fb12a5e695816b1371f02ad983ba2c5cb555e3d0314ede4189?s=96&d=mm&r=g","caption":"Edher Vargas"},"url":"https:\/\/toroestoro.com\/?author=12"}]}},"jetpack_featured_media_url":"https:\/\/i0.wp.com\/toroestoro.com\/wp-content\/uploads\/2025\/11\/giliorabo21112025.jpg?fit=600%2C499&ssl=1","jetpack_likes_enabled":true,"jetpack_sharing_enabled":true,"_links":{"self":[{"href":"https:\/\/toroestoro.com\/index.php?rest_route=\/wp\/v2\/posts\/55898","targetHints":{"allow":["GET"]}}],"collection":[{"href":"https:\/\/toroestoro.com\/index.php?rest_route=\/wp\/v2\/posts"}],"about":[{"href":"https:\/\/toroestoro.com\/index.php?rest_route=\/wp\/v2\/types\/post"}],"author":[{"embeddable":true,"href":"https:\/\/toroestoro.com\/index.php?rest_route=\/wp\/v2\/users\/12"}],"replies":[{"embeddable":true,"href":"https:\/\/toroestoro.com\/index.php?rest_route=%2Fwp%2Fv2%2Fcomments&post=55898"}],"version-history":[{"count":0,"href":"https:\/\/toroestoro.com\/index.php?rest_route=\/wp\/v2\/posts\/55898\/revisions"}],"wp:featuredmedia":[{"embeddable":true,"href":"https:\/\/toroestoro.com\/index.php?rest_route=\/wp\/v2\/media\/55897"}],"wp:attachment":[{"href":"https:\/\/toroestoro.com\/index.php?rest_route=%2Fwp%2Fv2%2Fmedia&parent=55898"}],"wp:term":[{"taxonomy":"category","embeddable":true,"href":"https:\/\/toroestoro.com\/index.php?rest_route=%2Fwp%2Fv2%2Fcategories&post=55898"},{"taxonomy":"post_tag","embeddable":true,"href":"https:\/\/toroestoro.com\/index.php?rest_route=%2Fwp%2Fv2%2Ftags&post=55898"}],"curies":[{"name":"wp","href":"https:\/\/api.w.org\/{rel}","templated":true}]}}