{"id":55919,"date":"2026-01-04T22:39:00","date_gmt":"2026-01-05T04:39:00","guid":{"rendered":"http:\/\/toroestoro.com\/?p=55919"},"modified":"2026-01-04T22:39:00","modified_gmt":"2026-01-05T04:39:00","slug":"miriam-cabas-a-hombros-en-la-corrida-mixta-del-pueblo","status":"publish","type":"post","link":"https:\/\/toroestoro.com\/?p=55919","title":{"rendered":"Miriam Cabas a hombros en la Corrida Mixta del Pueblo"},"content":{"rendered":"<h2 class=\"sub-title-primary\"><\/h2> \n<p>La Plaza de Toros Juli\u00e1n Llaguno vivi\u00f3 una tarde de aut\u00e9ntico ambiente grande con motivo de la Corrida Mixta del Pueblo, en la que el p\u00fablico respondi\u00f3 con un lleno hasta la bandera, confirmando una vez m\u00e1s la profunda afici\u00f3n taurina que distingue a Tlaltenango.<\/p>\n\n\n\n<p>El festejo estuvo marcado por la entrega de los alternantes y por el buen juego del ganado, lidi\u00e1ndose ejemplares de las prestigiadas ganader\u00edas de El Saucillo, Guadiana, San Antonio de Triana, Valpara\u00edso y Pablo Moreno, cuyos toros se presentaron parejos en hechuras y con condiciones que permitieron el lucimiento de los alternantes.<\/p>\n\n\n\n<p>En el apartado art\u00edstico, el rejoneador Rafael Ayala logr\u00f3 conectar con los tendidos, cortando una oreja tras una faena de buen trazo y firmeza.<br><br>C\u00e9sar Montes fue reconocido con palmas, dejando detalles de torer\u00eda y disposici\u00f3n.<br><br>Juan Vicente obtuvo una oreja gracias a una labor templada y bien estructurada, mientras que<br><br>Emmanuel Cuenca fue ovacionado con palmas, tras una actuaci\u00f3n voluntariosa y de entrega, al tener que abreviar debido a que tu toro se lastim\u00f3<br><br>Por su parte, Morales Ramos dio una vuelta al ruedo, en reconocimiento a su actitud y al valor mostrado.<br><br>&nbsp;Miriam Cabas se convirti\u00f3 en una de las figuras de la tarde al cortar dos orejas, firmando una actuaci\u00f3n redonda que cal\u00f3 hondo en el \u00e1nimo del p\u00fablico.<\/p>\n\n\n\n<p>El festejo transcurri\u00f3 en un ambiente de fiesta grande, con un p\u00fablico entregado que supo valorar cada pasaje de la tarde y que refrend\u00f3, una vez m\u00e1s, que la Plaza Juli\u00e1n Llaguno es escenario de tardes con sabor a tradici\u00f3n y a aut\u00e9ntica tauromaquia.<br><br><br>Ficha del festejo:<br>Lleno hasta la bandera en la plaza de toros Juli\u00e1n Llaguno de Tlaltenango, Zacatecas.<br><br>&#8211; Rafael Ayala. Oreja<br>&#8211; C\u00e9sar Montes. Palmas<br>&#8211; Juan Vicente. Oreja<br>&#8211; Emmanuel Cuenca. Palmas<br>&#8211; Morales Ramos. Vuelta al ruedo<br>&#8211; Miriam Cabas. Dos orejas<\/p>\n","protected":false},"excerpt":{"rendered":"<p>La Plaza de Toros Juli\u00e1n Llaguno vivi\u00f3 una tarde de aut\u00e9ntico ambiente grande con motivo de la Corrida Mixta del Pueblo, en la que el p\u00fablico respondi\u00f3 con un lleno hasta la bandera, confirmando una vez m\u00e1s la profunda afici\u00f3n taurina que distingue a Tlaltenango&#8230;.<\/p>\n","protected":false},"author":9,"featured_media":55918,"comment_status":"open","ping_status":"open","sticky":false,"template":"","format":"standard","meta":{"ngg_post_thumbnail":0,"jetpack_post_was_ever_published":false,"_jetpack_newsletter_access":"","_jetpack_dont_email_post_to_subs":false,"_jetpack_newsletter_tier_id":0,"_jetpack_memberships_contains_paywalled_content":false,"_jetpack_memberships_contains_paid_content":false,"footnotes":""},"categories":[527,10],"tags":[],"class_list":["post-55919","post","type-post","status-publish","format-standard","has-post-thumbnail","hentry","category-527","category-resultados"],"yoast_head":"<!-- This site is optimized with the Yoast SEO plugin v27.5 - https:\/\/yoast.com\/product\/yoast-seo-wordpress\/ -->\n<title>Miriam Cabas a hombros en la Corrida Mixta del Pueblo - toroestoro<\/title>\n<meta name=\"robots\" content=\"index, follow, max-snippet:-1, max-image-preview:large, max-video-preview:-1\" \/>\n<link rel=\"canonical\" href=\"https:\/\/toroestoro.com\/?p=55919\" \/>\n<meta property=\"og:locale\" content=\"es_MX\" \/>\n<meta property=\"og:type\" content=\"article\" \/>\n<meta property=\"og:title\" content=\"Miriam Cabas a hombros en la Corrida Mixta del Pueblo - toroestoro\" \/>\n<meta property=\"og:description\" content=\"La Plaza de Toros Juli\u00e1n Llaguno vivi\u00f3 una tarde de aut\u00e9ntico ambiente grande con motivo de la Corrida Mixta del Pueblo, en la que el p\u00fablico respondi\u00f3 con un lleno hasta la bandera, confirmando una vez m\u00e1s la profunda afici\u00f3n taurina que distingue a Tlaltenango....\" \/>\n<meta property=\"og:url\" content=\"https:\/\/toroestoro.com\/?p=55919\" \/>\n<meta property=\"og:site_name\" content=\"toroestoro\" \/>\n<meta property=\"article:publisher\" content=\"https:\/\/www.facebook.com\/toroestoro\" \/>\n<meta property=\"article:published_time\" content=\"2026-01-05T04:39:00+00:00\" \/>\n<meta property=\"og:image\" content=\"https:\/\/i0.wp.com\/toroestoro.com\/wp-content\/uploads\/2026\/01\/cabastlaltenango4012026.jpg?fit=600%2C399&ssl=1\" \/>\n\t<meta property=\"og:image:width\" content=\"600\" \/>\n\t<meta property=\"og:image:height\" content=\"399\" \/>\n\t<meta property=\"og:image:type\" content=\"image\/jpeg\" \/>\n<meta name=\"author\" content=\"Comunicado\" \/>\n<meta name=\"twitter:card\" content=\"summary_large_image\" \/>\n<meta name=\"twitter:creator\" content=\"@toroestoro\" \/>\n<meta name=\"twitter:site\" content=\"@toroestoro\" \/>\n<meta name=\"twitter:label1\" content=\"Escrito por\" \/>\n\t<meta name=\"twitter:data1\" content=\"Comunicado\" \/>\n\t<meta name=\"twitter:label2\" content=\"Tiempo de lectura\" \/>\n\t<meta name=\"twitter:data2\" content=\"2 minutos\" \/>\n<script type=\"application\/ld+json\" class=\"yoast-schema-graph\">{\"@context\":\"https:\\\/\\\/schema.org\",\"@graph\":[{\"@type\":\"Article\",\"@id\":\"https:\\\/\\\/toroestoro.com\\\/?p=55919#article\",\"isPartOf\":{\"@id\":\"https:\\\/\\\/toroestoro.com\\\/?p=55919\"},\"author\":{\"name\":\"Comunicado\",\"@id\":\"http:\\\/\\\/toroestoro.com\\\/#\\\/schema\\\/person\\\/624c24746a7d3f17e92f34ff5708ff14\"},\"headline\":\"Miriam Cabas a hombros en la Corrida Mixta del Pueblo\",\"datePublished\":\"2026-01-05T04:39:00+00:00\",\"mainEntityOfPage\":{\"@id\":\"https:\\\/\\\/toroestoro.com\\\/?p=55919\"},\"wordCount\":335,\"commentCount\":0,\"publisher\":{\"@id\":\"http:\\\/\\\/toroestoro.com\\\/#organization\"},\"image\":{\"@id\":\"https:\\\/\\\/toroestoro.com\\\/?p=55919#primaryimage\"},\"thumbnailUrl\":\"https:\\\/\\\/i0.wp.com\\\/toroestoro.com\\\/wp-content\\\/uploads\\\/2026\\\/01\\\/cabastlaltenango4012026.jpg?fit=600%2C399&ssl=1\",\"articleSection\":[\"2026\",\"Resultados\"],\"inLanguage\":\"es\",\"potentialAction\":[{\"@type\":\"CommentAction\",\"name\":\"Comment\",\"target\":[\"https:\\\/\\\/toroestoro.com\\\/?p=55919#respond\"]}]},{\"@type\":\"WebPage\",\"@id\":\"https:\\\/\\\/toroestoro.com\\\/?p=55919\",\"url\":\"https:\\\/\\\/toroestoro.com\\\/?p=55919\",\"name\":\"Miriam Cabas a hombros en la Corrida Mixta del Pueblo - toroestoro\",\"isPartOf\":{\"@id\":\"http:\\\/\\\/toroestoro.com\\\/#website\"},\"primaryImageOfPage\":{\"@id\":\"https:\\\/\\\/toroestoro.com\\\/?p=55919#primaryimage\"},\"image\":{\"@id\":\"https:\\\/\\\/toroestoro.com\\\/?p=55919#primaryimage\"},\"thumbnailUrl\":\"https:\\\/\\\/i0.wp.com\\\/toroestoro.com\\\/wp-content\\\/uploads\\\/2026\\\/01\\\/cabastlaltenango4012026.jpg?fit=600%2C399&ssl=1\",\"datePublished\":\"2026-01-05T04:39:00+00:00\",\"breadcrumb\":{\"@id\":\"https:\\\/\\\/toroestoro.com\\\/?p=55919#breadcrumb\"},\"inLanguage\":\"es\",\"potentialAction\":[{\"@type\":\"ReadAction\",\"target\":[\"https:\\\/\\\/toroestoro.com\\\/?p=55919\"]}]},{\"@type\":\"ImageObject\",\"inLanguage\":\"es\",\"@id\":\"https:\\\/\\\/toroestoro.com\\\/?p=55919#primaryimage\",\"url\":\"https:\\\/\\\/i0.wp.com\\\/toroestoro.com\\\/wp-content\\\/uploads\\\/2026\\\/01\\\/cabastlaltenango4012026.jpg?fit=600%2C399&ssl=1\",\"contentUrl\":\"https:\\\/\\\/i0.wp.com\\\/toroestoro.com\\\/wp-content\\\/uploads\\\/2026\\\/01\\\/cabastlaltenango4012026.jpg?fit=600%2C399&ssl=1\",\"width\":600,\"height\":399},{\"@type\":\"BreadcrumbList\",\"@id\":\"https:\\\/\\\/toroestoro.com\\\/?p=55919#breadcrumb\",\"itemListElement\":[{\"@type\":\"ListItem\",\"position\":1,\"name\":\"Inicio\",\"item\":\"http:\\\/\\\/toroestoro.com\\\/\"},{\"@type\":\"ListItem\",\"position\":2,\"name\":\"Miriam Cabas a hombros en la Corrida Mixta del Pueblo\"}]},{\"@type\":\"WebSite\",\"@id\":\"http:\\\/\\\/toroestoro.com\\\/#website\",\"url\":\"http:\\\/\\\/toroestoro.com\\\/\",\"name\":\"toroestoro\",\"description\":\"Por Amor al Arte\",\"publisher\":{\"@id\":\"http:\\\/\\\/toroestoro.com\\\/#organization\"},\"potentialAction\":[{\"@type\":\"SearchAction\",\"target\":{\"@type\":\"EntryPoint\",\"urlTemplate\":\"http:\\\/\\\/toroestoro.com\\\/?s={search_term_string}\"},\"query-input\":{\"@type\":\"PropertyValueSpecification\",\"valueRequired\":true,\"valueName\":\"search_term_string\"}}],\"inLanguage\":\"es\"},{\"@type\":\"Organization\",\"@id\":\"http:\\\/\\\/toroestoro.com\\\/#organization\",\"name\":\"toroestoro\",\"url\":\"http:\\\/\\\/toroestoro.com\\\/\",\"logo\":{\"@type\":\"ImageObject\",\"inLanguage\":\"es\",\"@id\":\"http:\\\/\\\/toroestoro.com\\\/#\\\/schema\\\/logo\\\/image\\\/\",\"url\":\"http:\\\/\\\/toroestoro.com\\\/wp-content\\\/uploads\\\/2021\\\/07\\\/favico.jpg\",\"contentUrl\":\"http:\\\/\\\/toroestoro.com\\\/wp-content\\\/uploads\\\/2021\\\/07\\\/favico.jpg\",\"width\":512,\"height\":512,\"caption\":\"toroestoro\"},\"image\":{\"@id\":\"http:\\\/\\\/toroestoro.com\\\/#\\\/schema\\\/logo\\\/image\\\/\"},\"sameAs\":[\"https:\\\/\\\/www.facebook.com\\\/toroestoro\",\"https:\\\/\\\/x.com\\\/toroestoro\",\"https:\\\/\\\/www.instagram.com\\\/todoestoro\"]},{\"@type\":\"Person\",\"@id\":\"http:\\\/\\\/toroestoro.com\\\/#\\\/schema\\\/person\\\/624c24746a7d3f17e92f34ff5708ff14\",\"name\":\"Comunicado\",\"image\":{\"@type\":\"ImageObject\",\"inLanguage\":\"es\",\"@id\":\"https:\\\/\\\/secure.gravatar.com\\\/avatar\\\/8a95837464d6783a44b98ed73c0b9211897cc3e73fa68b003620b702a13e4096?s=96&d=mm&r=g\",\"url\":\"https:\\\/\\\/secure.gravatar.com\\\/avatar\\\/8a95837464d6783a44b98ed73c0b9211897cc3e73fa68b003620b702a13e4096?s=96&d=mm&r=g\",\"contentUrl\":\"https:\\\/\\\/secure.gravatar.com\\\/avatar\\\/8a95837464d6783a44b98ed73c0b9211897cc3e73fa68b003620b702a13e4096?s=96&d=mm&r=g\",\"caption\":\"Comunicado\"},\"url\":\"https:\\\/\\\/toroestoro.com\\\/?author=9\"}]}<\/script>\n<!-- \/ Yoast SEO plugin. -->","yoast_head_json":{"title":"Miriam Cabas a hombros en la Corrida Mixta del Pueblo - toroestoro","robots":{"index":"index","follow":"follow","max-snippet":"max-snippet:-1","max-image-preview":"max-image-preview:large","max-video-preview":"max-video-preview:-1"},"canonical":"https:\/\/toroestoro.com\/?p=55919","og_locale":"es_MX","og_type":"article","og_title":"Miriam Cabas a hombros en la Corrida Mixta del Pueblo - toroestoro","og_description":"La Plaza de Toros Juli\u00e1n Llaguno vivi\u00f3 una tarde de aut\u00e9ntico ambiente grande con motivo de la Corrida Mixta del Pueblo, en la que el p\u00fablico respondi\u00f3 con un lleno hasta la bandera, confirmando una vez m\u00e1s la profunda afici\u00f3n taurina que distingue a Tlaltenango....","og_url":"https:\/\/toroestoro.com\/?p=55919","og_site_name":"toroestoro","article_publisher":"https:\/\/www.facebook.com\/toroestoro","article_published_time":"2026-01-05T04:39:00+00:00","og_image":[{"width":600,"height":399,"url":"https:\/\/i0.wp.com\/toroestoro.com\/wp-content\/uploads\/2026\/01\/cabastlaltenango4012026.jpg?fit=600%2C399&ssl=1","type":"image\/jpeg"}],"author":"Comunicado","twitter_card":"summary_large_image","twitter_creator":"@toroestoro","twitter_site":"@toroestoro","twitter_misc":{"Escrito por":"Comunicado","Tiempo de lectura":"2 minutos"},"schema":{"@context":"https:\/\/schema.org","@graph":[{"@type":"Article","@id":"https:\/\/toroestoro.com\/?p=55919#article","isPartOf":{"@id":"https:\/\/toroestoro.com\/?p=55919"},"author":{"name":"Comunicado","@id":"http:\/\/toroestoro.com\/#\/schema\/person\/624c24746a7d3f17e92f34ff5708ff14"},"headline":"Miriam Cabas a hombros en la Corrida Mixta del Pueblo","datePublished":"2026-01-05T04:39:00+00:00","mainEntityOfPage":{"@id":"https:\/\/toroestoro.com\/?p=55919"},"wordCount":335,"commentCount":0,"publisher":{"@id":"http:\/\/toroestoro.com\/#organization"},"image":{"@id":"https:\/\/toroestoro.com\/?p=55919#primaryimage"},"thumbnailUrl":"https:\/\/i0.wp.com\/toroestoro.com\/wp-content\/uploads\/2026\/01\/cabastlaltenango4012026.jpg?fit=600%2C399&ssl=1","articleSection":["2026","Resultados"],"inLanguage":"es","potentialAction":[{"@type":"CommentAction","name":"Comment","target":["https:\/\/toroestoro.com\/?p=55919#respond"]}]},{"@type":"WebPage","@id":"https:\/\/toroestoro.com\/?p=55919","url":"https:\/\/toroestoro.com\/?p=55919","name":"Miriam Cabas a hombros en la Corrida Mixta del Pueblo - toroestoro","isPartOf":{"@id":"http:\/\/toroestoro.com\/#website"},"primaryImageOfPage":{"@id":"https:\/\/toroestoro.com\/?p=55919#primaryimage"},"image":{"@id":"https:\/\/toroestoro.com\/?p=55919#primaryimage"},"thumbnailUrl":"https:\/\/i0.wp.com\/toroestoro.com\/wp-content\/uploads\/2026\/01\/cabastlaltenango4012026.jpg?fit=600%2C399&ssl=1","datePublished":"2026-01-05T04:39:00+00:00","breadcrumb":{"@id":"https:\/\/toroestoro.com\/?p=55919#breadcrumb"},"inLanguage":"es","potentialAction":[{"@type":"ReadAction","target":["https:\/\/toroestoro.com\/?p=55919"]}]},{"@type":"ImageObject","inLanguage":"es","@id":"https:\/\/toroestoro.com\/?p=55919#primaryimage","url":"https:\/\/i0.wp.com\/toroestoro.com\/wp-content\/uploads\/2026\/01\/cabastlaltenango4012026.jpg?fit=600%2C399&ssl=1","contentUrl":"https:\/\/i0.wp.com\/toroestoro.com\/wp-content\/uploads\/2026\/01\/cabastlaltenango4012026.jpg?fit=600%2C399&ssl=1","width":600,"height":399},{"@type":"BreadcrumbList","@id":"https:\/\/toroestoro.com\/?p=55919#breadcrumb","itemListElement":[{"@type":"ListItem","position":1,"name":"Inicio","item":"http:\/\/toroestoro.com\/"},{"@type":"ListItem","position":2,"name":"Miriam Cabas a hombros en la Corrida Mixta del Pueblo"}]},{"@type":"WebSite","@id":"http:\/\/toroestoro.com\/#website","url":"http:\/\/toroestoro.com\/","name":"toroestoro","description":"Por Amor al Arte","publisher":{"@id":"http:\/\/toroestoro.com\/#organization"},"potentialAction":[{"@type":"SearchAction","target":{"@type":"EntryPoint","urlTemplate":"http:\/\/toroestoro.com\/?s={search_term_string}"},"query-input":{"@type":"PropertyValueSpecification","valueRequired":true,"valueName":"search_term_string"}}],"inLanguage":"es"},{"@type":"Organization","@id":"http:\/\/toroestoro.com\/#organization","name":"toroestoro","url":"http:\/\/toroestoro.com\/","logo":{"@type":"ImageObject","inLanguage":"es","@id":"http:\/\/toroestoro.com\/#\/schema\/logo\/image\/","url":"http:\/\/toroestoro.com\/wp-content\/uploads\/2021\/07\/favico.jpg","contentUrl":"http:\/\/toroestoro.com\/wp-content\/uploads\/2021\/07\/favico.jpg","width":512,"height":512,"caption":"toroestoro"},"image":{"@id":"http:\/\/toroestoro.com\/#\/schema\/logo\/image\/"},"sameAs":["https:\/\/www.facebook.com\/toroestoro","https:\/\/x.com\/toroestoro","https:\/\/www.instagram.com\/todoestoro"]},{"@type":"Person","@id":"http:\/\/toroestoro.com\/#\/schema\/person\/624c24746a7d3f17e92f34ff5708ff14","name":"Comunicado","image":{"@type":"ImageObject","inLanguage":"es","@id":"https:\/\/secure.gravatar.com\/avatar\/8a95837464d6783a44b98ed73c0b9211897cc3e73fa68b003620b702a13e4096?s=96&d=mm&r=g","url":"https:\/\/secure.gravatar.com\/avatar\/8a95837464d6783a44b98ed73c0b9211897cc3e73fa68b003620b702a13e4096?s=96&d=mm&r=g","contentUrl":"https:\/\/secure.gravatar.com\/avatar\/8a95837464d6783a44b98ed73c0b9211897cc3e73fa68b003620b702a13e4096?s=96&d=mm&r=g","caption":"Comunicado"},"url":"https:\/\/toroestoro.com\/?author=9"}]}},"jetpack_featured_media_url":"https:\/\/i0.wp.com\/toroestoro.com\/wp-content\/uploads\/2026\/01\/cabastlaltenango4012026.jpg?fit=600%2C399&ssl=1","jetpack_likes_enabled":true,"jetpack_sharing_enabled":true,"_links":{"self":[{"href":"https:\/\/toroestoro.com\/index.php?rest_route=\/wp\/v2\/posts\/55919","targetHints":{"allow":["GET"]}}],"collection":[{"href":"https:\/\/toroestoro.com\/index.php?rest_route=\/wp\/v2\/posts"}],"about":[{"href":"https:\/\/toroestoro.com\/index.php?rest_route=\/wp\/v2\/types\/post"}],"author":[{"embeddable":true,"href":"https:\/\/toroestoro.com\/index.php?rest_route=\/wp\/v2\/users\/9"}],"replies":[{"embeddable":true,"href":"https:\/\/toroestoro.com\/index.php?rest_route=%2Fwp%2Fv2%2Fcomments&post=55919"}],"version-history":[{"count":0,"href":"https:\/\/toroestoro.com\/index.php?rest_route=\/wp\/v2\/posts\/55919\/revisions"}],"wp:featuredmedia":[{"embeddable":true,"href":"https:\/\/toroestoro.com\/index.php?rest_route=\/wp\/v2\/media\/55918"}],"wp:attachment":[{"href":"https:\/\/toroestoro.com\/index.php?rest_route=%2Fwp%2Fv2%2Fmedia&parent=55919"}],"wp:term":[{"taxonomy":"category","embeddable":true,"href":"https:\/\/toroestoro.com\/index.php?rest_route=%2Fwp%2Fv2%2Fcategories&post=55919"},{"taxonomy":"post_tag","embeddable":true,"href":"https:\/\/toroestoro.com\/index.php?rest_route=%2Fwp%2Fv2%2Ftags&post=55919"}],"curies":[{"name":"wp","href":"https:\/\/api.w.org\/{rel}","templated":true}]}}