{"id":55933,"date":"2026-01-10T18:52:23","date_gmt":"2026-01-11T00:52:23","guid":{"rendered":"http:\/\/toroestoro.com\/?p=55933"},"modified":"2026-01-10T18:52:23","modified_gmt":"2026-01-11T00:52:23","slug":"la-terna-a-hombros-de-la-6ta-de-manizales","status":"publish","type":"post","link":"https:\/\/toroestoro.com\/?p=55933","title":{"rendered":"La terna a hombros de la 6ta de Manizales"},"content":{"rendered":"<h2 class=\"sub-title-primary\"><\/h2> \n<p>La sexta corrida de feria dej\u00f3 el resultado de 6 orejas, los tres diestros abandonaron el coso a hombros.<\/p>\n\n\n\n<p>La plaza registr\u00f3 3\/4 de entrada, se despacharon 5 ejemplares de la ganader\u00eda de <em>Juan Bernardo Caicedo<\/em> que fueron disparejos en tipo y juego, destac\u00f3 el 3ro que fue premiado con la vuelta, adem\u00e1s se lidi\u00f3 un ejemplar de <em>Las Ventas<\/em> que fue malo.<\/p>\n\n\n\n<p><strong>Luis Bolivar<\/strong>: Silencio y dos orejas.<\/p>\n\n\n\n<p><strong>Daniel Luque<\/strong>: Dos orejas y silencio.<\/p>\n\n\n\n<p><strong>Marco P\u00e9rez<\/strong>: Dos orejas y silencio tras aviso.<\/p>\n","protected":false},"excerpt":{"rendered":"<p>La sexta corrida de feria dej\u00f3 el resultado de 6 orejas, los tres diestros abandonaron el coso a hombros. La plaza registr\u00f3 3\/4 de entrada, se despacharon 5 ejemplares de la ganader\u00eda de Juan Bernardo Caicedo que fueron disparejos en tipo y juego, destac\u00f3 el&#8230;<\/p>\n","protected":false},"author":10,"featured_media":55932,"comment_status":"open","ping_status":"open","sticky":false,"template":"","format":"standard","meta":{"ngg_post_thumbnail":0,"jetpack_post_was_ever_published":false,"_jetpack_newsletter_access":"","_jetpack_dont_email_post_to_subs":false,"_jetpack_newsletter_tier_id":0,"_jetpack_memberships_contains_paywalled_content":false,"_jetpack_memberships_contains_paid_content":false,"footnotes":""},"categories":[527,99],"tags":[],"class_list":["post-55933","post","type-post","status-publish","format-standard","has-post-thumbnail","hentry","category-527","category-colombia"],"yoast_head":"<!-- This site is optimized with the Yoast SEO plugin v27.5 - https:\/\/yoast.com\/product\/yoast-seo-wordpress\/ -->\n<title>La terna a hombros de la 6ta de Manizales - toroestoro<\/title>\n<meta name=\"robots\" content=\"index, follow, max-snippet:-1, max-image-preview:large, max-video-preview:-1\" \/>\n<link rel=\"canonical\" href=\"http:\/\/toroestoro.com\/?p=55933\" \/>\n<meta property=\"og:locale\" content=\"es_MX\" \/>\n<meta property=\"og:type\" content=\"article\" \/>\n<meta property=\"og:title\" content=\"La terna a hombros de la 6ta de Manizales - toroestoro\" \/>\n<meta property=\"og:description\" content=\"La sexta corrida de feria dej\u00f3 el resultado de 6 orejas, los tres diestros abandonaron el coso a hombros. La plaza registr\u00f3 3\/4 de entrada, se despacharon 5 ejemplares de la ganader\u00eda de Juan Bernardo Caicedo que fueron disparejos en tipo y juego, destac\u00f3 el...\" \/>\n<meta property=\"og:url\" content=\"http:\/\/toroestoro.com\/?p=55933\" \/>\n<meta property=\"og:site_name\" content=\"toroestoro\" \/>\n<meta property=\"article:publisher\" content=\"https:\/\/www.facebook.com\/toroestoro\" \/>\n<meta property=\"article:published_time\" content=\"2026-01-11T00:52:23+00:00\" \/>\n<meta property=\"og:image\" content=\"https:\/\/i0.wp.com\/toroestoro.com\/wp-content\/uploads\/2026\/01\/bolivarluqueperezmanizales.jpg?fit=600%2C519\" \/>\n\t<meta property=\"og:image:width\" content=\"600\" \/>\n\t<meta property=\"og:image:height\" content=\"519\" \/>\n\t<meta property=\"og:image:type\" content=\"image\/jpeg\" \/>\n<meta name=\"author\" content=\"Redacci\u00f3n\" \/>\n<meta name=\"twitter:card\" content=\"summary_large_image\" \/>\n<meta name=\"twitter:creator\" content=\"@toroestoro\" \/>\n<meta name=\"twitter:site\" content=\"@toroestoro\" \/>\n<meta name=\"twitter:label1\" content=\"Escrito por\" \/>\n\t<meta name=\"twitter:data1\" content=\"Redacci\u00f3n\" \/>\n<script type=\"application\/ld+json\" class=\"yoast-schema-graph\">{\"@context\":\"https:\\\/\\\/schema.org\",\"@graph\":[{\"@type\":\"Article\",\"@id\":\"http:\\\/\\\/toroestoro.com\\\/?p=55933#article\",\"isPartOf\":{\"@id\":\"http:\\\/\\\/toroestoro.com\\\/?p=55933\"},\"author\":{\"name\":\"Redacci\u00f3n\",\"@id\":\"https:\\\/\\\/toroestoro.com\\\/#\\\/schema\\\/person\\\/933b198dfa5b65c815857a81fe9774e5\"},\"headline\":\"La terna a hombros de la 6ta de Manizales\",\"datePublished\":\"2026-01-11T00:52:23+00:00\",\"mainEntityOfPage\":{\"@id\":\"http:\\\/\\\/toroestoro.com\\\/?p=55933\"},\"wordCount\":92,\"commentCount\":0,\"publisher\":{\"@id\":\"https:\\\/\\\/toroestoro.com\\\/#organization\"},\"image\":{\"@id\":\"http:\\\/\\\/toroestoro.com\\\/?p=55933#primaryimage\"},\"thumbnailUrl\":\"https:\\\/\\\/i0.wp.com\\\/toroestoro.com\\\/wp-content\\\/uploads\\\/2026\\\/01\\\/bolivarluqueperezmanizales.jpg?fit=600%2C519&ssl=1\",\"articleSection\":[\"2026\",\"Colombia\"],\"inLanguage\":\"es\",\"potentialAction\":[{\"@type\":\"CommentAction\",\"name\":\"Comment\",\"target\":[\"http:\\\/\\\/toroestoro.com\\\/?p=55933#respond\"]}]},{\"@type\":\"WebPage\",\"@id\":\"http:\\\/\\\/toroestoro.com\\\/?p=55933\",\"url\":\"http:\\\/\\\/toroestoro.com\\\/?p=55933\",\"name\":\"La terna a hombros de la 6ta de Manizales - toroestoro\",\"isPartOf\":{\"@id\":\"https:\\\/\\\/toroestoro.com\\\/#website\"},\"primaryImageOfPage\":{\"@id\":\"http:\\\/\\\/toroestoro.com\\\/?p=55933#primaryimage\"},\"image\":{\"@id\":\"http:\\\/\\\/toroestoro.com\\\/?p=55933#primaryimage\"},\"thumbnailUrl\":\"https:\\\/\\\/i0.wp.com\\\/toroestoro.com\\\/wp-content\\\/uploads\\\/2026\\\/01\\\/bolivarluqueperezmanizales.jpg?fit=600%2C519&ssl=1\",\"datePublished\":\"2026-01-11T00:52:23+00:00\",\"breadcrumb\":{\"@id\":\"http:\\\/\\\/toroestoro.com\\\/?p=55933#breadcrumb\"},\"inLanguage\":\"es\",\"potentialAction\":[{\"@type\":\"ReadAction\",\"target\":[\"http:\\\/\\\/toroestoro.com\\\/?p=55933\"]}]},{\"@type\":\"ImageObject\",\"inLanguage\":\"es\",\"@id\":\"http:\\\/\\\/toroestoro.com\\\/?p=55933#primaryimage\",\"url\":\"https:\\\/\\\/i0.wp.com\\\/toroestoro.com\\\/wp-content\\\/uploads\\\/2026\\\/01\\\/bolivarluqueperezmanizales.jpg?fit=600%2C519&ssl=1\",\"contentUrl\":\"https:\\\/\\\/i0.wp.com\\\/toroestoro.com\\\/wp-content\\\/uploads\\\/2026\\\/01\\\/bolivarluqueperezmanizales.jpg?fit=600%2C519&ssl=1\",\"width\":600,\"height\":519},{\"@type\":\"BreadcrumbList\",\"@id\":\"http:\\\/\\\/toroestoro.com\\\/?p=55933#breadcrumb\",\"itemListElement\":[{\"@type\":\"ListItem\",\"position\":1,\"name\":\"Inicio\",\"item\":\"https:\\\/\\\/toroestoro.com\\\/\"},{\"@type\":\"ListItem\",\"position\":2,\"name\":\"La terna a hombros de la 6ta de Manizales\"}]},{\"@type\":\"WebSite\",\"@id\":\"https:\\\/\\\/toroestoro.com\\\/#website\",\"url\":\"https:\\\/\\\/toroestoro.com\\\/\",\"name\":\"toroestoro\",\"description\":\"Por Amor al Arte\",\"publisher\":{\"@id\":\"https:\\\/\\\/toroestoro.com\\\/#organization\"},\"potentialAction\":[{\"@type\":\"SearchAction\",\"target\":{\"@type\":\"EntryPoint\",\"urlTemplate\":\"https:\\\/\\\/toroestoro.com\\\/?s={search_term_string}\"},\"query-input\":{\"@type\":\"PropertyValueSpecification\",\"valueRequired\":true,\"valueName\":\"search_term_string\"}}],\"inLanguage\":\"es\"},{\"@type\":\"Organization\",\"@id\":\"https:\\\/\\\/toroestoro.com\\\/#organization\",\"name\":\"toroestoro\",\"url\":\"https:\\\/\\\/toroestoro.com\\\/\",\"logo\":{\"@type\":\"ImageObject\",\"inLanguage\":\"es\",\"@id\":\"https:\\\/\\\/toroestoro.com\\\/#\\\/schema\\\/logo\\\/image\\\/\",\"url\":\"http:\\\/\\\/toroestoro.com\\\/wp-content\\\/uploads\\\/2021\\\/07\\\/favico.jpg\",\"contentUrl\":\"http:\\\/\\\/toroestoro.com\\\/wp-content\\\/uploads\\\/2021\\\/07\\\/favico.jpg\",\"width\":512,\"height\":512,\"caption\":\"toroestoro\"},\"image\":{\"@id\":\"https:\\\/\\\/toroestoro.com\\\/#\\\/schema\\\/logo\\\/image\\\/\"},\"sameAs\":[\"https:\\\/\\\/www.facebook.com\\\/toroestoro\",\"https:\\\/\\\/x.com\\\/toroestoro\",\"https:\\\/\\\/www.instagram.com\\\/todoestoro\"]},{\"@type\":\"Person\",\"@id\":\"https:\\\/\\\/toroestoro.com\\\/#\\\/schema\\\/person\\\/933b198dfa5b65c815857a81fe9774e5\",\"name\":\"Redacci\u00f3n\",\"image\":{\"@type\":\"ImageObject\",\"inLanguage\":\"es\",\"@id\":\"https:\\\/\\\/secure.gravatar.com\\\/avatar\\\/2ef3acee155e3cf538f358329cebdf6b724fd4160d1649ba34cfacefd1c0580c?s=96&d=mm&r=g\",\"url\":\"https:\\\/\\\/secure.gravatar.com\\\/avatar\\\/2ef3acee155e3cf538f358329cebdf6b724fd4160d1649ba34cfacefd1c0580c?s=96&d=mm&r=g\",\"contentUrl\":\"https:\\\/\\\/secure.gravatar.com\\\/avatar\\\/2ef3acee155e3cf538f358329cebdf6b724fd4160d1649ba34cfacefd1c0580c?s=96&d=mm&r=g\",\"caption\":\"Redacci\u00f3n\"},\"url\":\"https:\\\/\\\/toroestoro.com\\\/?author=10\"}]}<\/script>\n<!-- \/ Yoast SEO plugin. -->","yoast_head_json":{"title":"La terna a hombros de la 6ta de Manizales - toroestoro","robots":{"index":"index","follow":"follow","max-snippet":"max-snippet:-1","max-image-preview":"max-image-preview:large","max-video-preview":"max-video-preview:-1"},"canonical":"http:\/\/toroestoro.com\/?p=55933","og_locale":"es_MX","og_type":"article","og_title":"La terna a hombros de la 6ta de Manizales - toroestoro","og_description":"La sexta corrida de feria dej\u00f3 el resultado de 6 orejas, los tres diestros abandonaron el coso a hombros. La plaza registr\u00f3 3\/4 de entrada, se despacharon 5 ejemplares de la ganader\u00eda de Juan Bernardo Caicedo que fueron disparejos en tipo y juego, destac\u00f3 el...","og_url":"http:\/\/toroestoro.com\/?p=55933","og_site_name":"toroestoro","article_publisher":"https:\/\/www.facebook.com\/toroestoro","article_published_time":"2026-01-11T00:52:23+00:00","og_image":[{"width":600,"height":519,"url":"https:\/\/i0.wp.com\/toroestoro.com\/wp-content\/uploads\/2026\/01\/bolivarluqueperezmanizales.jpg?fit=600%2C519","type":"image\/jpeg"}],"author":"Redacci\u00f3n","twitter_card":"summary_large_image","twitter_creator":"@toroestoro","twitter_site":"@toroestoro","twitter_misc":{"Escrito por":"Redacci\u00f3n"},"schema":{"@context":"https:\/\/schema.org","@graph":[{"@type":"Article","@id":"http:\/\/toroestoro.com\/?p=55933#article","isPartOf":{"@id":"http:\/\/toroestoro.com\/?p=55933"},"author":{"name":"Redacci\u00f3n","@id":"https:\/\/toroestoro.com\/#\/schema\/person\/933b198dfa5b65c815857a81fe9774e5"},"headline":"La terna a hombros de la 6ta de Manizales","datePublished":"2026-01-11T00:52:23+00:00","mainEntityOfPage":{"@id":"http:\/\/toroestoro.com\/?p=55933"},"wordCount":92,"commentCount":0,"publisher":{"@id":"https:\/\/toroestoro.com\/#organization"},"image":{"@id":"http:\/\/toroestoro.com\/?p=55933#primaryimage"},"thumbnailUrl":"https:\/\/i0.wp.com\/toroestoro.com\/wp-content\/uploads\/2026\/01\/bolivarluqueperezmanizales.jpg?fit=600%2C519&ssl=1","articleSection":["2026","Colombia"],"inLanguage":"es","potentialAction":[{"@type":"CommentAction","name":"Comment","target":["http:\/\/toroestoro.com\/?p=55933#respond"]}]},{"@type":"WebPage","@id":"http:\/\/toroestoro.com\/?p=55933","url":"http:\/\/toroestoro.com\/?p=55933","name":"La terna a hombros de la 6ta de Manizales - toroestoro","isPartOf":{"@id":"https:\/\/toroestoro.com\/#website"},"primaryImageOfPage":{"@id":"http:\/\/toroestoro.com\/?p=55933#primaryimage"},"image":{"@id":"http:\/\/toroestoro.com\/?p=55933#primaryimage"},"thumbnailUrl":"https:\/\/i0.wp.com\/toroestoro.com\/wp-content\/uploads\/2026\/01\/bolivarluqueperezmanizales.jpg?fit=600%2C519&ssl=1","datePublished":"2026-01-11T00:52:23+00:00","breadcrumb":{"@id":"http:\/\/toroestoro.com\/?p=55933#breadcrumb"},"inLanguage":"es","potentialAction":[{"@type":"ReadAction","target":["http:\/\/toroestoro.com\/?p=55933"]}]},{"@type":"ImageObject","inLanguage":"es","@id":"http:\/\/toroestoro.com\/?p=55933#primaryimage","url":"https:\/\/i0.wp.com\/toroestoro.com\/wp-content\/uploads\/2026\/01\/bolivarluqueperezmanizales.jpg?fit=600%2C519&ssl=1","contentUrl":"https:\/\/i0.wp.com\/toroestoro.com\/wp-content\/uploads\/2026\/01\/bolivarluqueperezmanizales.jpg?fit=600%2C519&ssl=1","width":600,"height":519},{"@type":"BreadcrumbList","@id":"http:\/\/toroestoro.com\/?p=55933#breadcrumb","itemListElement":[{"@type":"ListItem","position":1,"name":"Inicio","item":"https:\/\/toroestoro.com\/"},{"@type":"ListItem","position":2,"name":"La terna a hombros de la 6ta de Manizales"}]},{"@type":"WebSite","@id":"https:\/\/toroestoro.com\/#website","url":"https:\/\/toroestoro.com\/","name":"toroestoro","description":"Por Amor al Arte","publisher":{"@id":"https:\/\/toroestoro.com\/#organization"},"potentialAction":[{"@type":"SearchAction","target":{"@type":"EntryPoint","urlTemplate":"https:\/\/toroestoro.com\/?s={search_term_string}"},"query-input":{"@type":"PropertyValueSpecification","valueRequired":true,"valueName":"search_term_string"}}],"inLanguage":"es"},{"@type":"Organization","@id":"https:\/\/toroestoro.com\/#organization","name":"toroestoro","url":"https:\/\/toroestoro.com\/","logo":{"@type":"ImageObject","inLanguage":"es","@id":"https:\/\/toroestoro.com\/#\/schema\/logo\/image\/","url":"http:\/\/toroestoro.com\/wp-content\/uploads\/2021\/07\/favico.jpg","contentUrl":"http:\/\/toroestoro.com\/wp-content\/uploads\/2021\/07\/favico.jpg","width":512,"height":512,"caption":"toroestoro"},"image":{"@id":"https:\/\/toroestoro.com\/#\/schema\/logo\/image\/"},"sameAs":["https:\/\/www.facebook.com\/toroestoro","https:\/\/x.com\/toroestoro","https:\/\/www.instagram.com\/todoestoro"]},{"@type":"Person","@id":"https:\/\/toroestoro.com\/#\/schema\/person\/933b198dfa5b65c815857a81fe9774e5","name":"Redacci\u00f3n","image":{"@type":"ImageObject","inLanguage":"es","@id":"https:\/\/secure.gravatar.com\/avatar\/2ef3acee155e3cf538f358329cebdf6b724fd4160d1649ba34cfacefd1c0580c?s=96&d=mm&r=g","url":"https:\/\/secure.gravatar.com\/avatar\/2ef3acee155e3cf538f358329cebdf6b724fd4160d1649ba34cfacefd1c0580c?s=96&d=mm&r=g","contentUrl":"https:\/\/secure.gravatar.com\/avatar\/2ef3acee155e3cf538f358329cebdf6b724fd4160d1649ba34cfacefd1c0580c?s=96&d=mm&r=g","caption":"Redacci\u00f3n"},"url":"https:\/\/toroestoro.com\/?author=10"}]}},"jetpack_featured_media_url":"https:\/\/i0.wp.com\/toroestoro.com\/wp-content\/uploads\/2026\/01\/bolivarluqueperezmanizales.jpg?fit=600%2C519&ssl=1","jetpack_likes_enabled":true,"jetpack_sharing_enabled":true,"_links":{"self":[{"href":"https:\/\/toroestoro.com\/index.php?rest_route=\/wp\/v2\/posts\/55933","targetHints":{"allow":["GET"]}}],"collection":[{"href":"https:\/\/toroestoro.com\/index.php?rest_route=\/wp\/v2\/posts"}],"about":[{"href":"https:\/\/toroestoro.com\/index.php?rest_route=\/wp\/v2\/types\/post"}],"author":[{"embeddable":true,"href":"https:\/\/toroestoro.com\/index.php?rest_route=\/wp\/v2\/users\/10"}],"replies":[{"embeddable":true,"href":"https:\/\/toroestoro.com\/index.php?rest_route=%2Fwp%2Fv2%2Fcomments&post=55933"}],"version-history":[{"count":0,"href":"https:\/\/toroestoro.com\/index.php?rest_route=\/wp\/v2\/posts\/55933\/revisions"}],"wp:featuredmedia":[{"embeddable":true,"href":"https:\/\/toroestoro.com\/index.php?rest_route=\/wp\/v2\/media\/55932"}],"wp:attachment":[{"href":"https:\/\/toroestoro.com\/index.php?rest_route=%2Fwp%2Fv2%2Fmedia&parent=55933"}],"wp:term":[{"taxonomy":"category","embeddable":true,"href":"https:\/\/toroestoro.com\/index.php?rest_route=%2Fwp%2Fv2%2Fcategories&post=55933"},{"taxonomy":"post_tag","embeddable":true,"href":"https:\/\/toroestoro.com\/index.php?rest_route=%2Fwp%2Fv2%2Ftags&post=55933"}],"curies":[{"name":"wp","href":"https:\/\/api.w.org\/{rel}","templated":true}]}}